{"id":13126,"date":"2021-04-19T21:34:00","date_gmt":"2021-04-19T19:34:00","guid":{"rendered":"https:\/\/wncri.org\/fr\/?p=13126"},"modified":"2021-04-20T21:38:19","modified_gmt":"2021-04-20T19:38:19","slug":"maryam-akbari-monfared-privee","status":"publish","type":"post","link":"https:\/\/wncri.org\/fr\/2021\/04\/19\/maryam-akbari-monfared-privee\/","title":{"rendered":"La prisonni\u00e8re politique Maryam Akbari Monfared priv\u00e9e d&#8217;appeler sa famille"},"content":{"rendered":"\n<p>La prisonni\u00e8re politique Maryam Akbari Monfared priv\u00e9e d&#8217;appeler sa famille<\/p>\n\n\n\n<p>CNRI Femmes &#8211; La prisonni\u00e8re politique en Iran Maryam Akbari Monfared a \u00e9t\u00e9 priv\u00e9e de parler \u00e0 sa famille le dimanche 18 avril 2021.<\/p>\n\n\n\n<p>Maryam Akbari \u00e9tait cens\u00e9e appeler sa famille \u00e0 18 heures ce dimanche. Mais l&#8217;agent qui la surveille et l&#8217;accompagne lors de ses appels a eu une heure de retard. Maryam Akbari a donc protest\u00e9 et l&#8217;agent a r\u00e9agi en coupant brusquement son appel. Elle n&#8217;a pas \u00e9t\u00e9 autoris\u00e9e \u00e0 rappeler et \u00e0 poursuivre sa conversation avec sa famille.<\/p>\n\n\n\n<p>La prisonni\u00e8re politique Maryam Akbari Monfared a \u00e9t\u00e9 <a href=\"https:\/\/wncri.org\/fr\/2021\/03\/10\/prisonniere-politique-maryam-akbari\/\" target=\"_blank\" rel=\"noreferrer noopener\">brusquement exil\u00e9e \u00e0 la prison<\/a> de Semnan le 9 mars 2021. Depuis qu&#8217;elle a \u00e9t\u00e9 transf\u00e9r\u00e9e violemment et de force de la prison d&#8217;Evine, elle subit une double pression et des restrictions.<\/p>\n\n\n\n<p>Mme Akbari Monfared est d\u00e9tenue parmi les prisonni\u00e8res ordinaires dans la section g\u00e9n\u00e9rale de la prison de Semnan, en violation du principe de s\u00e9paration des crimes.<\/p>\n\n\n\n<p>Les conditions sanitaires dans cette section de la prison de Semnan sont d\u00e9plorables. Malgr\u00e9 l&#8217;apparition g\u00e9n\u00e9ralis\u00e9e du coronavirus dans les prisons, tout le monde utilise les m\u00eames savates. Les autorit\u00e9s p\u00e9nitentiaires ne fournissent pas de d\u00e9tergents ou de d\u00e9sinfectants aux d\u00e9tenues.<\/p>\n\n\n\n<p>Mme Akbari Monfared dispose d&#8217;un temps tr\u00e8s limit\u00e9 pour passer ses appels quotidiens, qui se font dans le bureau de la s\u00e9curit\u00e9 de la prison et en pr\u00e9sence d&#8217;un gardien.<\/p>\n\n\n\n<p>Maryam Akbari Monfared a trois filles et purge sa 12e ann\u00e9e de prison. Elle a \u00e9t\u00e9 arr\u00eat\u00e9e le 31 d\u00e9cembre 2009, apr\u00e8s le formidable soul\u00e8vement du 27 d\u00e9cembre de la m\u00eame ann\u00e9e qui a \u00e9branl\u00e9 les piliers du r\u00e9gime. En juin 2010, le tribunal r\u00e9volutionnaire de T\u00e9h\u00e9ran l\u2019a condamn\u00e9 pour \u00ab&nbsp;guerre contre Dieu&nbsp;\u00bb \u00e0 15 ans de prison pour &#8220;appartenance \u00e0 l&#8217;Organisation des Moudjahidine du peuple d&#8217;Iran&#8221;, une accusation que Mme Akbari n&#8217;a jamais accept\u00e9e. Elle est en prison sans un seul jour de permission de sortie depuis son arrestation. Elle souffre d&#8217;un dysfonctionnement de la thyro\u00efde et de rhumatismes articulaires.<\/p>\n\n\n\n<p>La s\u0153ur et le fr\u00e8re de Maryam Akbari ont \u00e9t\u00e9 ex\u00e9cut\u00e9s <a href=\"https:\/\/wncri.org\/fr\/2017\/11\/05\/iran-un-groupe-de-travail-de-l-onu-a-accepte-la-plainte-de-maryam-akbari\/\" target=\"_blank\" rel=\"noreferrer noopener\">lors du massacre des prisonniers politiques<\/a> \u00e0 l&#8217;\u00e9t\u00e9 1988. Deux autres de ses fr\u00e8res ont \u00e9t\u00e9 ex\u00e9cut\u00e9s lors des ex\u00e9cutions de masse du d\u00e9but des ann\u00e9es 1980.<\/p>\n","protected":false},"excerpt":{"rendered":"<p>La prisonni\u00e8re politique Maryam Akbari Monfared priv\u00e9e d&#8217;appeler sa famille CNRI Femmes &#8211; La prisonni\u00e8re politique en Iran Maryam Akbari Monfared a \u00e9t\u00e9 priv\u00e9e de parler \u00e0 sa famille le dimanche 18 avril 2021. Maryam Akbari \u00e9tait cens\u00e9e appeler sa famille \u00e0 18 heures ce dimanche. Mais l&#8217;agent qui la surveille et l&#8217;accompagne lors de [&hellip;]<\/p>\n","protected":false},"author":4,"featured_media":13127,"comment_status":"closed","ping_status":"closed","sticky":false,"template":"","format":"standard","meta":{"jnews-multi-image_gallery":[],"jnews_single_post":{"subtitle":"","format":"standard","video":"","gallery":"","source_name":"","source_url":"","via_name":"","via_url":"","override":[{"single_blog_custom":"","sidebar":"","second_sidebar":"","share_position":"","share_float_style":"","post_date_format":"","post_date_format_custom":"","post_reading_time_wpm":"","zoom_button_out_step":"1","zoom_button_in_step":"1","number_popup_post":"1"}],"image_override":[{"single_post_thumbnail_size":"","single_post_gallery_size":""}],"trending_post_position":"","trending_post_label":"","sponsored_post_label":"","sponsored_post_name":"","sponsored_post_url":"","sponsored_post_logo":"","sponsored_post_desc":""},"jnews_primary_category":{"id":""},"jnews_social_meta":[],"jnews_override_counter":{"view_counter_number":"0","share_counter_number":"0","like_counter_number":"0","dislike_counter_number":"0"},"footnotes":""},"categories":[3],"tags":[370],"class_list":["post-13126","post","type-post","status-publish","format-standard","has-post-thumbnail","hentry","category-infos-des-femmes","tag-prisonnieres"],"_links":{"self":[{"href":"https:\/\/wncri.org\/fr\/wp-json\/wp\/v2\/posts\/13126","targetHints":{"allow":["GET"]}}],"collection":[{"href":"https:\/\/wncri.org\/fr\/wp-json\/wp\/v2\/posts"}],"about":[{"href":"https:\/\/wncri.org\/fr\/wp-json\/wp\/v2\/types\/post"}],"author":[{"embeddable":true,"href":"https:\/\/wncri.org\/fr\/wp-json\/wp\/v2\/users\/4"}],"replies":[{"embeddable":true,"href":"https:\/\/wncri.org\/fr\/wp-json\/wp\/v2\/comments?post=13126"}],"version-history":[{"count":0,"href":"https:\/\/wncri.org\/fr\/wp-json\/wp\/v2\/posts\/13126\/revisions"}],"wp:featuredmedia":[{"embeddable":true,"href":"https:\/\/wncri.org\/fr\/wp-json\/wp\/v2\/media\/13127"}],"wp:attachment":[{"href":"https:\/\/wncri.org\/fr\/wp-json\/wp\/v2\/media?parent=13126"}],"wp:term":[{"taxonomy":"category","embeddable":true,"href":"https:\/\/wncri.org\/fr\/wp-json\/wp\/v2\/categories?post=13126"},{"taxonomy":"post_tag","embeddable":true,"href":"https:\/\/wncri.org\/fr\/wp-json\/wp\/v2\/tags?post=13126"}],"curies":[{"name":"wp","href":"https:\/\/api.w.org\/{rel}","templated":true}]}}