{"id":13080,"date":"2021-04-13T13:12:00","date_gmt":"2021-04-13T11:12:00","guid":{"rendered":"https:\/\/wncri.org\/fr\/?p=13080"},"modified":"2021-04-14T13:22:09","modified_gmt":"2021-04-14T11:22:09","slug":"80-000-infirmieres-iraniennes","status":"publish","type":"post","link":"https:\/\/wncri.org\/fr\/2021\/04\/13\/80-000-infirmieres-iraniennes\/","title":{"rendered":"80 000 infirmi\u00e8res iraniennes infect\u00e9es par le COVID-19 en 14 mois"},"content":{"rendered":"\n<h2 class=\"wp-block-heading\"><em>Le directeur g\u00e9n\u00e9ral de la Maison des infirmi\u00e8res : les infirmi\u00e8res sont massacr\u00e9es dans les h\u00f4pitaux<\/em><\/h2>\n\n\n\n<p>Quinze mois apr\u00e8s la catastrophe du COVID-19 en Iran, <a href=\"https:\/\/www.ncr-iran.org\/fr\/communiques-cnri\/droits-humains\/iran-plus-de-251-000-deces-dus-au-coronavirus-dans-535-villes\/\" target=\"_blank\" rel=\"noreferrer noopener\">plus de 251 000<\/a> Iraniens sont morts dans 535 villes sur la base des chiffres annonc\u00e9s par la R\u00e9sistance iranienne. Selon le directeur de la Maison des infirmi\u00e8res, 80 000 infirmi\u00e8res iraniennes ont \u00e9t\u00e9 infect\u00e9es par le virus mortel ces 14 derniers mois, tandis qu&#8217;environ 8 000 travailleurs de la sant\u00e9 sont dans l&#8217;incapacit\u00e9 de travailler en raison de leur hospitalisation, de leur mise en quarantaine et d&#8217;autres probl\u00e8mes connexes.<\/p>\n\n\n\n<p>Cette situation est le r\u00e9sultat de la politique inhumaine de la th\u00e9ocratie qui consiste \u00e0 ne pas vacciner les travailleurs de la sant\u00e9 et les Iraniens en g\u00e9n\u00e9ral.<\/p>\n\n\n\n<p>Les chiffres concernant la contamination des infirmi\u00e8res annonc\u00e9s par Mohammad Mirza Beigui, ont fait la une des m\u00e9dias d&#8217;\u00c9tat iraniens.<\/p>\n\n\n\n<p>L&#8217;infection de 80 000 infirmi\u00e8res iraniennes intervient \u00e0 un moment o\u00f9 l&#8217;Iran est confront\u00e9 \u00e0 <a href=\"https:\/\/wncri.org\/fr\/2020\/12\/17\/penurie-dinfirmieres-en-iran\/\" target=\"_blank\" rel=\"noreferrer noopener\">une grave p\u00e9nurie<\/a> d&#8217;infirmi\u00e8res.<\/p>\n\n\n\n<p>\u00ab&nbsp;Selon les normes mondiales, il faut quatre infirmi\u00e8res pour 1 000 personnes dans la population. En Iran,&nbsp;ce chiffre est inf\u00e9rieur \u00e0 une infirmi\u00e8re, soit environ 0,9 \u00bb, a d\u00e9clar\u00e9 Mirza Beigui (site web Entekhab &#8211; 9 avril 2021).<\/p>\n\n\n\n<p>Avant cela, le pr\u00e9sident de la commission parlementaire de la sant\u00e9, Hossein-Ali Shahriari, avait d\u00e9clar\u00e9 qu&#8217;il y a une \u00ab&nbsp;p\u00e9nurie de 80 000 \u00e0 150 000 infirmi\u00e8res dans les centres publics et priv\u00e9s&nbsp;\u00bb. (Quotidien Arman-e Emrooz -27 septembre 2018).<\/p>\n\n\n\n<div class=\"wp-block-image\"><figure class=\"aligncenter size-large is-resized\"><img decoding=\"async\" src=\"data:image\/gif;base64,R0lGODlhAQABAIAAAAAAAP\/\/\/yH5BAEAAAAALAAAAAABAAEAAAIBRAA7\" data-src=\"https:\/\/wncri.org\/fr\/wp-content\/uploads\/2021\/04\/\u067e\u0631\u0633\u062a\u0627\u0631\u0627\u0646-\u062e\u0633\u062a\u0647.jpg\" alt=\"130 infirmi\u00e8res mortes du COVID-19\" class=\"wp-image-13082 lazyload\" width=\"782\" height=\"391\"\/><noscript><img decoding=\"async\" src=\"https:\/\/wncri.org\/fr\/wp-content\/uploads\/2021\/04\/\u067e\u0631\u0633\u062a\u0627\u0631\u0627\u0646-\u062e\u0633\u062a\u0647.jpg\" alt=\"130 infirmi\u00e8res mortes du COVID-19\" class=\"wp-image-13082 lazyload\" width=\"782\" height=\"391\" srcset=\"https:\/\/wncri.org\/fr\/wp-content\/uploads\/2021\/04\/\u067e\u0631\u0633\u062a\u0627\u0631\u0627\u0646-\u062e\u0633\u062a\u0647.jpg 750w, https:\/\/wncri.org\/fr\/wp-content\/uploads\/2021\/04\/\u067e\u0631\u0633\u062a\u0627\u0631\u0627\u0646-\u062e\u0633\u062a\u0647-300x150.jpg 300w, https:\/\/wncri.org\/fr\/wp-content\/uploads\/2021\/04\/\u067e\u0631\u0633\u062a\u0627\u0631\u0627\u0646-\u062e\u0633\u062a\u0647-360x180.jpg 360w\" sizes=\"(max-width: 782px) 100vw, 782px\" \/><\/noscript><\/figure><\/div>\n\n\n\n<h3 class=\"wp-block-heading\"><strong>130 infirmi\u00e8res mortes du COVID-19<\/strong><\/h3>\n\n\n\n<p>D\u2019un c\u00f4t\u00e9 le chef de l&#8217;Organisation des infirmi\u00e8res iraniennes a annonc\u00e9 que 110 infirmi\u00e8res \u00e9taient d\u00e9c\u00e9d\u00e9es (Agence ISNA &#8211; 9 avril 2021), alors que le directeur g\u00e9n\u00e9ral de la Maison des infirmi\u00e8res a chiffr\u00e9 le nombre de <a href=\"https:\/\/wncri.org\/fr\/2021\/04\/06\/se-souvenir-des-anges-de-liran\/\" target=\"_blank\" rel=\"noreferrer noopener\">d\u00e9c\u00e8s \u00e0 130<\/a> en pr\u00e9cisant que les infirmi\u00e8res \u00e9taient \u00ab\u00a0massacr\u00e9es\u00a0\u00bb \u00e0 l&#8217;h\u00f4pital en raison du retard du vaccin.<\/p>\n\n\n\n<p>\u00ab&nbsp;Malheureusement, au cours de la semaine derni\u00e8re, huit infirmi\u00e8res dans diff\u00e9rentes villes sont mortes du COVID-19 et \u00e0 la lumi\u00e8re du retard dans la vaccination des infirmi\u00e8res, on peut dire que les infirmi\u00e8res sont massacr\u00e9es dans les h\u00f4pitaux&nbsp;\u00bb, a d\u00e9clar\u00e9 Mohammad Sharifi Moghadam. (Site Khabarban &#8211; 13 avril 2021)<\/p>\n\n\n\n<p>\u00ab&nbsp;Malheureusement, avec 130 infirmi\u00e8res d\u00e9c\u00e9d\u00e9es dans le combat contre le COVID-19, nous sommes parmi les pays qui comptent le plus grand nombre d&#8217;infections et de d\u00e9c\u00e8s d\u2019infirmi\u00e8res&nbsp;\u00bb, a-t-il regrett\u00e9.<\/p>\n\n\n\n<div class=\"wp-block-image\"><figure class=\"aligncenter size-large is-resized\"><img decoding=\"async\" src=\"data:image\/gif;base64,R0lGODlhAQABAIAAAAAAAP\/\/\/yH5BAEAAAAALAAAAAABAAEAAAIBRAA7\" data-src=\"https:\/\/wncri.org\/fr\/wp-content\/uploads\/2021\/04\/\u0648\u0627\u06a9\u0633\u0646-\u0628\u062e\u0631\u06cc\u062f.jpg\" alt=\"En septembre dernier, un membre du groupe de travail iranien sur le COVID-19 a d\u00e9clar\u00e9 que 164 m\u00e9decins \" class=\"wp-image-13086 lazyload\" width=\"793\" height=\"397\"\/><noscript><img decoding=\"async\" src=\"https:\/\/wncri.org\/fr\/wp-content\/uploads\/2021\/04\/\u0648\u0627\u06a9\u0633\u0646-\u0628\u062e\u0631\u06cc\u062f.jpg\" alt=\"En septembre dernier, un membre du groupe de travail iranien sur le COVID-19 a d\u00e9clar\u00e9 que 164 m\u00e9decins \" class=\"wp-image-13086 lazyload\" width=\"793\" height=\"397\" srcset=\"https:\/\/wncri.org\/fr\/wp-content\/uploads\/2021\/04\/\u0648\u0627\u06a9\u0633\u0646-\u0628\u062e\u0631\u06cc\u062f.jpg 750w, https:\/\/wncri.org\/fr\/wp-content\/uploads\/2021\/04\/\u0648\u0627\u06a9\u0633\u0646-\u0628\u062e\u0631\u06cc\u062f-300x150.jpg 300w, https:\/\/wncri.org\/fr\/wp-content\/uploads\/2021\/04\/\u0648\u0627\u06a9\u0633\u0646-\u0628\u062e\u0631\u06cc\u062f-360x180.jpg 360w\" sizes=\"(max-width: 793px) 100vw, 793px\" \/><\/noscript><\/figure><\/div>\n\n\n\n<p>En septembre dernier, un membre du groupe de travail iranien sur le COVID-19 a d\u00e9clar\u00e9 que 164 m\u00e9decins et infirmiers \u00e9taient d\u00e9c\u00e9d\u00e9s des suites du virus. (Agence Mehr &#8211; 23 septembre 2020).<\/p>\n\n\n\n<p>En raison du manque de transparence du r\u00e9gime sur le nombre de d\u00e9c\u00e8s et d&#8217;infections li\u00e9s au COVID-19, ces chiffres doivent \u00eatre consid\u00e9r\u00e9s comme un minimum des chiffres r\u00e9els.<\/p>\n\n\n\n<p>Le d\u00e9c\u00e8s de plusieurs infirmi\u00e8res a fait la une des journaux en Iran.<\/p>\n\n\n\n<p>En f\u00e9vrier, une infirmi\u00e8re enceinte qui travaillait \u00e0 l&#8217;h\u00f4pital Loghman Hakim de T\u00e9h\u00e9ran est d\u00e9c\u00e9d\u00e9e des suites d&#8217;un COVID-19. Les m\u00e9decins ont pu sauver le b\u00e9b\u00e9 de sept mois de Mahshid Goudarz quelques instants avant sa mort. Le 22 janvier, le site officiel Khabar Online a publi\u00e9 un article sur sa mort intitul\u00e9 \u00ab&nbsp;Mahshid Goudarz martyre par manque de vaccin&nbsp;\u00bb.<\/p>\n\n\n\n<p>Une jeune infirmi\u00e8re, identifi\u00e9e comme \u00e9tant Rayeheh Ranjbar, est d\u00e9c\u00e9d\u00e9e dans la ville d&#8217;Astaneh-ye Ashrafiyeh, dans le nord du pays, le 6 janvier, tandis qu&#8217;Akram Ahadian, une infirmi\u00e8re travaillant \u00e0 l&#8217;h\u00f4pital Valiasr de Zanjan, dans le nord-ouest de l&#8217;Iran, est d\u00e9c\u00e9d\u00e9e le 10 novembre. (Agence Mehr &#8211; 10 novembre 2020)<\/p>\n\n\n\n<p>Zahra Hassan Ramezani, une technicienne de salle d&#8217;op\u00e9ration qui travaillait \u00e0 l&#8217;h\u00f4pital Imam Ali dans la ville de Rafsanjan, dans le sud-est du pays, est d\u00e9c\u00e9d\u00e9e des suites d&#8217;un COVID-19. Avant cela, une autre infirmi\u00e8re identifi\u00e9e comme Omolbanine Shahmoradi \u00e9tait d\u00e9c\u00e9d\u00e9e dans la province de Kerman (Agence IRNA &#8211; 15 novembre 2020).<\/p>\n\n\n\n<h3 class=\"wp-block-heading\"><strong>Pas de vaccin en vue tandis que les responsables bl\u00e2ment la population<\/strong><\/h3>\n\n\n\n<p>Les responsables du r\u00e9gime accusent les Iraniens, affirmant que la raison de la nouvelle vague de COVID-19 \u00e9tait les voyages de Norouz et que les gens ne suivaient pas les protocoles sanitaires.<\/p>\n\n\n\n<p>Selon Hamid Emadi, membre du groupe de travail sur le COVID-19, le pays devra faire face \u00e0 &#8220;au moins trois semaines difficiles pleines de mort&#8221;.<\/p>\n\n\n\n<p>&#8220;Les travailleurs de la sant\u00e9 sont tr\u00e8s fatigu\u00e9s. Vous ne savez pas \u00e0 quel point les conditions sont mauvaises dans les h\u00f4pitaux&#8221;, a-t-il ajout\u00e9 (Site Shahrara -9 avril 2021).<\/p>\n\n\n\n<p>Le 8 janvier, le guide supr\u00eame du r\u00e9gime, Ali Khamenei, a annonc\u00e9 l&#8217;interdiction d&#8217;importer des vaccins fabriqu\u00e9s aux \u00c9tats-Unis et au Royaume-Uni.<\/p>\n\n\n\n<p>&#8220;Tout le monde sait qu&#8217;au cours des 14 derniers mois, le gouvernement a privil\u00e9gi\u00e9 l&#8217;\u00e9conomie \u00e0 la vie et \u00e0 la sant\u00e9 des gens, bien que ce soit toujours le peuple qui soit sacrifi\u00e9&#8221;, \u00e9crit le quotidien officiel Jahan-e Sanat le 8 avril 2021.<\/p>\n\n\n\n<p>Le chef de l&#8217;Assembl\u00e9e g\u00e9n\u00e9rale de l&#8217;Organisation m\u00e9dicale iranienne a \u00e9galement d\u00e9clar\u00e9 que 80 % du personnel soignant des h\u00f4pitaux publics n&#8217;avait pas \u00e9t\u00e9 vaccin\u00e9.<\/p>\n\n\n\n<p>&#8220;M\u00eame 80% des infirmi\u00e8res travaillant dans les h\u00f4pitaux publics n&#8217;ont pas re\u00e7u le vaccin&#8221;, a-t-il pr\u00e9cis\u00e9. (Agence ILNA &#8211; 8 avril 2021)<\/p>\n\n\n\n<p>Avant cela, le chef du Conseil de l&#8217;Organisation des infirmi\u00e8res d&#8217;Iran a d\u00e9clar\u00e9 que les vaccinations auraient d\u00fb progresser beaucoup plus rapidement.<\/p>\n\n\n\n<div class=\"wp-block-image\"><figure class=\"aligncenter size-large is-resized\"><img decoding=\"async\" src=\"data:image\/gif;base64,R0lGODlhAQABAIAAAAAAAP\/\/\/yH5BAEAAAAALAAAAAABAAEAAAIBRAA7\" data-src=\"https:\/\/wncri.org\/fr\/wp-content\/uploads\/2021\/04\/\u06a9\u0627\u062f\u0631-\u062f\u0631\u0645\u0627\u0646-\u062e\u0633\u062a\u0647-\u0634\u062f\u0646\u062f-\u0648-\u0648\u0636\u0639\u06cc\u062a-\u0628\u06cc\u0645\u0627\u0631\u0633\u062a\u0627\u0646-\u0647\u0627-\u062e\u06cc\u0644\u06cc-\u0628\u062f-\u0627\u0633\u062a.jpg\" alt=\"Shamsoddin Shamsi a d\u00e9clar\u00e9 que le minist\u00e8re de la Sant\u00e9 n'avait m\u00eame pas donn\u00e9 les chiffres sur le nombre \" class=\"wp-image-13085 lazyload\" width=\"793\" height=\"397\"\/><noscript><img decoding=\"async\" src=\"https:\/\/wncri.org\/fr\/wp-content\/uploads\/2021\/04\/\u06a9\u0627\u062f\u0631-\u062f\u0631\u0645\u0627\u0646-\u062e\u0633\u062a\u0647-\u0634\u062f\u0646\u062f-\u0648-\u0648\u0636\u0639\u06cc\u062a-\u0628\u06cc\u0645\u0627\u0631\u0633\u062a\u0627\u0646-\u0647\u0627-\u062e\u06cc\u0644\u06cc-\u0628\u062f-\u0627\u0633\u062a.jpg\" alt=\"Shamsoddin Shamsi a d\u00e9clar\u00e9 que le minist\u00e8re de la Sant\u00e9 n'avait m\u00eame pas donn\u00e9 les chiffres sur le nombre \" class=\"wp-image-13085 lazyload\" width=\"793\" height=\"397\" srcset=\"https:\/\/wncri.org\/fr\/wp-content\/uploads\/2021\/04\/\u06a9\u0627\u062f\u0631-\u062f\u0631\u0645\u0627\u0646-\u062e\u0633\u062a\u0647-\u0634\u062f\u0646\u062f-\u0648-\u0648\u0636\u0639\u06cc\u062a-\u0628\u06cc\u0645\u0627\u0631\u0633\u062a\u0627\u0646-\u0647\u0627-\u062e\u06cc\u0644\u06cc-\u0628\u062f-\u0627\u0633\u062a.jpg 750w, https:\/\/wncri.org\/fr\/wp-content\/uploads\/2021\/04\/\u06a9\u0627\u062f\u0631-\u062f\u0631\u0645\u0627\u0646-\u062e\u0633\u062a\u0647-\u0634\u062f\u0646\u062f-\u0648-\u0648\u0636\u0639\u06cc\u062a-\u0628\u06cc\u0645\u0627\u0631\u0633\u062a\u0627\u0646-\u0647\u0627-\u062e\u06cc\u0644\u06cc-\u0628\u062f-\u0627\u0633\u062a-300x150.jpg 300w, https:\/\/wncri.org\/fr\/wp-content\/uploads\/2021\/04\/\u06a9\u0627\u062f\u0631-\u062f\u0631\u0645\u0627\u0646-\u062e\u0633\u062a\u0647-\u0634\u062f\u0646\u062f-\u0648-\u0648\u0636\u0639\u06cc\u062a-\u0628\u06cc\u0645\u0627\u0631\u0633\u062a\u0627\u0646-\u0647\u0627-\u062e\u06cc\u0644\u06cc-\u0628\u062f-\u0627\u0633\u062a-360x180.jpg 360w\" sizes=\"(max-width: 793px) 100vw, 793px\" \/><\/noscript><\/figure><\/div>\n\n\n\n<p>Shamsoddin Shamsi a d\u00e9clar\u00e9 que le minist\u00e8re de la Sant\u00e9 n&#8217;avait m\u00eame pas donn\u00e9 les chiffres sur le nombre d&#8217;infirmi\u00e8res vaccin\u00e9es \u00e0 l&#8217;Organisation des infirmi\u00e8res. (Agence ILNA &#8211; 5 avril 2021).<\/p>\n\n\n\n<p>Un coup d&#8217;\u0153il aux chiffres de la vaccination dans certains pays montre l&#8217;ampleur de la n\u00e9gligence du r\u00e9gime en mati\u00e8re de vaccination des travailleurs de la sant\u00e9 et des Iraniens en g\u00e9n\u00e9ral.<\/p>\n\n\n\n<p>Aux \u00c9tats-Unis, pr\u00e8s de 20 % de la population a re\u00e7u les deux doses du vaccin. Au Royaume-Uni, plus de 55 % de la population a re\u00e7u le vaccin, tandis qu&#8217;en Hongrie, 37 % de la population a \u00e9t\u00e9 vaccin\u00e9e. En Serbie, 38% de la population et \u00e0 Singapour, pr\u00e8s de 29% de la population a re\u00e7u une dose du vaccin.<\/p>\n","protected":false},"excerpt":{"rendered":"<p>Le directeur g\u00e9n\u00e9ral de la Maison des infirmi\u00e8res : les infirmi\u00e8res sont massacr\u00e9es dans les h\u00f4pitaux Quinze mois apr\u00e8s la catastrophe du COVID-19 en Iran, plus de 251 000 Iraniens sont morts dans 535 villes sur la base des chiffres annonc\u00e9s par la R\u00e9sistance iranienne. Selon le directeur de la Maison des infirmi\u00e8res, 80 000 [&hellip;]<\/p>\n","protected":false},"author":4,"featured_media":13084,"comment_status":"closed","ping_status":"closed","sticky":false,"template":"","format":"standard","meta":{"jnews-multi-image_gallery":[],"jnews_single_post":{"subtitle":"","format":"standard","video":"","gallery":"","source_name":"","source_url":"","via_name":"","via_url":"","override":[{"single_blog_custom":"","sidebar":"","second_sidebar":"","share_position":"","share_float_style":"","post_date_format":"","post_date_format_custom":"","post_reading_time_wpm":"","zoom_button_out_step":"1","zoom_button_in_step":"1","number_popup_post":"1"}],"image_override":[{"single_post_thumbnail_size":"","single_post_gallery_size":""}],"trending_post_position":"","trending_post_label":"","sponsored_post_label":"","sponsored_post_name":"","sponsored_post_url":"","sponsored_post_logo":"","sponsored_post_desc":""},"jnews_primary_category":{"id":""},"jnews_social_meta":[],"jnews_override_counter":{"view_counter_number":"0","share_counter_number":"0","like_counter_number":"0","dislike_counter_number":"0"},"footnotes":""},"categories":[8],"tags":[374,378],"class_list":["post-13080","post","type-post","status-publish","format-standard","has-post-thumbnail","hentry","category-articles","tag-coronavirus","tag-infirmieres"],"_links":{"self":[{"href":"https:\/\/wncri.org\/fr\/wp-json\/wp\/v2\/posts\/13080","targetHints":{"allow":["GET"]}}],"collection":[{"href":"https:\/\/wncri.org\/fr\/wp-json\/wp\/v2\/posts"}],"about":[{"href":"https:\/\/wncri.org\/fr\/wp-json\/wp\/v2\/types\/post"}],"author":[{"embeddable":true,"href":"https:\/\/wncri.org\/fr\/wp-json\/wp\/v2\/users\/4"}],"replies":[{"embeddable":true,"href":"https:\/\/wncri.org\/fr\/wp-json\/wp\/v2\/comments?post=13080"}],"version-history":[{"count":0,"href":"https:\/\/wncri.org\/fr\/wp-json\/wp\/v2\/posts\/13080\/revisions"}],"wp:featuredmedia":[{"embeddable":true,"href":"https:\/\/wncri.org\/fr\/wp-json\/wp\/v2\/media\/13084"}],"wp:attachment":[{"href":"https:\/\/wncri.org\/fr\/wp-json\/wp\/v2\/media?parent=13080"}],"wp:term":[{"taxonomy":"category","embeddable":true,"href":"https:\/\/wncri.org\/fr\/wp-json\/wp\/v2\/categories?post=13080"},{"taxonomy":"post_tag","embeddable":true,"href":"https:\/\/wncri.org\/fr\/wp-json\/wp\/v2\/tags?post=13080"}],"curies":[{"name":"wp","href":"https:\/\/api.w.org\/{rel}","templated":true}]}}