{"id":13056,"date":"2021-04-08T15:38:00","date_gmt":"2021-04-08T13:38:00","guid":{"rendered":"https:\/\/wncri.org\/fr\/?p=13056"},"modified":"2021-04-09T15:45:33","modified_gmt":"2021-04-09T13:45:33","slug":"retraites-et-pensionnes","status":"publish","type":"post","link":"https:\/\/wncri.org\/fr\/2021\/04\/08\/retraites-et-pensionnes\/","title":{"rendered":"Iran  retrait\u00e9s et pensionn\u00e9s organisent une deuxi\u00e8me manifestation nationale"},"content":{"rendered":"\n<p>Iran retrait\u00e9s et pensionn\u00e9s organisent une deuxi\u00e8me manifestation nationale<\/p>\n\n\n\n<p> Les retrait\u00e9s et pensionn\u00e9s , dont un nombre consid\u00e9rable de femmes, ont organis\u00e9 leur deuxi\u00e8me manifestation nationale, le 7 avril 2021, \u00e0 T\u00e9h\u00e9ran et dans 24 autres villes.<\/p>\n\n\n\n<p>En plus de T\u00e9h\u00e9ran, les retrait\u00e9s iraniens ont tenu leurs <a href=\"http:\/\/\u06a9\u0631\u062c%20-%20\u062a\u062c\u0645\u0639%20\u0633\u0631\u0627\u0633\u0631\u06cc%20\u0628\u0627\u0632\u0646\u0634\u0633\u062a\u06af\u0627\u0646%20\u06f1\u06f8\u0641\u0631\u0648\u0631\u062f\u06cc\u0646\u06f1\u06f4\u06f0\u06f0%20-%20YouTube\" target=\"_blank\" rel=\"noreferrer noopener\">manifestations et rassemblements<\/a> dans les villes de Sari, Ahwaz, Oroumieh, Qazvine, <a href=\"http:\/\/\u06a9\u0631\u062c%20-%20\u062a\u062c\u0645\u0639%20\u0633\u0631\u0627\u0633\u0631\u06cc%20\u0628\u0627\u0632\u0646\u0634\u0633\u062a\u06af\u0627\u0646%20\u062a\u0627\u0645\u06cc\u0646%20\u0627\u062c\u062a\u0645\u0627\u0639\u06cc%20-%20\u06f1\u06f8\u0641\u0631\u0648\u0631\u062f\u06cc\u0646\u06f1\u06f4\u06f0\u06f0%20-%20YouTube\" target=\"_blank\" rel=\"noreferrer noopener\">Karadj<\/a>, Racht, Khorramabad, Kerman, Ardebil, Suze, Andimeshk, Shoushtar, Tabriz, Ilam, Arak, Yazd, Abadan, Khorramchahr, Dezfoul, Ispahan, Kermanchah, Bojnourd, Chahroud et Chiraz devant les si\u00e8ges locaux de la s\u00e9curit\u00e9 sociale.<\/p>\n\n\n\n<p>Les <a href=\"https:\/\/wncri.org\/fr\/2021\/04\/04\/manifestations-nationales\/\" target=\"_blank\" rel=\"noreferrer noopener\">manifestations<\/a> nationales \u00e9taient dirig\u00e9es contre les conditions de vie d\u00e9plorables, les pensions de mis\u00e8res et les prix \u00e9lev\u00e9s.<\/p>\n\n\n\n<p>Les retrait\u00e9s ont condamn\u00e9 l&#8217;ensemble du r\u00e9gime cl\u00e9rical et ont scand\u00e9 :<\/p>\n\n\n\n<p>Nous avons entendu trop de mensonges, nous ne voterons plus ;<\/p>\n\n\n\n<p>Nous n&#8217;avons vu aucune justice, nous ne voterons plus ;<\/p>\n\n\n\n<p>Lib\u00e9rez les retrait\u00e9s emprisonn\u00e9s ;<\/p>\n\n\n\n<p>Inflation, prix \u00e9lev\u00e9s, explique-toi Rohani ;<\/p>\n\n\n\n<p>Honte au gouvernement ;<\/p>\n\n\n\n<p>On ne l\u00e2chera rien tant qu\u2019on n&#8217;aura pas obtenu nos droits ;<\/p>\n\n\n\n<p>Nos paniers sont vides, la r\u00e9pression \u00e7a suffit ;<\/p>\n\n\n\n<p>Parlement, gouvernement, arr\u00eatez de tromper la nation ;<\/p>\n\n\n\n<p>Pour r\u00e9gler le probl\u00e8me des tables vides, il faut descendre dans la rue.<\/p>\n\n\n\n<div class=\"wp-block-image\"><figure class=\"aligncenter size-large\"><img decoding=\"async\" src=\"data:image\/gif;base64,R0lGODlhAQABAIAAAAAAAP\/\/\/yH5BAEAAAAALAAAAAABAAEAAAIBRAA7\" data-src=\"https:\/\/wncri.org\/fr\/wp-content\/uploads\/2021\/04\/protest-in-Karaj2-min.jpg\" alt=\"Les manifestations nationales \u00e9taient dirig\u00e9es contre les conditions de vie d\u00e9plorables\" class=\"wp-image-13057 lazyload\"\/><noscript><img decoding=\"async\" width=\"750\" height=\"375\" src=\"https:\/\/wncri.org\/fr\/wp-content\/uploads\/2021\/04\/protest-in-Karaj2-min.jpg\" alt=\"Les manifestations nationales \u00e9taient dirig\u00e9es contre les conditions de vie d\u00e9plorables\" class=\"wp-image-13057 lazyload\" srcset=\"https:\/\/wncri.org\/fr\/wp-content\/uploads\/2021\/04\/protest-in-Karaj2-min.jpg 750w, https:\/\/wncri.org\/fr\/wp-content\/uploads\/2021\/04\/protest-in-Karaj2-min-300x150.jpg 300w, https:\/\/wncri.org\/fr\/wp-content\/uploads\/2021\/04\/protest-in-Karaj2-min-360x180.jpg 360w\" sizes=\"(max-width: 750px) 100vw, 750px\" \/><\/noscript><\/figure><\/div>\n","protected":false},"excerpt":{"rendered":"<p>Iran retrait\u00e9s et pensionn\u00e9s organisent une deuxi\u00e8me manifestation nationale Les retrait\u00e9s et pensionn\u00e9s , dont un nombre consid\u00e9rable de femmes, ont organis\u00e9 leur deuxi\u00e8me manifestation nationale, le 7 avril 2021, \u00e0 T\u00e9h\u00e9ran et dans 24 autres villes. En plus de T\u00e9h\u00e9ran, les retrait\u00e9s iraniens ont tenu leurs manifestations et rassemblements dans les villes de Sari, [&hellip;]<\/p>\n","protected":false},"author":4,"featured_media":13058,"comment_status":"closed","ping_status":"closed","sticky":false,"template":"","format":"standard","meta":{"jnews-multi-image_gallery":[],"jnews_single_post":{"subtitle":"","format":"standard","video":"","gallery":"","source_name":"","source_url":"","via_name":"","via_url":"","override":[{"single_blog_custom":"","sidebar":"","second_sidebar":"","share_position":"","share_float_style":"","post_date_format":"","post_date_format_custom":"","post_reading_time_wpm":"","zoom_button_out_step":"1","zoom_button_in_step":"1","number_popup_post":"1"}],"image_override":[{"single_post_thumbnail_size":"","single_post_gallery_size":""}],"trending_post_position":"","trending_post_label":"","sponsored_post_label":"","sponsored_post_name":"","sponsored_post_url":"","sponsored_post_logo":"","sponsored_post_desc":""},"jnews_primary_category":{"id":""},"jnews_social_meta":[],"jnews_override_counter":{"view_counter_number":"0","share_counter_number":"0","like_counter_number":"0","dislike_counter_number":"0"},"footnotes":""},"categories":[3],"tags":[369,371],"class_list":["post-13056","post","type-post","status-publish","format-standard","has-post-thumbnail","hentry","category-infos-des-femmes","tag-manifestations","tag-pauvrete"],"_links":{"self":[{"href":"https:\/\/wncri.org\/fr\/wp-json\/wp\/v2\/posts\/13056","targetHints":{"allow":["GET"]}}],"collection":[{"href":"https:\/\/wncri.org\/fr\/wp-json\/wp\/v2\/posts"}],"about":[{"href":"https:\/\/wncri.org\/fr\/wp-json\/wp\/v2\/types\/post"}],"author":[{"embeddable":true,"href":"https:\/\/wncri.org\/fr\/wp-json\/wp\/v2\/users\/4"}],"replies":[{"embeddable":true,"href":"https:\/\/wncri.org\/fr\/wp-json\/wp\/v2\/comments?post=13056"}],"version-history":[{"count":0,"href":"https:\/\/wncri.org\/fr\/wp-json\/wp\/v2\/posts\/13056\/revisions"}],"wp:featuredmedia":[{"embeddable":true,"href":"https:\/\/wncri.org\/fr\/wp-json\/wp\/v2\/media\/13058"}],"wp:attachment":[{"href":"https:\/\/wncri.org\/fr\/wp-json\/wp\/v2\/media?parent=13056"}],"wp:term":[{"taxonomy":"category","embeddable":true,"href":"https:\/\/wncri.org\/fr\/wp-json\/wp\/v2\/categories?post=13056"},{"taxonomy":"post_tag","embeddable":true,"href":"https:\/\/wncri.org\/fr\/wp-json\/wp\/v2\/tags?post=13056"}],"curies":[{"name":"wp","href":"https:\/\/api.w.org\/{rel}","templated":true}]}}