{"id":13042,"date":"2021-04-06T10:24:00","date_gmt":"2021-04-06T08:24:00","guid":{"rendered":"https:\/\/wncri.org\/fr\/?p=13042"},"modified":"2021-04-07T21:06:42","modified_gmt":"2021-04-07T19:06:42","slug":"se-souvenir-des-anges-de-liran","status":"publish","type":"post","link":"https:\/\/wncri.org\/fr\/2021\/04\/06\/se-souvenir-des-anges-de-liran\/","title":{"rendered":"Se souvenir des anges de l&#8217;Iran \u00e0 l&#8217;occasion de la Journ\u00e9e mondiale de la sant\u00e9 2021"},"content":{"rendered":"\n<p>Se souvenir des anges de l&#8217;Iran \u00e0 l&#8217;occasion de la Journ\u00e9e mondiale de la sant\u00e9 2021<\/p>\n\n\n\n<p><em>Le nombre de d\u00e9c\u00e8s dus au coronavirus en Iran a d\u00e9pass\u00e9 244 800.<\/em><\/p>\n\n\n\n<p> Il est bon de se souvenir des anges de l\u2019Iran \u00e0 l\u2019occasion de <a href=\"https:\/\/www.who.int\/westernpacific\/news\/events\/world-health-day\" target=\"_blank\" rel=\"noopener\">la Journ\u00e9e mondiale de la Sant\u00e9 2021<\/a>. Cette journ\u00e9e est comm\u00e9mor\u00e9e dans le monde entier sous le th\u00e8me &#8220;Construire un monde plus juste et plus sain pour tous&#8221;.&nbsp; L&#8217;Organisation mondiale de la sant\u00e9 a lanc\u00e9 un appel \u00e0 une action urgente pour \u00e9liminer les in\u00e9galit\u00e9s en mati\u00e8re de sant\u00e9 et mobiliser l&#8217;action pour atteindre une meilleure sant\u00e9 pour tous en ne laissant personne de c\u00f4t\u00e9.<\/p>\n\n\n\n<p>La situation en Iran est toutefois loin de ces objectifs internationaux. La variante britannique du coronavirus s&#8217;est maintenant r\u00e9pandue dans les 31 provinces iraniennes. En date du 6 avril 2021, le nombre de d\u00e9c\u00e8s dans 535 villes d&#8217;Iran <a href=\"https:\/\/www.ncr-iran.org\/en\/ncri-statements\/statement-human-rights\/iran-coronavirus-death-toll-in-535-cities-exceeds-244800\/\" target=\"_blank\" rel=\"noreferrer noopener\">d\u00e9passait les 244 800<\/a>.<\/p>\n\n\n\n<div class=\"wp-block-image\"><figure class=\"aligncenter size-large\"><img decoding=\"async\" src=\"data:image\/gif;base64,R0lGODlhAQABAIAAAAAAAP\/\/\/yH5BAEAAAAALAAAAAABAAEAAAIBRAA7\" data-src=\"https:\/\/wncri.org\/fr\/wp-content\/uploads\/2021\/04\/cae86b31-3b02-4f0a-88e7-3b25faf9c235_690-min.jpg\" alt=\"Se souvenir des anges de l'Iran \u00e0 l'occasion de la Journ\u00e9e mondiale de la sant\u00e9 2021\" class=\"wp-image-13047 lazyload\"\/><noscript><img decoding=\"async\" width=\"690\" height=\"393\" src=\"https:\/\/wncri.org\/fr\/wp-content\/uploads\/2021\/04\/cae86b31-3b02-4f0a-88e7-3b25faf9c235_690-min.jpg\" alt=\"Se souvenir des anges de l'Iran \u00e0 l'occasion de la Journ\u00e9e mondiale de la sant\u00e9 2021\" class=\"wp-image-13047 lazyload\" srcset=\"https:\/\/wncri.org\/fr\/wp-content\/uploads\/2021\/04\/cae86b31-3b02-4f0a-88e7-3b25faf9c235_690-min.jpg 690w, https:\/\/wncri.org\/fr\/wp-content\/uploads\/2021\/04\/cae86b31-3b02-4f0a-88e7-3b25faf9c235_690-min-300x171.jpg 300w\" sizes=\"(max-width: 690px) 100vw, 690px\" \/><\/noscript><figcaption>En date du 6 avril 2021, le nombre de d\u00e9c\u00e8s dans 535 villes d&#8217;Iran d\u00e9passait les 244 800.<\/figcaption><\/figure><\/div>\n\n\n\n<p>Les citations suivantes des responsables du r\u00e9gime cl\u00e9rical font la lumi\u00e8re sur la situation catastrophique en Iran.<\/p>\n\n\n\n<h3 class=\"wp-block-heading\"><strong>Quatri\u00e8me pic de l&#8217;\u00e9pid\u00e9mie avec la variante britannique<\/strong><\/h3>\n\n\n\n<p>Selon le vice-ministre de la Sant\u00e9 du r\u00e9gime, &#8220;dans trois semaines, le nombre de morts sera \u00e0 trois chiffres. \u00c0 T\u00e9h\u00e9ran, le nombre d&#8217;hospitalisations et de d\u00e9c\u00e8s a augment\u00e9 de 50 \u00e0 70 %.&#8221; (Agence officielle IRNA, 4 avril 2021)<\/p>\n\n\n\n<p>Le minist\u00e8re iranien de la Sant\u00e9 a annonc\u00e9 que &#8220;la quatri\u00e8me \u00e9pid\u00e9mie de COVID-19 progresse rapidement et se propage d&#8217;ouest en est.&#8221; (Agence IRNA, 6 avril 2021)<\/p>\n\n\n\n<p>Sa\u00efd Namaki, le ministre de la Sant\u00e9 du r\u00e9gime a reconnu : &#8220;Nous sommes aujourd&#8217;hui confront\u00e9s \u00e0 l&#8217;une des plus terribles vagues de COVID-19. Nous ne pouvons pas pr\u00e9voir le nombre d&#8217;hospitalisations et ce qui nous attend n&#8217;est pas clair. Les ressources sont insuffisantes et ils (le gouvernement) ne nous ont pas donn\u00e9 les fonds n\u00e9cessaires pour diverses raisons.&#8221;<\/p>\n\n\n\n<p>Le vice-ministre de la Sant\u00e9, Iraj Harirchi, a \u00e9galement admis : &#8220;Actuellement, 88 villes sont en rouge, 139 sont en orange et 198 sont en jaune. Auparavant, les infections et les hospitalisations augmentaient progressivement et par escalier. Maintenant, elles augmentent de fa\u00e7on exponentielle par ascenseur.&#8221;<\/p>\n\n\n\n<h3 class=\"wp-block-heading\"><strong>Augmentation anormale du nombre de cas de Covid-19<\/strong><\/h3>\n\n\n\n<p>&#8220;Le nombre d&#8217;hospitalisations li\u00e9es au COVID-19 \u00e0 T\u00e9h\u00e9ran a doubl\u00e9, et tous les h\u00f4pitaux sont en \u00e9tat d&#8217;alerte&#8221;, a d\u00e9clar\u00e9 Nader Tavakoli, chef adjoint du centre national de lutte contre le coronavirus (CNLC) \u00e0 T\u00e9h\u00e9ran.<\/p>\n\n\n\n<p>&#8220;Toutes les 24 heures, 1 000 patients atteints du COVID-19 sont admis dans les h\u00f4pitaux de T\u00e9h\u00e9ran ; 103 des 175 h\u00f4pitaux sont d\u00e9di\u00e9s au COVID-19, et 5 000 patients sont trait\u00e9s chaque jour en consultation externe&#8221;, a-t-il ajout\u00e9. (Agence ISNA, 6 avril 2021)<\/p>\n\n\n\n<p>La facult\u00e9 de m\u00e9decine de Mazandaran : &#8220;Nous avons une augmentation de 250% des hospitalisations COVID-19 par rapport au premier jour du Nouvel An persan, le 21 mars 2021.&#8221;<\/p>\n\n\n\n<p>Hojjat Nazari, conseiller municipal de T\u00e9h\u00e9ran, a d\u00e9clar\u00e9 : &#8220;Le quatri\u00e8me pic de COVID-19 est d\u00fb \u00e0 une mauvaise gestion, c&#8217;est-\u00e0-dire qu&#8217;il n&#8217;y a pas de vaccination g\u00e9n\u00e9rale et que la vaccination n&#8217;a commenc\u00e9 que pour des groupes sp\u00e9cifiques&#8221;. (Agence Mehr, 4 avril 2021)<\/p>\n\n\n\n<h3 class=\"wp-block-heading\"><strong>Une vaccination lente<\/strong><\/h3>\n\n\n\n<p>Bien que l&#8217;Iran soit l&#8217;\u00e9picentre de l&#8217;\u00e9pid\u00e9mie au Moyen-Orient, il a commenc\u00e9 la vaccination bien plus tard que les autres pays du Moyen-Orient.<\/p>\n\n\n\n<p>Minou Mohraz, membre du comit\u00e9 scientifique CNLC, a reconnu que &#8221;&nbsp;l&#8217;importation du vaccin COVID-19 est lente, et si la situation perdure, l&#8217;approvisionnement en vaccins sera progressif. Les vaccins russes ont provoqu\u00e9 de graves effets secondaires chez certaines personnes.&nbsp;&#8221; (Agence Rokna, 31 mars 2021)<\/p>\n\n\n\n<p>Le chef de l&#8217;Organisation m\u00e9dicale du r\u00e9gime a d\u00e9clar\u00e9 : &#8220;Les vaccins sont livr\u00e9s par caisses de 100 000 et 200 000, ce qui n&#8217;est pas suffisant m\u00eame pour la premi\u00e8re phase de vaccination du personnel m\u00e9dical et des personnes vuln\u00e9rables.&#8221; (Agence Mehr, 1er avril 2021)<\/p>\n\n\n\n<div class=\"wp-block-image\"><figure class=\"aligncenter size-large is-resized\"><img decoding=\"async\" src=\"data:image\/gif;base64,R0lGODlhAQABAIAAAAAAAP\/\/\/yH5BAEAAAAALAAAAAABAAEAAAIBRAA7\" data-src=\"https:\/\/wncri.org\/fr\/wp-content\/uploads\/2021\/04\/\u0639\u06a9\u0633-\u0628\u0631\u0627\u06cc-\u062e\u0628\u0631-\u0645\u0645\u0646\u0648\u0639-\u0634\u062f\u0646-\u067e\u0632\u0634\u06a9-min.jpg\" alt=\"En souvenir des Anges de l'Iran - sans d\u00e9fense dans la lutte contre le Covid-19\" class=\"wp-image-13043 lazyload\" width=\"824\" height=\"412\"\/><noscript><img decoding=\"async\" src=\"https:\/\/wncri.org\/fr\/wp-content\/uploads\/2021\/04\/\u0639\u06a9\u0633-\u0628\u0631\u0627\u06cc-\u062e\u0628\u0631-\u0645\u0645\u0646\u0648\u0639-\u0634\u062f\u0646-\u067e\u0632\u0634\u06a9-min.jpg\" alt=\"En souvenir des Anges de l'Iran - sans d\u00e9fense dans la lutte contre le Covid-19\" class=\"wp-image-13043 lazyload\" width=\"824\" height=\"412\" srcset=\"https:\/\/wncri.org\/fr\/wp-content\/uploads\/2021\/04\/\u0639\u06a9\u0633-\u0628\u0631\u0627\u06cc-\u062e\u0628\u0631-\u0645\u0645\u0646\u0648\u0639-\u0634\u062f\u0646-\u067e\u0632\u0634\u06a9-min.jpg 750w, https:\/\/wncri.org\/fr\/wp-content\/uploads\/2021\/04\/\u0639\u06a9\u0633-\u0628\u0631\u0627\u06cc-\u062e\u0628\u0631-\u0645\u0645\u0646\u0648\u0639-\u0634\u062f\u0646-\u067e\u0632\u0634\u06a9-min-300x150.jpg 300w, https:\/\/wncri.org\/fr\/wp-content\/uploads\/2021\/04\/\u0639\u06a9\u0633-\u0628\u0631\u0627\u06cc-\u062e\u0628\u0631-\u0645\u0645\u0646\u0648\u0639-\u0634\u062f\u0646-\u067e\u0632\u0634\u06a9-min-360x180.jpg 360w\" sizes=\"(max-width: 824px) 100vw, 824px\" \/><\/noscript><\/figure><\/div>\n\n\n\n<h3 class=\"wp-block-heading\"><strong>En souvenir des Anges de l&#8217;Iran &#8211; sans d\u00e9fense dans la lutte contre le Covid-19<\/strong><\/h3>\n\n\n\n<p>En Iran, 80 % des infirmi\u00e8res sont des femmes. Elles souffrent davantage de la crise du coronavirus que de toute autre crise, et un nombre important d&#8217;entre elles sont mortes au service de la sant\u00e9 publique.<\/p>\n\n\n\n<p>&#8220;L&#8217;absence d&#8217;installations de s\u00e9curit\u00e9 et de protection de base pour les m\u00e9decins, les infirmi\u00e8res et le personnel m\u00e9dical a entra\u00een\u00e9 la perte du meilleur personnel m\u00e9dical et sp\u00e9cialis\u00e9&#8221;, a d\u00e9clar\u00e9 Mostafa Mo\u00efne, pr\u00e9sident du Conseil supr\u00eame du syst\u00e8me m\u00e9dical et ancien ministre des sciences et de la sant\u00e9 du r\u00e9gime. (Quotidien Mostaghel, 4 avril 2020)<\/p>\n\n\n\n<p>Avec la d\u00e9cision de lever la quarantaine et de commencer les activit\u00e9s \u00e9conomiques et administratives en Iran, et le nombre sans cesse croissant de patients, la pression s&#8217;est encore accrue sur les infirmi\u00e8res qui font plusieurs gardes et dorment \u00e0 m\u00eame le sol des h\u00f4pitaux la plupart des nuits. Nombre d&#8217;entre elles n&#8217;ont pas vu leurs enfants depuis des mois.<\/p>\n\n\n\n<h3 class=\"wp-block-heading\"><strong>60 000 infirmi\u00e8res infect\u00e9es par le Covid-19<\/strong><\/h3>\n\n\n\n<p>Hossein Kermanpour, directeur du service des urgences de l&#8217;h\u00f4pital Sina de T\u00e9h\u00e9ran, a \u00e9crit sur son compte Twitter : &#8220;Nous recueillons des chiffres pr\u00e9cis dans tout le pays pour savoir exactement combien de membres du personnel m\u00e9dical ont contract\u00e9 le virus ou ont sacrifi\u00e9 leur vie en luttant contre le COVID-19. Jusqu&#8217;\u00e0 pr\u00e9sent, 107 de mes chers coll\u00e8gues sont partis au paradis.&#8221; (Salamatnews.com &#8211; 19 mai 2020)<\/p>\n\n\n\n<p>Dans une lettre ouverte aux autorit\u00e9s, l&#8217;Organisation du syst\u00e8me des soins infirmiers a r\u00e9v\u00e9l\u00e9 que sur un total de 110 000 infirmiers, environ 20 000 ont contract\u00e9 le coronavirus. 5 000 personnes ont quitt\u00e9 le service. Cinquante des meilleures infirmi\u00e8res sont d\u00e9c\u00e9d\u00e9es. (Agence Mehr &#8211; 30 septembre 2020)<\/p>\n\n\n\n<p>Mohammad-Baqer Qalibaf, le pr\u00e9sident du parlement cl\u00e9rical, a annonc\u00e9 que &#8220;30 000 de nos infirmi\u00e8res ont contract\u00e9 le coronavirus.&#8221; (Salamatnews.com &#8211; 8 octobre 2020)<\/p>\n\n\n\n<p>Mirzabeigui, chef de l&#8217;Organisation du syst\u00e8me des soins infirmiers, a d\u00e9clar\u00e9 : &#8221; Sur environ 145 000 infirmi\u00e8res travaillant pr\u00e8s des lits des patients, <a href=\"https:\/\/wncri.org\/fr\/2020\/12\/17\/penurie-dinfirmieres-en-iran\/\" target=\"_blank\" rel=\"noreferrer noopener\">60 000 ont \u00e9t\u00e9 infect\u00e9es<\/a> par le coronavirus, 6 000 sont en quarantaine et une centaine sont d\u00e9c\u00e9d\u00e9es &#8220;. (Agence IRNA &#8211; 17 d\u00e9cembre 2020)<\/p>\n\n\n\n<p>Mohammad Sharifi Moghaddam, secr\u00e9taire g\u00e9n\u00e9ral de la maison des infirmi\u00e8res, a \u00e9galement annonc\u00e9 le 31 octobre 2020 : &#8220;Jusqu&#8217;\u00e0 pr\u00e9sent, 60 infirmi\u00e8res sont mortes du coronavirus. 6 000 autres infirmi\u00e8res sont en cong\u00e9 de maladie. De nombreuses infirmi\u00e8res sont \u00e9galement incapables de travailler en raison des effets \u00e0 long terme du coronavirus sur leurs poumons et autres organes.&#8221; (Agence ILNA &#8211; 31 octobre 2020)<\/p>\n\n\n\n<p>En septembre, un membre CNLC a fait \u00e9tat du d\u00e9c\u00e8s de 164 m\u00e9decins et infirmiers. (Agence Mehr &#8211; 23 septembre 2020)<\/p>\n\n\n\n<p>Le manque de transparence dans la publication des statistiques est tr\u00e8s clair dans les commentaires des officiels et les chiffres ci-dessus doivent \u00eatre consid\u00e9r\u00e9s comme le strict minimum de victimes.<\/p>\n\n\n\n<h3 class=\"wp-block-heading\"><strong>P\u00e9nurie et \u00e9puisement professionnel chez les infirmi\u00e8res<\/strong><\/h3>\n\n\n\n<p>La p\u00e9nurie d&#8217;infirmi\u00e8res \u00e9tait un probl\u00e8me grave en Iran avant m\u00eame l&#8217;apparition du COVID-19. Mais apr\u00e8s l&#8217;\u00e9pid\u00e9mie, la situation s&#8217;est consid\u00e9rablement aggrav\u00e9e. Les infirmi\u00e8res sont les principales victimes de cette trag\u00e9die dans un syst\u00e8me m\u00e9dical ruin\u00e9 par le r\u00e9gime des mollahs.<\/p>\n\n\n\n<p>Faisant r\u00e9f\u00e9rence \u00e0 la p\u00e9nurie d&#8217;infirmi\u00e8res en Iran, Mirzabeigui, chef de l&#8217;Organisation des infirmi\u00e8res, a d\u00e9clar\u00e9 : &#8220;Le probl\u00e8me le plus important de la communaut\u00e9 infirmi\u00e8re est la grave p\u00e9nurie de personnel. Pour environ 170 000 lits d&#8217;h\u00f4pital, il n&#8217;y a que 145 000 infirmi\u00e8res et le ratio infirmi\u00e8res\/lits est d&#8217;environ 0,08, alors qu&#8217;il devrait \u00eatre de 2,5 infirmi\u00e8res par lit. Le nombre d&#8217;infirmi\u00e8res employ\u00e9es devrait donc \u00eatre 2,5 fois sup\u00e9rieur \u00e0 ce qu&#8217;il est actuellement afin de respecter les conditions standard. Si la tendance \u00e0 l&#8217;augmentation du nombre de lits et au d\u00e9part \u00e0 la retraite des infirmi\u00e8res se poursuit, la p\u00e9nurie augmentera chaque jour et ce sont les patients qui en souffriront le plus.&#8221; (Agence IRNA &#8211; 17 d\u00e9cembre 2020)<\/p>\n\n\n\n<p>&#8220;Nos \u00e9quipes de travail sont de 12 heures, mais en raison de l&#8217;augmentation des appels, des infirmi\u00e8res travaillent plus longtemps, parfois jusqu&#8217;\u00e0 24 heures&#8221;, a d\u00e9clar\u00e9 l&#8217;une des infirmi\u00e8res de l&#8217;unit\u00e9 115 du service des urgences de T\u00e9h\u00e9ran, qui r\u00e9pond aux appels. (Agence Mizan &#8211; 5 novembre 2020)<\/p>\n\n\n\n<h3 class=\"wp-block-heading\"><strong>Contrats de longue dur\u00e9e et temporaires de 89 jours<\/strong><\/h3>\n\n\n\n<p>Alors que le coronavirus est devenu une catastrophe nationale en Iran, le r\u00e9gime exploite plus que jamais les infirmi\u00e8res, au lieu de payer leurs salaires ou d&#8217;offrir des avantages sp\u00e9ciaux \u00e0 celles qui sont \u00e0 la pointe de la lutte.<\/p>\n\n\n\n<p>Au moins 35 % de la main-d&#8217;\u0153uvre sous la supervision des facult\u00e9s de m\u00e9decine est employ\u00e9e dans le cadre de contrats temporaires de 89 jours.<\/p>\n\n\n\n<p>&#8220;La politique du minist\u00e8re de la Sant\u00e9 au cours des sept \u00e0 huit derni\u00e8res ann\u00e9es repose sur deux choses&#8221;, a d\u00e9clar\u00e9 Mohammad Sharifi Moghaddam, secr\u00e9taire g\u00e9n\u00e9ral de la Maison des infirmi\u00e8res, dans une interview accord\u00e9e \u00e0 l&#8217;agence ILNA le 11 mai 2020. &#8220;La premi\u00e8re est d&#8217;augmenter l&#8217;offre, c&#8217;est-\u00e0-dire le nombre de dipl\u00f4m\u00e9s en soins infirmiers, et la seconde est d&#8217;\u00e9liminer la s\u00e9curit\u00e9 de l&#8217;emploi pour les infirmi\u00e8res. Tout cela est un effort du minist\u00e8re de la Sant\u00e9 pour rendre la main-d&#8217;\u0153uvre infirmi\u00e8re moins ch\u00e8re.&#8221;<\/p>\n\n\n\n<p>&#8220;Dans le pass\u00e9, le nombre de dipl\u00f4m\u00e9s en soins infirmiers \u00e9tait de 5 000 par an, et ces derni\u00e8res ann\u00e9es, nous avons 12 000 dipl\u00f4m\u00e9s en soins infirmiers par an&#8221;, a-t-il ajout\u00e9. &#8220;En fait, 60 000 personnes ont \u00e9t\u00e9 dipl\u00f4m\u00e9es au cours des cinq derni\u00e8res ann\u00e9es, et dans le cas le plus optimiste, le minist\u00e8re de la Sant\u00e9 n&#8217;a embauch\u00e9 que 10 000 d&#8217;entre elles. Ainsi, 50.000 infirmi\u00e8res dipl\u00f4m\u00e9es sont au ch\u00f4mage et cherchent du travail, et parce qu&#8217;elles sont au ch\u00f4mage, elles deviendront des travailleuses ob\u00e9issantes qui suivent les ordres de l&#8217;employeur et endurent le fardeau de contrats injustes tels que les contrats de 89 jours. De cette fa\u00e7on, nous avons des dizaines de milliers d&#8217;infirmi\u00e8res qui travaillent sans aucune s\u00e9curit\u00e9 d&#8217;emploi.&#8221;<\/p>\n\n\n\n<h3 class=\"wp-block-heading\"><strong>Licenciement des infirmi\u00e8res pendant la pand\u00e9mie<\/strong><\/h3>\n\n\n\n<p>Au plus fort de la crise du coronavirus, de nombreuses infirmi\u00e8res et personnels ont \u00e9t\u00e9 <a href=\"https:\/\/wncri.org\/fr\/2020\/04\/22\/les-infirmieres-de-cliniques-privees-licenciees-dans-la-crise-du-covid-19-en-iran\/\" target=\"_blank\" rel=\"noreferrer noopener\">licenci\u00e9s sans aucune justification<\/a>. (ILNA &#8211; 13 avril 2020)<\/p>\n\n\n\n<p>La population des infirmi\u00e8res du secteur priv\u00e9 compte environ 7 000 \u00e0 8 000 personnes. 3000 infirmi\u00e8res travaillent \u00e9galement sur une base contractuelle et ne b\u00e9n\u00e9ficient d&#8217;aucune s\u00e9curit\u00e9 d&#8217;emploi. Au moment o\u00f9 les infirmi\u00e8res s&#8217;attendaient \u00e0 trouver une plus grande s\u00e9curit\u00e9, leurs emplois ont \u00e9t\u00e9 mis soit en attente, soit supprim\u00e9s dans le cadre des plans mis en \u0153uvre en mars 2020.<\/p>\n\n\n\n<p>Dans un seul exemple, 30 membres du personnel m\u00e9dical (experts en salle d&#8217;op\u00e9ration et en anesth\u00e9sie) de l&#8217;h\u00f4pital Abu Ali Sina de Chiraz ont \u00e9t\u00e9 licenci\u00e9s. (Salamatnews.com &#8211; 2 mai 2020)<\/p>\n\n\n\n<h3 class=\"wp-block-heading\"><strong>Salaires<\/strong><\/h3>\n\n\n\n<p>Les infirmi\u00e8res sont confront\u00e9es \u00e0 de nombreuses difficult\u00e9s pour gagner leur vie.<\/p>\n\n\n\n<p>Dans tout l&#8217;Iran, <a href=\"https:\/\/wncri.org\/fr\/2021\/01\/12\/les-infirmieres-de-lhopital-milad\/\" target=\"_blank\" rel=\"noreferrer noopener\">le salaire des infirmi\u00e8res<\/a> est retard\u00e9 d&#8217;environ 8 \u00e0 14 mois. Selon les promesses faites aux infirmi\u00e8res, leurs salaires retard\u00e9s devaient \u00eatre r\u00e9duits \u00e0 z\u00e9ro d&#8217;ici mars 2020, mais aucun paiement n&#8217;a \u00e9t\u00e9 effectu\u00e9 au cours des derniers mois de l&#8217;ann\u00e9e civile perse. Les infirmi\u00e8res sont toujours en premi\u00e8re ligne de la crise, luttant contre les d\u00e9fis et les probl\u00e8mes du syst\u00e8me de sant\u00e9 global. (Salamatnews.com &#8211; 1er f\u00e9vrier 2020)<\/p>\n\n\n\n<p>Une infirmi\u00e8re a d\u00e9clar\u00e9 \u00e0 propos des salaires extr\u00eamement bas : &#8220;Pendant deux mois, je n&#8217;ai pas vu mon enfant ni ma m\u00e8re. Nous travaillons longtemps et parfois nous dormons sur le sol la nuit. Notre salaire est faible ; ils nous ont donn\u00e9 l&#8217;\u00e9quivalent d&#8217;un dollar pour notre travail.&#8221;<\/p>\n\n\n\n<div class=\"wp-block-image\"><figure class=\"aligncenter size-large\"><img decoding=\"async\" src=\"data:image\/gif;base64,R0lGODlhAQABAIAAAAAAAP\/\/\/yH5BAEAAAAALAAAAAABAAEAAAIBRAA7\" data-src=\"https:\/\/wncri.org\/fr\/wp-content\/uploads\/2021\/04\/Remembering-Irans-Angels-on-1WH-Day-2021.jpg\" alt=\"\" class=\"wp-image-13052 lazyload\"\/><noscript><img decoding=\"async\" width=\"750\" height=\"375\" src=\"https:\/\/wncri.org\/fr\/wp-content\/uploads\/2021\/04\/Remembering-Irans-Angels-on-1WH-Day-2021.jpg\" alt=\"\" class=\"wp-image-13052 lazyload\" srcset=\"https:\/\/wncri.org\/fr\/wp-content\/uploads\/2021\/04\/Remembering-Irans-Angels-on-1WH-Day-2021.jpg 750w, https:\/\/wncri.org\/fr\/wp-content\/uploads\/2021\/04\/Remembering-Irans-Angels-on-1WH-Day-2021-300x150.jpg 300w, https:\/\/wncri.org\/fr\/wp-content\/uploads\/2021\/04\/Remembering-Irans-Angels-on-1WH-Day-2021-360x180.jpg 360w\" sizes=\"(max-width: 750px) 100vw, 750px\" \/><\/noscript><figcaption>Les infirmi\u00e8res ont protest\u00e9 \u00e0 divers moments de l&#8217;ann\u00e9e<\/figcaption><\/figure><\/div>\n\n\n\n<h3 class=\"wp-block-heading\"><strong>Manifestations d\u2019infirmi\u00e8res<\/strong><\/h3>\n\n\n\n<p>Alors que leurs difficult\u00e9s ne cessent de cro\u00eetre, en termes de bas salaires, de retards de salaires, de licenciements et de travail contractuel et temporaire, les infirmi\u00e8res ont protest\u00e9 \u00e0 divers moments de l&#8217;ann\u00e9e. Mais \u00e0 chaque fois, non seulement elles n&#8217;ont pas re\u00e7u de r\u00e9ponse, mais dans certains cas, elles ont \u00e9t\u00e9 battues et emprisonn\u00e9es. Les infirmi\u00e8res du priv\u00e9 r\u00e9clament plusieurs mois de salaires impay\u00e9s.<\/p>\n\n\n\n<p>Le 1er juillet 2020, un groupe de 99 infirmi\u00e8res de Machad a manifest\u00e9 devant le palais de justice. Dix infirmi\u00e8res ont \u00e9t\u00e9 arr\u00eat\u00e9es pendant le rassemblement. Les forces r\u00e9pressives ont tent\u00e9 de les disperser les infirmi\u00e8res, en les chargeant avec des matraques et des d\u00e9charges \u00e9lectriques, et en d\u00e9chirant leurs banderoles et leurs pancartes. Les CHU de Machad n&#8217;ont pas r\u00e9pondu \u00e0 leurs demandes.<\/p>\n\n\n\n<p>Lors de divers rassemblements, les infirmi\u00e8res protestataires ont d\u00e9clar\u00e9 que leurs salaires avaient \u00e9t\u00e9 r\u00e9duits pendant la pand\u00e9mie. Dans le m\u00eame temps, de nombreuses infirmi\u00e8res n&#8217;ont pas encore re\u00e7u leurs prestations compl\u00e9mentaires.<\/p>\n\n\n\n<p>L&#8217;Association des infirmi\u00e8res militantes a \u00e9crit dans une d\u00e9claration tr\u00e8s ferme qu&#8217; &#8220;une infirmi\u00e8re fournit des services en m\u00eame temps \u00e0 dix patients gravement malades. Les responsables attendent-ils que toutes les infirmi\u00e8res meurent du coronavirus avant d&#8217;embaucher de nouvelles personnes ?&#8221;. (Salamatnews.com &#8211; 15 novembre 2020)<\/p>\n","protected":false},"excerpt":{"rendered":"<p>Se souvenir des anges de l&#8217;Iran \u00e0 l&#8217;occasion de la Journ\u00e9e mondiale de la sant\u00e9 2021 Le nombre de d\u00e9c\u00e8s dus au coronavirus en Iran a d\u00e9pass\u00e9 244 800. Il est bon de se souvenir des anges de l\u2019Iran \u00e0 l\u2019occasion de la Journ\u00e9e mondiale de la Sant\u00e9 2021. Cette journ\u00e9e est comm\u00e9mor\u00e9e dans le [&hellip;]<\/p>\n","protected":false},"author":4,"featured_media":13044,"comment_status":"closed","ping_status":"closed","sticky":false,"template":"","format":"standard","meta":{"jnews-multi-image_gallery":[],"jnews_single_post":{"subtitle":"","format":"standard","video":"","gallery":"","source_name":"","source_url":"","via_name":"","via_url":"","override":[{"single_blog_custom":"","sidebar":"","second_sidebar":"","share_position":"","share_float_style":"","post_date_format":"","post_date_format_custom":"","post_reading_time_wpm":"","zoom_button_out_step":"1","zoom_button_in_step":"1","number_popup_post":"1"}],"image_override":[{"single_post_thumbnail_size":"","single_post_gallery_size":""}],"trending_post_position":"","trending_post_label":"","sponsored_post_label":"","sponsored_post_name":"","sponsored_post_url":"","sponsored_post_logo":"","sponsored_post_desc":""},"jnews_primary_category":{"id":""},"jnews_social_meta":[],"jnews_override_counter":{"view_counter_number":"0","share_counter_number":"0","like_counter_number":"0","dislike_counter_number":"0"},"footnotes":""},"categories":[8],"tags":[374,378,369],"class_list":["post-13042","post","type-post","status-publish","format-standard","has-post-thumbnail","hentry","category-articles","tag-coronavirus","tag-infirmieres","tag-manifestations"],"_links":{"self":[{"href":"https:\/\/wncri.org\/fr\/wp-json\/wp\/v2\/posts\/13042","targetHints":{"allow":["GET"]}}],"collection":[{"href":"https:\/\/wncri.org\/fr\/wp-json\/wp\/v2\/posts"}],"about":[{"href":"https:\/\/wncri.org\/fr\/wp-json\/wp\/v2\/types\/post"}],"author":[{"embeddable":true,"href":"https:\/\/wncri.org\/fr\/wp-json\/wp\/v2\/users\/4"}],"replies":[{"embeddable":true,"href":"https:\/\/wncri.org\/fr\/wp-json\/wp\/v2\/comments?post=13042"}],"version-history":[{"count":0,"href":"https:\/\/wncri.org\/fr\/wp-json\/wp\/v2\/posts\/13042\/revisions"}],"wp:featuredmedia":[{"embeddable":true,"href":"https:\/\/wncri.org\/fr\/wp-json\/wp\/v2\/media\/13044"}],"wp:attachment":[{"href":"https:\/\/wncri.org\/fr\/wp-json\/wp\/v2\/media?parent=13042"}],"wp:term":[{"taxonomy":"category","embeddable":true,"href":"https:\/\/wncri.org\/fr\/wp-json\/wp\/v2\/categories?post=13042"},{"taxonomy":"post_tag","embeddable":true,"href":"https:\/\/wncri.org\/fr\/wp-json\/wp\/v2\/tags?post=13042"}],"curies":[{"name":"wp","href":"https:\/\/api.w.org\/{rel}","templated":true}]}}