{"id":13028,"date":"2021-04-05T22:19:33","date_gmt":"2021-04-05T20:19:33","guid":{"rendered":"https:\/\/wncri.org\/fr\/?p=13028"},"modified":"2021-04-05T22:25:08","modified_gmt":"2021-04-05T20:25:08","slug":"bannissement-de-prisonnieres-politiques","status":"publish","type":"post","link":"https:\/\/wncri.org\/fr\/2021\/04\/05\/bannissement-de-prisonnieres-politiques\/","title":{"rendered":"Rapport mensuel mars 2021 &#8211; Bannissement de prisonni\u00e8res politiques et ex\u00e9cutions"},"content":{"rendered":"\n<div class=\"wp-block-file\"><a href=\"https:\/\/wncri.org\/fr\/wp-content\/uploads\/2021\/04\/Monthly-March-2021_FR.pdf\">Rapport mensuel March 2021      <\/a><a href=\"https:\/\/wncri.org\/fr\/wp-content\/uploads\/2021\/04\/Monthly-March-2021_FR.pdf\" class=\"wp-block-file__button\" download>Download<\/a><\/div>\n\n\n\n<p><strong>\u00c0 la veille de Norouz, le r\u00e9gime iranien multiplie les ex\u00e9cutions de femmes et l&#8217;exil de prisonni\u00e8res politiques.<\/strong><\/p>\n\n\n\n<p>Le nouvel an perse, Norouz, a commenc\u00e9 le 20 mars 2021. N\u00e9anmoins, \u00e0 la veille du Nouvel An et alors que tous les Iraniens se pr\u00e9paraient ces c\u00e9l\u00e9brations, le r\u00e9gime cl\u00e9rical iranien a intensifi\u00e9 les ex\u00e9cutions de femmes et le bannissement de prisonni\u00e8res politiques. Cette mesure inhumaine, qui viole les droits des prisonni\u00e8res, a ruin\u00e9 les c\u00e9l\u00e9brations du Nouvel An de leurs familles \u00e9galement.<\/p>\n\n\n\n<h3 class=\"wp-block-heading\"><strong>Ex\u00e9cution de cinq femmes<\/strong><\/h3>\n\n\n\n<p>Le r\u00e9gime cl\u00e9rical <a href=\"https:\/\/wncri.org\/fr\/2020\/01\/20\/93-femmes-executees-en-iran-sous-rohani\/\" target=\"_blank\" rel=\"noreferrer noopener\">a ex\u00e9cut\u00e9 cinq femmes<\/a> depuis le d\u00e9but de l&#8217;ann\u00e9e 2021.<\/p>\n\n\n\n<p>Une femme non identifi\u00e9e a \u00e9t\u00e9 pendue \u00e0 la prison centrale de Sanandaj le 27 janvier 2021.<\/p>\n\n\n\n<p>Une autre femme non identifi\u00e9e, \u00e2g\u00e9e de 23 ans seulement, a \u00e9t\u00e9 pendue \u00e0 la prison d&#8217;Ardebil, le 8 f\u00e9vrier 2021.<\/p>\n\n\n\n<p>Zahra Esma&#8217;ili a \u00e9t\u00e9 pendue \u00e0 la prison Gohardacht de Karadj le 17 f\u00e9vrier 2021.<\/p>\n\n\n\n<p>Maryam (Massoumeh) Karimi a \u00e9t\u00e9 pendue \u00e0 la prison de Lakan, \u00e0 Racht, le 13 mars 2021.<\/p>\n\n\n\n<p>Nafiseh Pakmehr a \u00e9t\u00e9 pendue \u00e0 la prison de Taybad le 14 mars 2021.<\/p>\n\n\n\n<h3 class=\"wp-block-heading\"><strong>Pendre le corps sans vie de Zahra Esma&#8217;ili, m\u00e8re de deux enfants.<\/strong><\/h3>\n\n\n\n<p>Zahra Esma&#8217;ili, 42 ans et deux enfants, a \u00e9t\u00e9 pendue \u00e0 l&#8217;aube du 17 f\u00e9vrier 2021 \u00e0 la prison Gohardacht de Karadj.<\/p>\n\n\n\n<p>Avant sa propre ex\u00e9cution, elle a d\u00fb assister \u00e0 la pendaison de 16 autres personnes avant elle. Avant d&#8217;atteindre la potence, elle a \u00e9t\u00e9 victime d&#8217;une crise cardiaque qui l\u2019a tu\u00e9e sur le coup.<\/p>\n\n\n\n<div class=\"wp-block-image\"><figure class=\"aligncenter size-large\"><img decoding=\"async\" src=\"data:image\/gif;base64,R0lGODlhAQABAIAAAAAAAP\/\/\/yH5BAEAAAAALAAAAAABAAEAAAIBRAA7\" data-src=\"https:\/\/wncri.org\/fr\/wp-content\/uploads\/2021\/04\/\u0632\u0647\u0631\u0627-\u0627\u0633\u0645\u0627\u0639\u06cc\u0644\u06cc-\u0627\u0639\u062f\u0627\u0645-\u062c\u0645\u0639\u06cc-\u062f\u0631-\u06af\u0648\u0647\u0631-\u062f\u0634\u062a-min.jpg\" alt=\"Zahra Esma\u2019ili, une parente et ses deux enfants (\u00e0 gauche) ; lieu des pendaisons collectives dans la prison de Gohardacht o\u00f9 Zahra a \u00e9t\u00e9 pendue\" class=\"wp-image-13032 lazyload\"\/><noscript><img decoding=\"async\" width=\"750\" height=\"200\" src=\"https:\/\/wncri.org\/fr\/wp-content\/uploads\/2021\/04\/\u0632\u0647\u0631\u0627-\u0627\u0633\u0645\u0627\u0639\u06cc\u0644\u06cc-\u0627\u0639\u062f\u0627\u0645-\u062c\u0645\u0639\u06cc-\u062f\u0631-\u06af\u0648\u0647\u0631-\u062f\u0634\u062a-min.jpg\" alt=\"Zahra Esma\u2019ili, une parente et ses deux enfants (\u00e0 gauche) ; lieu des pendaisons collectives dans la prison de Gohardacht o\u00f9 Zahra a \u00e9t\u00e9 pendue\" class=\"wp-image-13032 lazyload\" srcset=\"https:\/\/wncri.org\/fr\/wp-content\/uploads\/2021\/04\/\u0632\u0647\u0631\u0627-\u0627\u0633\u0645\u0627\u0639\u06cc\u0644\u06cc-\u0627\u0639\u062f\u0627\u0645-\u062c\u0645\u0639\u06cc-\u062f\u0631-\u06af\u0648\u0647\u0631-\u062f\u0634\u062a-min.jpg 750w, https:\/\/wncri.org\/fr\/wp-content\/uploads\/2021\/04\/\u0632\u0647\u0631\u0627-\u0627\u0633\u0645\u0627\u0639\u06cc\u0644\u06cc-\u0627\u0639\u062f\u0627\u0645-\u062c\u0645\u0639\u06cc-\u062f\u0631-\u06af\u0648\u0647\u0631-\u062f\u0634\u062a-min-300x80.jpg 300w\" sizes=\"(max-width: 750px) 100vw, 750px\" \/><\/noscript><figcaption><strong>Zahra Esma\u2019ili, une parente et ses deux enfants (\u00e0 gauche) ; lieu des pendaisons collectives dans la prison de Gohardacht o\u00f9 Zahra a \u00e9t\u00e9 pendue<\/strong><\/figcaption><\/figure><\/div>\n\n\n\n<p>Par la suite, son avocat a annonc\u00e9 que les responsables de la prison avaient pendu son corps sans vie. Il a vu le certificat de d\u00e9c\u00e8s qui indiquait &#8220;attaque cardiaque&#8221; comme raison du d\u00e9c\u00e8s.<\/p>\n\n\n\n<p>Zahra Esma&#8217;ili <a href=\"https:\/\/wncri.org\/fr\/2021\/02\/19\/une-femme-innocente-meurt-dune-crise-cardiaque-avant-datteindre-la-potence\/\" target=\"_blank\" rel=\"noreferrer noopener\">\u00e9tait une femme innocente<\/a>. Elle a revendiqu\u00e9 le meurtre de son mari pour sauver sa fille adolescente qui lui avait tir\u00e9 une balle dans la t\u00eate.<\/p>\n\n\n\n<p>Alireza Zamani, son mari, \u00e9tait directeur g\u00e9n\u00e9ral du minist\u00e8re du Renseignement. Il maltraitait et battait r\u00e9guli\u00e8rement sa femme et ses enfants. Il avait l&#8217;habitude d&#8217;amener des femmes chez lui sous les yeux de sa propre famille.<\/p>\n\n\n\n<p>Alireza Zamani avait m\u00eame menac\u00e9 de tuer sa femme et tent\u00e9 de violer sa fille.<\/p>\n\n\n\n<p>\u00c0 la suite de ces brutalit\u00e9s, sa fille l&#8217;a tu\u00e9 avec l&#8217;aide de son fr\u00e8re.<\/p>\n\n\n\n<p><a href=\"https:\/\/wncri.org\/fr\/2021\/02\/17\/execution-dune-femme\/\" target=\"_blank\" rel=\"noreferrer noopener\">Son ex\u00e9cution<\/a> a \u00e9t\u00e9 une vengeance inhumaine par des agents des services de renseignement.<\/p>\n\n\n\n<p><a href=\"https:\/\/wncri.org\/fr\/2021\/03\/15\/une-femme-pendue\/\" target=\"_blank\" rel=\"noreferrer noopener\">Maryam Karimi (Massoumeh)<\/a> a \u00e9t\u00e9 pendue \u00e0 la prison de Lakan \u00e0 Racht le 13 mars 2021. Elle \u00e9tait mari\u00e9e et avait un enfant. Maryam Karimi \u00e9tait victime de violences domestiques mais son mari n&#8217;avait pas accept\u00e9 le divorce.<\/p>\n\n\n\n<p>La derni\u00e8re femme ex\u00e9cut\u00e9e \u00e9tait <a href=\"https:\/\/wncri.org\/fr\/2021\/03\/19\/une-femme-pendue-en-iran\/\" target=\"_blank\" rel=\"noreferrer noopener\">Nafiseh Pakmehr<\/a>, qui \u00e9tait emprisonn\u00e9e dans le couloir de la mort depuis huit ans. Elle \u00e9tait la 116e femme \u00e0 \u00eatre ex\u00e9cut\u00e9e sous le mandat de Rohani.<\/p>\n\n\n\n<h3 class=\"wp-block-heading\"><strong>Le premier bourreau de femmes au monde.<\/strong><\/h3>\n\n\n\n<p>L&#8217;Iran d\u00e9tient le record mondial du plus grand nombre d&#8217;ex\u00e9cutions par habitant. Il est \u00e9galement le <a href=\"https:\/\/wncri.org\/fr\/2020\/01\/20\/93-femmes-executees-en-iran-sous-rohani\/\" target=\"_blank\" rel=\"noreferrer noopener\">premier bourreau de femmes<\/a> au monde. Les ex\u00e9cutions ont lieu \u00e0 l&#8217;issue de proc\u00e8s manifestement in\u00e9quitables.<\/p>\n\n\n\n<p>Plus de 4 300 personnes ont \u00e9t\u00e9 ex\u00e9cut\u00e9es en Iran sous le mandat pr\u00e9sidentiel de Rohani. \u00c0 ce jour, 116 femmes figurent parmi elles.<\/p>\n\n\n\n<p>Le nombre r\u00e9el d&#8217;ex\u00e9cutions, et en particulier de femmes, est beaucoup plus \u00e9lev\u00e9.<\/p>\n\n\n\n<p>Le r\u00e9gime iranien utilise ouvertement la peine de mort comme une forme de punition. Dans de nombreux cas et de mani\u00e8re discriminatoire, cette peine est appliqu\u00e9e contre les minorit\u00e9s religieuses et ethniques, les dissidents politiques et les femmes.<\/p>\n\n\n\n<p>La plupart des femmes ex\u00e9cut\u00e9es sont elles-m\u00eames <a href=\"https:\/\/wncri.org\/fr\/2020\/12\/01\/le-meurtre-de-femmes-le-gouvernement-clerical-est-le-principal-suspect\/\" target=\"_blank\" rel=\"noreferrer noopener\">victimes de violences domestiques<\/a> et commettent un meurtre en \u00e9tat de l\u00e9gitime d\u00e9fense. Mais le r\u00e9gime des mollahs ne cat\u00e9gorise pas les homicides, et tous les cas de meurtre, quelle qu&#8217;en soit la motivation, sont punis de mort.<\/p>\n\n\n\n<h3 class=\"wp-block-heading\"><strong>La commission des Femmes du CNRI condamne la peine de mort<\/strong><\/h3>\n\n\n\n<p>La commission des Femmes du CNRI condamne fermement la peine de mort. La commission a demand\u00e9 \u00e0 plusieurs reprises \u00e0 la Haut-Commissaire des Nations Unies aux droits de l&#8217;homme, au Rapporteur sp\u00e9cial des Nations Unies sur la violence \u00e0 l&#8217;\u00e9gard des femmes, et \u00e0 toutes les organisations internationales de d\u00e9fense des droits humains et des droits des femmes de condamner fermement les ex\u00e9cutions en Iran et en particulier l&#8217;ex\u00e9cution de femmes.<\/p>\n\n\n\n<p>La commission des Femmes du CNRI a \u00e9galement demand\u00e9 une action urgente pour sauver la vie des prisonniers du couloir de la mort, en particulier les femmes.<\/p>\n\n\n\n<h3 class=\"wp-block-heading\"><strong>Bannissement ill\u00e9gal des prisonni\u00e8res politiques<\/strong><\/h3>\n\n\n\n<p>L&#8217;une des pressions syst\u00e9matiques exerc\u00e9es sur les prisonni\u00e8res politiques, et toujours en vigueur, est leur bannissement ill\u00e9gal vers des prisons situ\u00e9es loin de leur ville de r\u00e9sidence.<\/p>\n\n\n\n<p>Maryam Akbari Monfared et Atena Daemi font partie des prisonni\u00e8res politiques r\u00e9sistantes qui ont \u00e9t\u00e9 envoy\u00e9es dans des prisons lointaines au mois de mars.<\/p>\n\n\n\n<div class=\"wp-block-image\"><figure class=\"aligncenter size-large\"><img decoding=\"async\" src=\"data:image\/gif;base64,R0lGODlhAQABAIAAAAAAAP\/\/\/yH5BAEAAAAALAAAAAABAAEAAAIBRAA7\" data-src=\"https:\/\/wncri.org\/fr\/wp-content\/uploads\/2021\/04\/\u0645\u0631\u06cc\u0645-\u0627\u06a9\u0628\u0631\u06cc-\u0645\u0646\u0641\u0631\u062f-\u06af\u0644\u0631\u062e-\u0627\u06cc\u0631\u0627\u06cc\u06cc-\u0622\u062a\u0646\u0627-\u062f\u0627\u0626\u0645\u06cc-min.jpg\" alt=\"Depuis la gauche : Maryam Akbari Monfared, Golrokh Iraee, et Atena Daemi\" class=\"wp-image-13034 lazyload\"\/><noscript><img decoding=\"async\" width=\"750\" height=\"200\" src=\"https:\/\/wncri.org\/fr\/wp-content\/uploads\/2021\/04\/\u0645\u0631\u06cc\u0645-\u0627\u06a9\u0628\u0631\u06cc-\u0645\u0646\u0641\u0631\u062f-\u06af\u0644\u0631\u062e-\u0627\u06cc\u0631\u0627\u06cc\u06cc-\u0622\u062a\u0646\u0627-\u062f\u0627\u0626\u0645\u06cc-min.jpg\" alt=\"Depuis la gauche : Maryam Akbari Monfared, Golrokh Iraee, et Atena Daemi\" class=\"wp-image-13034 lazyload\" srcset=\"https:\/\/wncri.org\/fr\/wp-content\/uploads\/2021\/04\/\u0645\u0631\u06cc\u0645-\u0627\u06a9\u0628\u0631\u06cc-\u0645\u0646\u0641\u0631\u062f-\u06af\u0644\u0631\u062e-\u0627\u06cc\u0631\u0627\u06cc\u06cc-\u0622\u062a\u0646\u0627-\u062f\u0627\u0626\u0645\u06cc-min.jpg 750w, https:\/\/wncri.org\/fr\/wp-content\/uploads\/2021\/04\/\u0645\u0631\u06cc\u0645-\u0627\u06a9\u0628\u0631\u06cc-\u0645\u0646\u0641\u0631\u062f-\u06af\u0644\u0631\u062e-\u0627\u06cc\u0631\u0627\u06cc\u06cc-\u0622\u062a\u0646\u0627-\u062f\u0627\u0626\u0645\u06cc-min-300x80.jpg 300w\" sizes=\"(max-width: 750px) 100vw, 750px\" \/><\/noscript><figcaption><strong>Depuis la gauche : Maryam Akbari Monfared, Golrokh Iraee, et Atena Daemi<\/strong><\/figcaption><\/figure><\/div>\n\n\n\n<h3 class=\"wp-block-heading\"><strong>Maryam Akbari Monfared<\/strong><\/h3>\n\n\n\n<p>Selon les informations du 9 mars 2021, la prisonni\u00e8re politique Maryam Akbari Monfared a \u00e9t\u00e9 <a href=\"https:\/\/wncri.org\/fr\/2021\/03\/10\/prisonniere-politique-maryam-akbari\/\" target=\"_blank\" rel=\"noreferrer noopener\">brusquement transf\u00e9r\u00e9e du<\/a> quartier des femmes de la prison d&#8217;Evin et bannie vers la prison de Semnan, \u00e0 l&#8217;issue de la 12e ann\u00e9e de son emprisonnement.<\/p>\n\n\n\n<p>Les informations en provenance du quartier des femmes d&#8217;Evine indiquent que <a href=\"https:\/\/wncri.org\/fr\/2021\/03\/16\/le-bannissement-de-maryam-akbari-conamne-par-les-detenues-devine\/\" target=\"_blank\" rel=\"noreferrer noopener\">ses compagnes de cellule ont protest\u00e9<\/a> contre son bannissement et sont intervenues pour emp\u00eacher son transfert. Mais des gardiens de prison ont violemment fait irruption dans le quartier et l&#8217;ont fait sortir de force.<\/p>\n\n\n\n<p>Dans un communiqu\u00e9 du 11 mars, le CNRI a fermement condamn\u00e9 l&#8217;exil ill\u00e9gal des prisonni\u00e8res politiques Maryam Akbari Monfared et Golrokh Ebrahimi Iraee.<\/p>\n\n\n\n<p>Maryam Akbari Monfared est actuellement d\u00e9tenue <a href=\"https:\/\/wncri.org\/fr\/2021\/03\/26\/situation-de-maryam-akbari\/\" target=\"_blank\" rel=\"noreferrer noopener\">\u00e0 la prison de Semnan<\/a> parmi les prisonni\u00e8res de droit commun, sans acc\u00e8s \u00e0 ses effets personnels. Sa d\u00e9tention dans la section g\u00e9n\u00e9rale constitue une violation du principe de s\u00e9paration des crimes.<\/p>\n\n\n\n<p>Priv\u00e9e de carte t\u00e9l\u00e9phonique, elle passe ses appels quotidiens dans le bureau de la s\u00e9curit\u00e9 de la prison et en pr\u00e9sence d&#8217;un gardien.<\/p>\n\n\n\n<p>Les conditions sanitaires dans la section g\u00e9n\u00e9rale de la prison de Semnan sont d\u00e9plorables. Les autorit\u00e9s p\u00e9nitentiaires ne fournissent pas de d\u00e9tergents ou de d\u00e9sinfectants aux d\u00e9tenus.<\/p>\n\n\n\n<p>Maryam Akbari Monfared a trois filles et purge sa 12e ann\u00e9e de prison. Elle est d\u00e9tenue depuis le 31 d\u00e9cembre 2009, sans un seul jour de permission de sortie, pour avoir demand\u00e9 justice pour sa s\u0153ur et ses trois fr\u00e8res ex\u00e9cut\u00e9s dans les ann\u00e9es 1980. Elle est priv\u00e9e d&#8217;acc\u00e8s aux soins et aux traitements m\u00e9dicaux.<\/p>\n\n\n\n<h3 class=\"wp-block-heading\"><strong>Atena Daemi<\/strong><strong><\/strong><\/h3>\n\n\n\n<p>La prisonni\u00e8re politique Atena Daemi a \u00e9t\u00e9 brusquement exil\u00e9e \u00e0 la prison de Lakan, \u00e0 Racht, dans la nuit du mardi 16 mars 2021. Le transfert forc\u00e9 d&#8217;Atena Daemi a eu lieu la veille du Nouvel An persan, le 20 mars.<\/p>\n\n\n\n<p>Atena Daemi n&#8217;avait pas \u00e9t\u00e9 inform\u00e9e \u00e0 l&#8217;avance, et elle n&#8217;a pas \u00e9t\u00e9 autoris\u00e9e \u00e0 faire ses bagages ni \u00e0 contacter sa famille. Les gardiens de prison lui ont pass\u00e9 les menottes aux mains et aux pieds et l&#8217;ont fait sortir du quartier des femmes de la prison d&#8217;Evine.<\/p>\n\n\n\n<p>Atena Daemi faisait partie des signataires d&#8217;une lettre de protestation contre l\u2019\u00e9loignement forc\u00e9 et l&#8217;exil ill\u00e9gal de la prisonni\u00e8re politique <a href=\"https:\/\/wncri.org\/fr\/2021\/03\/16\/le-bannissement-de-maryam-akbari-conamne-par-les-detenues-devine\/\" target=\"_blank\" rel=\"noreferrer noopener\">Maryam Akbari Monfared<\/a> \u00e0 la prison de Semnan.<\/p>\n\n\n\n<p>Dans <a href=\"https:\/\/wncri.org\/fr\/2021\/03\/17\/la-commission-des-femmes-du-cnri-condamne-avec-force-le-bannissement-violent-datena-daemi\/\" target=\"_blank\" rel=\"noreferrer noopener\">un communiqu\u00e9 le 17 mars<\/a>, la commission des Femmes du CNRI a fermement condamn\u00e9 le d\u00e9placement forc\u00e9 et l&#8217;exil ill\u00e9gal de prisonni\u00e8res politiques, y compris l&#8217;exil de Mme Atena Daemi.<\/p>\n\n\n\n<p>Atena Daemi, 32 ans et militante des droits humains et des droits de l&#8217;enfant, aurait d\u00fb \u00eatre lib\u00e9r\u00e9e le 4 juillet 2020, apr\u00e8s avoir purg\u00e9 sa peine de 5 ans de prison. Mais elle a \u00e9t\u00e9 condamn\u00e9e une nouvelle fois \u00e0 un total de 5 ans d&#8217;emprisonnement et 74 coups de fouet en raison d&#8217;accusations forg\u00e9es de toutes pi\u00e8ces port\u00e9es contre elle par le minist\u00e8re du Renseignement et les gardiens de la r\u00e9volution (pasdarans).<\/p>\n\n\n\n<h3 class=\"wp-block-heading\"><strong>Golrokh Ebrahimi Iraee<\/strong><\/h3>\n\n\n\n<p>La prisonni\u00e8re politique Golrokh Iraee <a href=\"https:\/\/wncri.org\/fr\/2021\/01\/25\/la-prisonniere-politique-golrokh\/\" target=\"_blank\" rel=\"noreferrer noopener\">a \u00e9t\u00e9 \u00e9loign\u00e9e \u00e0 la prison d&#8217;Amol<\/a>, dans la province de Mazandaran, au nord de l&#8217;Iran, le 24 janvier 2021, apr\u00e8s avoir \u00e9t\u00e9 renvoy\u00e9e \u00e0 la prison de Qarchak plus t\u00f4t dans la journ\u00e9e. Elle avait \u00e9t\u00e9 interrog\u00e9e par les services de renseignements du Corps des gardiens de la r\u00e9volution pendant 43 jours dans le quartier 2A de la prison d&#8217;Evine \u00e0 T\u00e9h\u00e9ran.<\/p>\n\n\n\n<p>Lors de son transfert forc\u00e9 de Qarchak, elle n&#8217;a pas \u00e9t\u00e9 autoris\u00e9e \u00e0 prendre ses affaires personnelles et les objets n\u00e9cessaires.<\/p>\n\n\n\n<p>Une cinquantaine de prisonni\u00e8res sont d\u00e9tenues dans deux salles du quartier des femmes de la prison d&#8217;Amol. La plupart ont \u00e9t\u00e9 condamn\u00e9es pour des infractions li\u00e9es \u00e0 la drogue et certaines sont atteintes d&#8217;h\u00e9patite. Il n&#8217;y a pas de quarantaine pour les nouvelles arrivantes et le risque de contracter le coronavirus est \u00e9lev\u00e9 dans cette prison.<\/p>\n\n\n\n<h3 class=\"wp-block-heading\"><strong>Eloignement des prisonni\u00e8res politiques kurdes<\/strong><\/h3>\n\n\n\n<p>The clerical regime had earlier exiled a considerable number of political prisoners from the women\u2019s ward of Evin Prison. Among them were two Kurdish political prisoners who have been exiled to different prisons several times.<\/p>\n\n\n\n<p>La prisonni\u00e8re politique kurde Sakineh Parvaneh a \u00e9t\u00e9 transf\u00e9r\u00e9e d&#8217;une prison \u00e0 l&#8217;autre dans plusieurs villes. Son dernier transfert a eu lieu le 24 f\u00e9vrier 2021, de la prison centrale de Machad vers un lieu non divulgu\u00e9.<\/p>\n\n\n\n<p>La prisonni\u00e8re <a href=\"https:\/\/wncri.org\/fr\/2020\/11\/13\/zeinab-jalalian-emmenee-a-la-prison-de-yazd\/\" target=\"_blank\" rel=\"noreferrer noopener\">politique kurde Zeinab Jalalian<\/a>, condamn\u00e9e \u00e0 perp\u00e9tuit\u00e9, a \u00e9t\u00e9 d\u00e9plac\u00e9e dans quatre prisons situ\u00e9es dans diff\u00e9rentes r\u00e9gions du pays depuis avril 2020. Lors de son dernier appel t\u00e9l\u00e9phonique \u00e0 sa famille le 10 novembre 2020, elle a d\u00e9clar\u00e9 avoir \u00e9t\u00e9 transf\u00e9r\u00e9e de force \u00e0 la <a href=\"https:\/\/wncri.org\/fr\/2020\/11\/13\/zeinab-jalalian-emmenee-a-la-prison-de-yazd\/\" target=\"_blank\" rel=\"noreferrer noopener\">prison de Yazd<\/a>. Elle a dit qu&#8217;elle avait \u00e9t\u00e9 brutalis\u00e9e et insult\u00e9e en chemin.<\/p>\n\n\n\n<div class=\"wp-block-image\"><figure class=\"aligncenter size-large\"><img decoding=\"async\" src=\"data:image\/gif;base64,R0lGODlhAQABAIAAAAAAAP\/\/\/yH5BAEAAAAALAAAAAABAAEAAAIBRAA7\" data-src=\"https:\/\/wncri.org\/fr\/wp-content\/uploads\/2021\/04\/\u0633\u06a9\u06cc\u0646\u0647-\u067e\u0631\u0648\u0627\u0646\u0647-\u0632\u06cc\u0646\u0628-\u062c\u0644\u0627\u0644\u06cc\u0627\u0646-min.jpg\" alt=\"Zeinab Jalalian (\u00e0 gauche) et Sakineh Parvaneh\" class=\"wp-image-13033 lazyload\"\/><noscript><img decoding=\"async\" width=\"750\" height=\"200\" src=\"https:\/\/wncri.org\/fr\/wp-content\/uploads\/2021\/04\/\u0633\u06a9\u06cc\u0646\u0647-\u067e\u0631\u0648\u0627\u0646\u0647-\u0632\u06cc\u0646\u0628-\u062c\u0644\u0627\u0644\u06cc\u0627\u0646-min.jpg\" alt=\"Zeinab Jalalian (\u00e0 gauche) et Sakineh Parvaneh\" class=\"wp-image-13033 lazyload\" srcset=\"https:\/\/wncri.org\/fr\/wp-content\/uploads\/2021\/04\/\u0633\u06a9\u06cc\u0646\u0647-\u067e\u0631\u0648\u0627\u0646\u0647-\u0632\u06cc\u0646\u0628-\u062c\u0644\u0627\u0644\u06cc\u0627\u0646-min.jpg 750w, https:\/\/wncri.org\/fr\/wp-content\/uploads\/2021\/04\/\u0633\u06a9\u06cc\u0646\u0647-\u067e\u0631\u0648\u0627\u0646\u0647-\u0632\u06cc\u0646\u0628-\u062c\u0644\u0627\u0644\u06cc\u0627\u0646-min-300x80.jpg 300w\" sizes=\"(max-width: 750px) 100vw, 750px\" \/><\/noscript><figcaption><strong>Zeinab Jalalian (\u00e0 gauche) et Sakineh Parvaneh<\/strong><\/figcaption><\/figure><\/div>\n\n\n\n<h3 class=\"wp-block-heading\"><strong>Pourquoi le r\u00e9gime \u00e9loigne-t-il des prisonni\u00e8res ?<\/strong><\/h3>\n\n\n\n<p>Le r\u00e9gime a r\u00e9cemment intensifi\u00e9 l&#8217;envoi de prisonni\u00e8res politiques en exil pour accro\u00eetre la pression sur elles et punir les r\u00e9sistantes. Mais certains observateurs affirment que cela fait partie d&#8217;un plan visant \u00e0 d\u00e9manteler progressivement le quartier des femmes de la prison d&#8217;Evine.<\/p>\n\n\n\n<p>Le quartier des femmes d&#8217;Evine est le point central de la r\u00e9sistance et des protestations des prisonni\u00e8res politiques. Elles font la gr\u00e8ve de la faim, individuellement ou collectivement, \u00e9crivent des lettres ouvertes d\u00e9non\u00e7ant les crimes inhumains du r\u00e9gime dans les prisons et condamnent l&#8217;ex\u00e9cution d&#8217;autres prisonniers politiques.<\/p>\n\n\n\n<h3 class=\"wp-block-heading\"><strong>Une des pires exp\u00e9riences en prison<\/strong><\/h3>\n\n\n\n<p>Les prisonni\u00e8res qui ont fait l&#8217;exp\u00e9rience du bannissement disent que c&#8217;est l&#8217;une des exp\u00e9riences les plus p\u00e9nibles et les plus dommageables de l&#8217;emprisonnement. Cette mesure ill\u00e9gale punit non seulement la prisonni\u00e8re mais aussi sa famille.<\/p>\n\n\n\n<p>Les familles doivent parcourir de longues distances pour une visite de 20 minutes. Dans certains cas, m\u00eame apr\u00e8s avoir fait ce d\u00e9placement, elles ne peuvent pas effectuer la visite parce qu&#8217;elles ne connaissent pas le r\u00e8glement int\u00e9rieur de la nouvelle prison.<\/p>\n\n\n\n<h3 class=\"wp-block-heading\"><strong>Le rapporteur sp\u00e9cial : une discrimination sexuelle omnipr\u00e9sente<\/strong><\/h3>\n\n\n\n<p>En Iran, les femmes et les jeunes filles sont trait\u00e9es comme des citoyens de seconde zone, a d\u00e9clar\u00e9 M. Javaid Rehman, rapporteur sp\u00e9cial des Nations unies sur la situation des droits de l&#8217;homme en Iran.<\/p>\n\n\n\n<p>Le <a href=\"https:\/\/wncri.org\/fr\/2021\/03\/24\/javaid-rehman\/\" target=\"_blank\" rel=\"noreferrer noopener\">rapport de M. Rehman<\/a>, publi\u00e9 \u00e0 l&#8217;occasion de la Journ\u00e9e internationale des Femmes, explique comment la discrimination fond\u00e9e sur le sexe s&#8217;est infiltr\u00e9e dans presque tous les domaines du droit et de la pratique.<\/p>\n\n\n\n<p>L&#8217;Iran est l&#8217;un des rares \u00c9tats \u00e0 ne pas avoir sign\u00e9 la Convention sur l&#8217;\u00e9limination de toutes les formes de discrimination \u00e0 l&#8217;\u00e9gard des femmes.<\/p>\n\n\n\n<h3 class=\"wp-block-heading\"><strong>Les Iraniennes, fer de lance de la lutte contre un r\u00e9gime oppressif<\/strong><\/h3>\n\n\n\n<p>C&#8217;est la fiert\u00e9 des femmes iraniennes d\u2019avoir men\u00e9 une lutte acharn\u00e9e pour la libert\u00e9 et l&#8217;\u00e9galit\u00e9 pendant les 40 ann\u00e9es du r\u00e9gime cl\u00e9rical malgr\u00e9 toutes les discriminations et les privations et malgr\u00e9 les conditions r\u00e9pressives. Ce r\u00e9gime finira par recevoir un dernier coup fatal, et ce sera par les femmes.<\/p>\n\n\n\n<div class=\"wp-block-image\"><figure class=\"aligncenter size-large is-resized\"><img decoding=\"async\" src=\"data:image\/gif;base64,R0lGODlhAQABAIAAAAAAAP\/\/\/yH5BAEAAAAALAAAAAABAAEAAAIBRAA7\" data-src=\"https:\/\/wncri.org\/fr\/wp-content\/uploads\/2021\/04\/\u0627\u0646\u062a\u0647\u0627\u06cc-\u0645\u0627\u0647\u0646\u0627\u0645\u0647-\u0628\u0631\u0627\u06cc-\u0645\u0642\u0627\u0648\u0645\u062a-\u0632\u0646\u0627\u0646-min.jpg\" alt=\"L'une des activit\u00e9s organis\u00e9es \u00e0 T\u00e9h\u00e9ran pour c\u00e9l\u00e9brer la Journ\u00e9e internationale des femmes le 8 mars.\" class=\"wp-image-13031 lazyload\" width=\"480\" height=\"242\"\/><noscript><img decoding=\"async\" src=\"https:\/\/wncri.org\/fr\/wp-content\/uploads\/2021\/04\/\u0627\u0646\u062a\u0647\u0627\u06cc-\u0645\u0627\u0647\u0646\u0627\u0645\u0647-\u0628\u0631\u0627\u06cc-\u0645\u0642\u0627\u0648\u0645\u062a-\u0632\u0646\u0627\u0646-min.jpg\" alt=\"L'une des activit\u00e9s organis\u00e9es \u00e0 T\u00e9h\u00e9ran pour c\u00e9l\u00e9brer la Journ\u00e9e internationale des femmes le 8 mars.\" class=\"wp-image-13031 lazyload\" width=\"480\" height=\"242\" srcset=\"https:\/\/wncri.org\/fr\/wp-content\/uploads\/2021\/04\/\u0627\u0646\u062a\u0647\u0627\u06cc-\u0645\u0627\u0647\u0646\u0627\u0645\u0647-\u0628\u0631\u0627\u06cc-\u0645\u0642\u0627\u0648\u0645\u062a-\u0632\u0646\u0627\u0646-min.jpg 396w, https:\/\/wncri.org\/fr\/wp-content\/uploads\/2021\/04\/\u0627\u0646\u062a\u0647\u0627\u06cc-\u0645\u0627\u0647\u0646\u0627\u0645\u0647-\u0628\u0631\u0627\u06cc-\u0645\u0642\u0627\u0648\u0645\u062a-\u0632\u0646\u0627\u0646-min-300x152.jpg 300w\" sizes=\"(max-width: 480px) 100vw, 480px\" \/><\/noscript><figcaption><strong>L&#8217;une des activit\u00e9s organis\u00e9es \u00e0 T\u00e9h\u00e9ran pour c\u00e9l\u00e9brer la Journ\u00e9e internationale des femmes le 8 mars<\/strong><\/figcaption><\/figure><\/div>\n\n\n\n<p>Le mois de mars a vu le r\u00f4le effectif et d\u00e9cisif des femmes dans tous les actes de protestation contre le gouvernement, y compris dans les prisons et dans les unit\u00e9s de r\u00e9sistance, dans toutes les manifestations et soul\u00e8vements, dans <a href=\"https:\/\/wncri.org\/fr\/2021\/03\/09\/une-conference-marque-le-8-mars\/\" target=\"_blank\" rel=\"noreferrer noopener\">les activit\u00e9s c\u00e9l\u00e9brant le 8 mars<\/a> sous des mesures de r\u00e9pression s\u00e9v\u00e8res, dans la <a href=\"https:\/\/wncri.org\/fr\/2021\/03\/28\/meres-des-victimes\/\" target=\"_blank\" rel=\"noreferrer noopener\">comm\u00e9moration des martyrs<\/a> au Nouvel An persan, Norouz, et partout.<\/p>\n\n\n\n<p>Dans les derniers jours de mars \u00e9galement, le peuple iranien a organis\u00e9 des manifestations dans tout le pays contre le contrat de coop\u00e9ration anti-iranien de 25 ans sign\u00e9 avec la Chine. Les <a href=\"https:\/\/wncri.org\/fr\/2021\/03\/30\/les-femmes-fer-de-lance-des-protestations-contre-le-contrat-anti-iranien-des-mollahs\/\" target=\"_blank\" rel=\"noreferrer noopener\">femmes ont \u00e9t\u00e9 le fer de lance<\/a> de ces manifestations dans toutes les grandes capitales. Elles ont scand\u00e9 : &#8220;L&#8217;Iran n&#8217;est pas \u00e0 vendre&#8221; et &#8220;Nous nous battrons et mourrons, mais nous reprendrons l&#8217;Iran&#8221;.<\/p>\n\n\n\n<p>Au troisi\u00e8me jour de ces protestations, un groupe de femmes a organis\u00e9 une manifestation devant le parlement des mollahs \u00e0 T\u00e9h\u00e9ran, malgr\u00e9 la pr\u00e9sence massive des forces de s\u00e9curit\u00e9 et d&#8217;agents en civil. Elles ont \u00e9t\u00e9 <a href=\"https:\/\/wncri.org\/fr\/2021\/03\/31\/des-femmes-brutalisees\/\" target=\"_blank\" rel=\"noreferrer noopener\">sauvagement attaqu\u00e9es et brutalis\u00e9es<\/a> par les forces de s\u00e9curit\u00e9.<\/p>\n\n\n\n<div class=\"wp-block-image\"><figure class=\"aligncenter size-large\"><img decoding=\"async\" src=\"data:image\/gif;base64,R0lGODlhAQABAIAAAAAAAP\/\/\/yH5BAEAAAAALAAAAAABAAEAAAIBRAA7\" data-src=\"https:\/\/wncri.org\/fr\/wp-content\/uploads\/2021\/04\/\u0627\u0639\u062a\u0631\u0627\u0636\u0627\u062a-\u0639\u0644\u06cc\u0647-\u0642\u0631\u0627\u0631\u062f\u0627\u062f-\u0636\u062f\u0627\u06cc\u0631\u0627\u0646\u06cc-\u0628\u0627-\u0686\u06cc\u0646-min.jpg\" alt=\"Des femmes manifestant contre le contrat anti-iranien ; de gauche \u00e0 droite : Ispahan, Kazeroun, Kermanchah et Karadj.\" class=\"wp-image-13030 lazyload\"\/><noscript><img decoding=\"async\" width=\"750\" height=\"200\" src=\"https:\/\/wncri.org\/fr\/wp-content\/uploads\/2021\/04\/\u0627\u0639\u062a\u0631\u0627\u0636\u0627\u062a-\u0639\u0644\u06cc\u0647-\u0642\u0631\u0627\u0631\u062f\u0627\u062f-\u0636\u062f\u0627\u06cc\u0631\u0627\u0646\u06cc-\u0628\u0627-\u0686\u06cc\u0646-min.jpg\" alt=\"Des femmes manifestant contre le contrat anti-iranien ; de gauche \u00e0 droite : Ispahan, Kazeroun, Kermanchah et Karadj.\" class=\"wp-image-13030 lazyload\" srcset=\"https:\/\/wncri.org\/fr\/wp-content\/uploads\/2021\/04\/\u0627\u0639\u062a\u0631\u0627\u0636\u0627\u062a-\u0639\u0644\u06cc\u0647-\u0642\u0631\u0627\u0631\u062f\u0627\u062f-\u0636\u062f\u0627\u06cc\u0631\u0627\u0646\u06cc-\u0628\u0627-\u0686\u06cc\u0646-min.jpg 750w, https:\/\/wncri.org\/fr\/wp-content\/uploads\/2021\/04\/\u0627\u0639\u062a\u0631\u0627\u0636\u0627\u062a-\u0639\u0644\u06cc\u0647-\u0642\u0631\u0627\u0631\u062f\u0627\u062f-\u0636\u062f\u0627\u06cc\u0631\u0627\u0646\u06cc-\u0628\u0627-\u0686\u06cc\u0646-min-300x80.jpg 300w\" sizes=\"(max-width: 750px) 100vw, 750px\" \/><\/noscript><figcaption><strong>Des femmes manifestant contre le contrat anti-iranien ; de gauche \u00e0 droite : Ispahan, Kazeroun, Kermanchah et Karadj<\/strong><\/figcaption><\/figure><\/div>\n","protected":false},"excerpt":{"rendered":"<p>\u00c0 la veille de Norouz, le r\u00e9gime iranien multiplie les ex\u00e9cutions de femmes et l&#8217;exil de prisonni\u00e8res politiques. Le nouvel an perse, Norouz, a commenc\u00e9 le 20 mars 2021. N\u00e9anmoins, \u00e0 la veille du Nouvel An et alors que tous les Iraniens se pr\u00e9paraient ces c\u00e9l\u00e9brations, le r\u00e9gime cl\u00e9rical iranien a intensifi\u00e9 les ex\u00e9cutions de [&hellip;]<\/p>\n","protected":false},"author":4,"featured_media":13029,"comment_status":"closed","ping_status":"closed","sticky":false,"template":"","format":"standard","meta":{"jnews-multi-image_gallery":[],"jnews_single_post":{"subtitle":"","format":"standard","video":"","gallery":"","source_name":"","source_url":"","via_name":"","via_url":"","override":[{"single_blog_custom":"","sidebar":"","second_sidebar":"","share_position":"","share_float_style":"","post_date_format":"","post_date_format_custom":"","post_reading_time_wpm":"","zoom_button_out_step":"1","zoom_button_in_step":"1","number_popup_post":"1"}],"image_override":[{"single_post_thumbnail_size":"","single_post_gallery_size":""}],"trending_post_position":"","trending_post_label":"","sponsored_post_label":"","sponsored_post_name":"","sponsored_post_url":"","sponsored_post_logo":"","sponsored_post_desc":""},"jnews_primary_category":{"id":""},"jnews_social_meta":[],"jnews_override_counter":{"view_counter_number":"0","share_counter_number":"0","like_counter_number":"0","dislike_counter_number":"0"},"footnotes":""},"categories":[7],"tags":[367,370],"class_list":["post-13028","post","type-post","status-publish","format-standard","has-post-thumbnail","hentry","category-les-regles","tag-execution","tag-prisonnieres"],"_links":{"self":[{"href":"https:\/\/wncri.org\/fr\/wp-json\/wp\/v2\/posts\/13028","targetHints":{"allow":["GET"]}}],"collection":[{"href":"https:\/\/wncri.org\/fr\/wp-json\/wp\/v2\/posts"}],"about":[{"href":"https:\/\/wncri.org\/fr\/wp-json\/wp\/v2\/types\/post"}],"author":[{"embeddable":true,"href":"https:\/\/wncri.org\/fr\/wp-json\/wp\/v2\/users\/4"}],"replies":[{"embeddable":true,"href":"https:\/\/wncri.org\/fr\/wp-json\/wp\/v2\/comments?post=13028"}],"version-history":[{"count":0,"href":"https:\/\/wncri.org\/fr\/wp-json\/wp\/v2\/posts\/13028\/revisions"}],"wp:featuredmedia":[{"embeddable":true,"href":"https:\/\/wncri.org\/fr\/wp-json\/wp\/v2\/media\/13029"}],"wp:attachment":[{"href":"https:\/\/wncri.org\/fr\/wp-json\/wp\/v2\/media?parent=13028"}],"wp:term":[{"taxonomy":"category","embeddable":true,"href":"https:\/\/wncri.org\/fr\/wp-json\/wp\/v2\/categories?post=13028"},{"taxonomy":"post_tag","embeddable":true,"href":"https:\/\/wncri.org\/fr\/wp-json\/wp\/v2\/tags?post=13028"}],"curies":[{"name":"wp","href":"https:\/\/api.w.org\/{rel}","templated":true}]}}