{"id":12993,"date":"2021-03-31T12:19:00","date_gmt":"2021-03-31T10:19:00","guid":{"rendered":"https:\/\/wncri.org\/fr\/?p=12993"},"modified":"2021-04-02T12:27:17","modified_gmt":"2021-04-02T10:27:17","slug":"des-femmes-brutalisees","status":"publish","type":"post","link":"https:\/\/wncri.org\/fr\/2021\/03\/31\/des-femmes-brutalisees\/","title":{"rendered":"Des femmes brutalis\u00e9es au 3e jour des manifestations contre le contrat anti-iranien"},"content":{"rendered":"\n<p>Des femmes brutalis\u00e9es au 3e jour des manifestations contre le contrat anti-iranien<\/p>\n\n\n\n<p> Des femmes brutalis\u00e9es au 3e jour des manifestations contre le contrat anti-iranien. Les forces de s\u00e9curit\u00e9 ont attaqu\u00e9 les manifestants \u00e0 coups de matraque. Les Iraniens ont poursuivi leurs protestations contre le contrat perfide de 25 ans pass\u00e9 par le r\u00e9gime cl\u00e9rical avec la Chine, qui brade les richesses et les biens du peuple iranien.<\/p>\n\n\n\n<p>Mercredi 31 mars 2021, de plus en plus d&#8217;Iraniens et d&#8217;Iraniennes sont descendus dans la rue pour montrer leur d\u00e9sapprobation du r\u00e9gime. Ils tenaient des pancartes sur lesquelles on pouvait lire : &#8220;L&#8217;Iran n&#8217;est pas \u00e0 vendre&#8221;.<\/p>\n\n\n\n<p>L\u00e0 encore, les <a href=\"https:\/\/wncri.org\/fr\/2021\/03\/30\/les-femmes-fer-de-lance-des-protestations-contre-le-contrat-anti-iranien-des-mollahs\/\" target=\"_blank\" rel=\"noreferrer noopener\">femmes <\/a>ont jou\u00e9 un r\u00f4le actif dans toutes ces manifestations.<\/p>\n\n\n\n<p>\u00c0 T\u00e9h\u00e9ran, un groupe de femmes a organis\u00e9 un rassemblement de protestation devant le parlement des mollahs malgr\u00e9 le d\u00e9ploiement massif de forces de s\u00e9curit\u00e9 et d&#8217;agents en civil.<\/p>\n\n\n\n<p>Les agents, parmi lesquels se trouvaient des mercenaires non iraniens, ont attaqu\u00e9 les manifestants \u00e0 coups de matraque. Ils n&#8217;ont eu aucune piti\u00e9. Ils ont brutalis\u00e9 les personnes \u00e2g\u00e9es et les enfants.<\/p>\n\n\n\n<p>Les forces de s\u00e9curit\u00e9 ont frapp\u00e9 une fillette d&#8217;environ 10-12 ans qui avait particip\u00e9 \u00e0 la manifestation avec sa m\u00e8re. Les agents ont voulu frapper la m\u00e8re \u00e0 la t\u00eate lorsqu&#8217;elle a tent\u00e9 de prot\u00e9ger sa fille et de l\u2019emmener loin des forces r\u00e9pressives, mais d&#8217;autres personnes pr\u00e9sentes sur les lieux les en ont emp\u00each\u00e9.<\/p>\n\n\n\n<p>Les forces r\u00e9pressives ont \u00e9galement frapp\u00e9 un grand nombre de femmes, leur arrachant ou brisant leurs t\u00e9l\u00e9phones portables.<\/p>\n\n\n\n<p>Les forces de s\u00e9curit\u00e9 ont rempli trois camionnettes et un minibus de personnes arr\u00eat\u00e9es et les ont emmen\u00e9es.<\/p>\n\n\n\n<p>A Machad, la deuxi\u00e8me ville d\u2019Iran, un grand nombre de personnes ont organis\u00e9 une manifestation \u00e0 l&#8217;intersection Abdul-Motalleb.<\/p>\n\n\n\n<p>Des manifestations ont aussi \u00e9t\u00e9 signal\u00e9es \u00e0 Kazeroun, dans la province de Fars (sud de l&#8217;Iran), \u00e0 Qorveh, au Kurdistan, et \u00e0 Kermanchah (ouest de l&#8217;Iran).<\/p>\n\n\n\n<div class=\"wp-block-image\"><figure class=\"aligncenter size-large\"><img decoding=\"async\" src=\"data:image\/gif;base64,R0lGODlhAQABAIAAAAAAAP\/\/\/yH5BAEAAAAALAAAAAABAAEAAAIBRAA7\" data-src=\"https:\/\/wncri.org\/fr\/wp-content\/uploads\/2021\/04\/women-protest-in-Kazerun-min.jpg\" alt=\"Des femmes manifestant \u00e0 Kazeroun\" class=\"wp-image-12981 lazyload\"\/><noscript><img decoding=\"async\" width=\"750\" height=\"375\" src=\"https:\/\/wncri.org\/fr\/wp-content\/uploads\/2021\/04\/women-protest-in-Kazerun-min.jpg\" alt=\"Des femmes manifestant \u00e0 Kazeroun\" class=\"wp-image-12981 lazyload\" srcset=\"https:\/\/wncri.org\/fr\/wp-content\/uploads\/2021\/04\/women-protest-in-Kazerun-min.jpg 750w, https:\/\/wncri.org\/fr\/wp-content\/uploads\/2021\/04\/women-protest-in-Kazerun-min-300x150.jpg 300w, https:\/\/wncri.org\/fr\/wp-content\/uploads\/2021\/04\/women-protest-in-Kazerun-min-360x180.jpg 360w\" sizes=\"(max-width: 750px) 100vw, 750px\" \/><\/noscript><figcaption>Des femmes manifestant \u00e0 Kazeroun, dans la province de Fars, dans le sud de l&#8217;Iran<\/figcaption><\/figure><\/div>\n\n\n\n<div class=\"wp-block-image\"><figure class=\"aligncenter size-large\"><img decoding=\"async\" src=\"data:image\/gif;base64,R0lGODlhAQABAIAAAAAAAP\/\/\/yH5BAEAAAAALAAAAAABAAEAAAIBRAA7\" data-src=\"https:\/\/wncri.org\/fr\/wp-content\/uploads\/2021\/04\/women-protest-in-Kermanshah-min.jpg\" alt=\"Un groupe \u00e0 Kermanchah, dans l'ouest de l'Iran, protestant contre le contrat bradant les ressources de l\u2019Iran \u00e0 la Chine.\" class=\"wp-image-12982 lazyload\"\/><noscript><img decoding=\"async\" width=\"750\" height=\"375\" src=\"https:\/\/wncri.org\/fr\/wp-content\/uploads\/2021\/04\/women-protest-in-Kermanshah-min.jpg\" alt=\"Un groupe \u00e0 Kermanchah, dans l'ouest de l'Iran, protestant contre le contrat bradant les ressources de l\u2019Iran \u00e0 la Chine.\" class=\"wp-image-12982 lazyload\" srcset=\"https:\/\/wncri.org\/fr\/wp-content\/uploads\/2021\/04\/women-protest-in-Kermanshah-min.jpg 750w, https:\/\/wncri.org\/fr\/wp-content\/uploads\/2021\/04\/women-protest-in-Kermanshah-min-300x150.jpg 300w, https:\/\/wncri.org\/fr\/wp-content\/uploads\/2021\/04\/women-protest-in-Kermanshah-min-360x180.jpg 360w\" sizes=\"(max-width: 750px) 100vw, 750px\" \/><\/noscript><figcaption>Un groupe \u00e0 Kermanchah, dans l&#8217;ouest de l&#8217;Iran, protestant contre le contrat bradant les ressources de l\u2019Iran \u00e0 la Chine.<\/figcaption><\/figure><\/div>\n","protected":false},"excerpt":{"rendered":"<p>Des femmes brutalis\u00e9es au 3e jour des manifestations contre le contrat anti-iranien Des femmes brutalis\u00e9es au 3e jour des manifestations contre le contrat anti-iranien. Les forces de s\u00e9curit\u00e9 ont attaqu\u00e9 les manifestants \u00e0 coups de matraque. Les Iraniens ont poursuivi leurs protestations contre le contrat perfide de 25 ans pass\u00e9 par le r\u00e9gime cl\u00e9rical avec [&hellip;]<\/p>\n","protected":false},"author":4,"featured_media":12980,"comment_status":"closed","ping_status":"closed","sticky":false,"template":"","format":"standard","meta":{"jnews-multi-image_gallery":[],"jnews_single_post":{"subtitle":"","format":"standard","video":"","gallery":"","source_name":"","source_url":"","via_name":"","via_url":"","override":[{"single_blog_custom":"","sidebar":"","second_sidebar":"","share_position":"","share_float_style":"","post_date_format":"","post_date_format_custom":"","post_reading_time_wpm":"","zoom_button_out_step":"1","zoom_button_in_step":"1","number_popup_post":"1"}],"image_override":[{"single_post_thumbnail_size":"","single_post_gallery_size":""}],"trending_post_position":"","trending_post_label":"","sponsored_post_label":"","sponsored_post_name":"","sponsored_post_url":"","sponsored_post_logo":"","sponsored_post_desc":""},"jnews_primary_category":{"id":""},"jnews_social_meta":[],"jnews_override_counter":{"view_counter_number":"0","share_counter_number":"0","like_counter_number":"0","dislike_counter_number":"0"},"footnotes":""},"categories":[3],"tags":[369],"class_list":["post-12993","post","type-post","status-publish","format-standard","has-post-thumbnail","hentry","category-infos-des-femmes","tag-manifestations"],"_links":{"self":[{"href":"https:\/\/wncri.org\/fr\/wp-json\/wp\/v2\/posts\/12993","targetHints":{"allow":["GET"]}}],"collection":[{"href":"https:\/\/wncri.org\/fr\/wp-json\/wp\/v2\/posts"}],"about":[{"href":"https:\/\/wncri.org\/fr\/wp-json\/wp\/v2\/types\/post"}],"author":[{"embeddable":true,"href":"https:\/\/wncri.org\/fr\/wp-json\/wp\/v2\/users\/4"}],"replies":[{"embeddable":true,"href":"https:\/\/wncri.org\/fr\/wp-json\/wp\/v2\/comments?post=12993"}],"version-history":[{"count":0,"href":"https:\/\/wncri.org\/fr\/wp-json\/wp\/v2\/posts\/12993\/revisions"}],"wp:featuredmedia":[{"embeddable":true,"href":"https:\/\/wncri.org\/fr\/wp-json\/wp\/v2\/media\/12980"}],"wp:attachment":[{"href":"https:\/\/wncri.org\/fr\/wp-json\/wp\/v2\/media?parent=12993"}],"wp:term":[{"taxonomy":"category","embeddable":true,"href":"https:\/\/wncri.org\/fr\/wp-json\/wp\/v2\/categories?post=12993"},{"taxonomy":"post_tag","embeddable":true,"href":"https:\/\/wncri.org\/fr\/wp-json\/wp\/v2\/tags?post=12993"}],"curies":[{"name":"wp","href":"https:\/\/api.w.org\/{rel}","templated":true}]}}