{"id":12979,"date":"2021-03-30T12:04:00","date_gmt":"2021-03-30T10:04:00","guid":{"rendered":"https:\/\/wncri.org\/fr\/?p=12979"},"modified":"2021-04-02T12:19:12","modified_gmt":"2021-04-02T10:19:12","slug":"les-femmes-fer-de-lance-des-protestations-contre-le-contrat-anti-iranien-des-mollahs","status":"publish","type":"post","link":"https:\/\/wncri.org\/fr\/2021\/03\/30\/les-femmes-fer-de-lance-des-protestations-contre-le-contrat-anti-iranien-des-mollahs\/","title":{"rendered":"Les femmes fer de lance des protestations contre le contrat anti-iranien des mollahs"},"content":{"rendered":"\n<p> La nouvelle est tomb\u00e9e que le r\u00e9gime cl\u00e9rical avait sign\u00e9 un &#8220;document global pour une coop\u00e9ration strat\u00e9gique de 25 ans avec la Chine&#8221;. Ce faisant, les mollahs ont brad\u00e9 les ressources et les biens du peuple iranien pour pr\u00e9server leur r\u00e9gime d\u00e9test\u00e9.<\/p>\n\n\n\n<p>En r\u00e9action, les Iraniens ont organis\u00e9 des manifestations dans toutes les grandes villes du pays pour d\u00e9noncer ce contrat f\u00e9lon. Les femmes ont \u00e9t\u00e9 le fer de lance de nombreuses manifestations et ont jou\u00e9 un r\u00f4le actif les deux jours ayant suivi l&#8217;annonce de la signature du contrat.<\/p>\n\n\n\n<p>Le r\u00e9gime cl\u00e9rical n&#8217;a pas publi\u00e9 le texte du document par crainte d&#8217;un d\u00e9cha\u00eenement de la col\u00e8re populaire.<\/p>\n\n\n\n<p>Dans les slogans scand\u00e9s ou inscrits sur les pancartes des manifestants figuraient&nbsp;: &#8220;L&#8217;Iran n&#8217;est pas \u00e0 vendre&#8221;, &#8220;Nous nous battrons et nous mourrons mais nous reprendrons l&#8217;Iran&#8221;, &#8220;Nous serons l\u00e0 tous les jours jusqu&#8217;\u00e0 ce que le contrat soit annul\u00e9&#8221;.<\/p>\n\n\n\n<div class=\"wp-block-image\"><figure class=\"aligncenter size-large is-resized\"><img decoding=\"async\" src=\"data:image\/gif;base64,R0lGODlhAQABAIAAAAAAAP\/\/\/yH5BAEAAAAALAAAAAABAAEAAAIBRAA7\" data-src=\"https:\/\/wncri.org\/fr\/wp-content\/uploads\/2021\/04\/Karaj-protest-4-min.jpg\" alt=\"Des femmes manifestant \u00e0 Karadj et \u00e0 Ispahan (1\u00e8re \u00e0 droite)\" class=\"wp-image-12986 lazyload\" width=\"819\" height=\"410\"\/><noscript><img decoding=\"async\" src=\"https:\/\/wncri.org\/fr\/wp-content\/uploads\/2021\/04\/Karaj-protest-4-min.jpg\" alt=\"Des femmes manifestant \u00e0 Karadj et \u00e0 Ispahan (1\u00e8re \u00e0 droite)\" class=\"wp-image-12986 lazyload\" width=\"819\" height=\"410\" srcset=\"https:\/\/wncri.org\/fr\/wp-content\/uploads\/2021\/04\/Karaj-protest-4-min.jpg 750w, https:\/\/wncri.org\/fr\/wp-content\/uploads\/2021\/04\/Karaj-protest-4-min-300x150.jpg 300w, https:\/\/wncri.org\/fr\/wp-content\/uploads\/2021\/04\/Karaj-protest-4-min-360x180.jpg 360w\" sizes=\"(max-width: 819px) 100vw, 819px\" \/><\/noscript><\/figure><\/div>\n\n\n\n<div class=\"wp-block-image\"><figure class=\"aligncenter size-large is-resized\"><img decoding=\"async\" src=\"data:image\/gif;base64,R0lGODlhAQABAIAAAAAAAP\/\/\/yH5BAEAAAAALAAAAAABAAEAAAIBRAA7\" data-src=\"https:\/\/wncri.org\/fr\/wp-content\/uploads\/2021\/04\/Karaj-protest-3-min.jpg\" alt=\"Des femmes manifestant \u00e0 Karadj et \u00e0 Ispahan (1\u00e8re \u00e0 droite)\" class=\"wp-image-12985 lazyload\" width=\"713\" height=\"357\"\/><noscript><img decoding=\"async\" src=\"https:\/\/wncri.org\/fr\/wp-content\/uploads\/2021\/04\/Karaj-protest-3-min.jpg\" alt=\"Des femmes manifestant \u00e0 Karadj et \u00e0 Ispahan (1\u00e8re \u00e0 droite)\" class=\"wp-image-12985 lazyload\" width=\"713\" height=\"357\" srcset=\"https:\/\/wncri.org\/fr\/wp-content\/uploads\/2021\/04\/Karaj-protest-3-min.jpg 750w, https:\/\/wncri.org\/fr\/wp-content\/uploads\/2021\/04\/Karaj-protest-3-min-300x150.jpg 300w, https:\/\/wncri.org\/fr\/wp-content\/uploads\/2021\/04\/Karaj-protest-3-min-360x180.jpg 360w\" sizes=\"(max-width: 713px) 100vw, 713px\" \/><\/noscript><figcaption>Des femmes manifestant \u00e0 Karadj et \u00e0 Ispahan (1\u00e8re \u00e0 droite)<\/figcaption><\/figure><\/div>\n\n\n\n<div class=\"wp-block-image\"><figure class=\"aligncenter size-large is-resized\"><img decoding=\"async\" src=\"data:image\/gif;base64,R0lGODlhAQABAIAAAAAAAP\/\/\/yH5BAEAAAAALAAAAAABAAEAAAIBRAA7\" data-src=\"https:\/\/wncri.org\/fr\/wp-content\/uploads\/2021\/04\/A-woman-wearing-shroud-in-Tabriz-min.jpg\" alt=\"Une femme portant un linceul \u00e0 Tabriz en signe de protestation contre l\u2019accord f\u00e9lon \" class=\"wp-image-12983 lazyload\" width=\"793\" height=\"397\"\/><noscript><img decoding=\"async\" src=\"https:\/\/wncri.org\/fr\/wp-content\/uploads\/2021\/04\/A-woman-wearing-shroud-in-Tabriz-min.jpg\" alt=\"Une femme portant un linceul \u00e0 Tabriz en signe de protestation contre l\u2019accord f\u00e9lon \" class=\"wp-image-12983 lazyload\" width=\"793\" height=\"397\" srcset=\"https:\/\/wncri.org\/fr\/wp-content\/uploads\/2021\/04\/A-woman-wearing-shroud-in-Tabriz-min.jpg 750w, https:\/\/wncri.org\/fr\/wp-content\/uploads\/2021\/04\/A-woman-wearing-shroud-in-Tabriz-min-300x150.jpg 300w, https:\/\/wncri.org\/fr\/wp-content\/uploads\/2021\/04\/A-woman-wearing-shroud-in-Tabriz-min-360x180.jpg 360w\" sizes=\"(max-width: 793px) 100vw, 793px\" \/><\/noscript><figcaption>Une femme portant un linceul \u00e0 Tabriz en signe de protestation contre l\u2019accord f\u00e9lon <\/figcaption><\/figure><\/div>\n\n\n\n<div class=\"wp-block-image\"><figure class=\"aligncenter size-large is-resized\"><img decoding=\"async\" src=\"data:image\/gif;base64,R0lGODlhAQABAIAAAAAAAP\/\/\/yH5BAEAAAAALAAAAAABAAEAAAIBRAA7\" data-src=\"https:\/\/wncri.org\/fr\/wp-content\/uploads\/2021\/04\/Karaj-protest-2-min.jpg\" alt=\"Manifestation \u00e0 T\u00e9h\u00e9ran et Karadj\" class=\"wp-image-12984 lazyload\" width=\"806\" height=\"403\"\/><noscript><img decoding=\"async\" src=\"https:\/\/wncri.org\/fr\/wp-content\/uploads\/2021\/04\/Karaj-protest-2-min.jpg\" alt=\"Manifestation \u00e0 T\u00e9h\u00e9ran et Karadj\" class=\"wp-image-12984 lazyload\" width=\"806\" height=\"403\" srcset=\"https:\/\/wncri.org\/fr\/wp-content\/uploads\/2021\/04\/Karaj-protest-2-min.jpg 750w, https:\/\/wncri.org\/fr\/wp-content\/uploads\/2021\/04\/Karaj-protest-2-min-300x150.jpg 300w, https:\/\/wncri.org\/fr\/wp-content\/uploads\/2021\/04\/Karaj-protest-2-min-360x180.jpg 360w\" sizes=\"(max-width: 806px) 100vw, 806px\" \/><\/noscript><figcaption>Manifestation \u00e0 T\u00e9h\u00e9ran et Karadj<\/figcaption><\/figure><\/div>\n","protected":false},"excerpt":{"rendered":"<p>La nouvelle est tomb\u00e9e que le r\u00e9gime cl\u00e9rical avait sign\u00e9 un &#8220;document global pour une coop\u00e9ration strat\u00e9gique de 25 ans avec la Chine&#8221;. Ce faisant, les mollahs ont brad\u00e9 les ressources et les biens du peuple iranien pour pr\u00e9server leur r\u00e9gime d\u00e9test\u00e9. En r\u00e9action, les Iraniens ont organis\u00e9 des manifestations dans toutes les grandes villes [&hellip;]<\/p>\n","protected":false},"author":4,"featured_media":12987,"comment_status":"closed","ping_status":"closed","sticky":false,"template":"","format":"standard","meta":{"jnews-multi-image_gallery":[],"jnews_single_post":{"subtitle":"","format":"standard","video":"","gallery":"","source_name":"","source_url":"","via_name":"","via_url":"","override":[{"single_blog_custom":"","sidebar":"","second_sidebar":"","share_position":"","share_float_style":"","post_date_format":"","post_date_format_custom":"","post_reading_time_wpm":"","zoom_button_out_step":"1","zoom_button_in_step":"1","number_popup_post":"1"}],"image_override":[{"single_post_thumbnail_size":"","single_post_gallery_size":""}],"trending_post_position":"","trending_post_label":"","sponsored_post_label":"","sponsored_post_name":"","sponsored_post_url":"","sponsored_post_logo":"","sponsored_post_desc":""},"jnews_primary_category":{"id":""},"jnews_social_meta":[],"jnews_override_counter":{"view_counter_number":"0","share_counter_number":"0","like_counter_number":"0","dislike_counter_number":"0"},"footnotes":""},"categories":[3],"tags":[369],"class_list":["post-12979","post","type-post","status-publish","format-standard","has-post-thumbnail","hentry","category-infos-des-femmes","tag-manifestations"],"_links":{"self":[{"href":"https:\/\/wncri.org\/fr\/wp-json\/wp\/v2\/posts\/12979","targetHints":{"allow":["GET"]}}],"collection":[{"href":"https:\/\/wncri.org\/fr\/wp-json\/wp\/v2\/posts"}],"about":[{"href":"https:\/\/wncri.org\/fr\/wp-json\/wp\/v2\/types\/post"}],"author":[{"embeddable":true,"href":"https:\/\/wncri.org\/fr\/wp-json\/wp\/v2\/users\/4"}],"replies":[{"embeddable":true,"href":"https:\/\/wncri.org\/fr\/wp-json\/wp\/v2\/comments?post=12979"}],"version-history":[{"count":0,"href":"https:\/\/wncri.org\/fr\/wp-json\/wp\/v2\/posts\/12979\/revisions"}],"wp:featuredmedia":[{"embeddable":true,"href":"https:\/\/wncri.org\/fr\/wp-json\/wp\/v2\/media\/12987"}],"wp:attachment":[{"href":"https:\/\/wncri.org\/fr\/wp-json\/wp\/v2\/media?parent=12979"}],"wp:term":[{"taxonomy":"category","embeddable":true,"href":"https:\/\/wncri.org\/fr\/wp-json\/wp\/v2\/categories?post=12979"},{"taxonomy":"post_tag","embeddable":true,"href":"https:\/\/wncri.org\/fr\/wp-json\/wp\/v2\/tags?post=12979"}],"curies":[{"name":"wp","href":"https:\/\/api.w.org\/{rel}","templated":true}]}}