{"id":12971,"date":"2021-03-28T12:46:00","date_gmt":"2021-03-28T10:46:00","guid":{"rendered":"https:\/\/wncri.org\/fr\/?p=12971"},"modified":"2021-03-30T12:56:20","modified_gmt":"2021-03-30T10:56:20","slug":"meres-des-victimes","status":"publish","type":"post","link":"https:\/\/wncri.org\/fr\/2021\/03\/28\/meres-des-victimes\/","title":{"rendered":"Les m\u00e8res des victimes des ex\u00e9cutions demandent justice contre les bourreaux"},"content":{"rendered":"\n<p>CNRI Femmes &#8211; Les m\u00e8res des victimes ex\u00e9cut\u00e9es ou tu\u00e9es par le r\u00e9gime cl\u00e9rical en Iran, et en particulier les m\u00e8res et les fr\u00e8res et s\u0153urs des victimes du soul\u00e8vement de novembre 2019, ont parl\u00e9 pendant les f\u00eates du Nouvel An persan pour demander justice pour leurs enfants. Ils veulent que les meurtriers de leurs enfants et de leurs proches soient poursuivis et punis.<\/p>\n\n\n\n<p>Les m\u00e8res des <a href=\"https:\/\/wncri.org\/fr\/2019\/12\/23\/1500-personnes-dont-400-femmes-tuees-dans-le-soulevement-en-iran-reuters\/\" target=\"_blank\" rel=\"noreferrer noopener\">victimes du soul\u00e8vement<\/a> de novembre 2019 et d&#8217;autres personnes tomb\u00e9es pour la libert\u00e9 de l&#8217;Iran, ont embo\u00eet\u00e9 le pas aux familles des victimes du massacre de 1988, en insistant sur la devise : &#8220;Ni pardon ni oubli &#8220;.<\/p>\n\n\n\n<h3 class=\"wp-block-heading\"><strong>Les m\u00e8res des victimes du soul\u00e8vement de novembre 2019<\/strong><\/h3>\n\n\n\n<p>Voici des exemples de d\u00e9clarations faites par des m\u00e8res des victimes du soul\u00e8vement de novembre 2019, dont certaines ont \u00e9t\u00e9 enregistr\u00e9es pr\u00e8s de leurs tombes et publi\u00e9es sur les m\u00e9dias sociaux :<\/p>\n\n\n\n<p>La m\u00e8re de Pejman Qolipour, l&#8217;une des victimes du <a href=\"https:\/\/wncri.org\/fr\/2020\/09\/21\/liste-de-femmes-tuees\/\" target=\"_blank\" rel=\"noreferrer noopener\">massacre des manifestants<\/a> de novembre 2019, s&#8217;est adress\u00e9e aux Iraniens : \u00ab\u00a0J&#8217;esp\u00e8re que l&#8217;ann\u00e9e \u00e0 venir sera remplie de calme, sans oppression, sans effusion de sang, sans agression. Nous suivons le chemin de nos enfants. J&#8217;ai cri\u00e9 partout que je suis la m\u00e8re de Pejman Qolipour, et la seule chose qui apaisera mon \u00e2me est que justice soit rendu contre celui qui a vis\u00e9 le c\u0153ur de mon fils.\u00a0\u00bb<\/p>\n\n\n\n<p>La m\u00e8re \u00e9plor\u00e9e de Mehdi Nekoui s&#8217;est rendue sur la tombe de son fils au d\u00e9but de l&#8217;ann\u00e9e (qui commence le 21 mars avec le printemps en Iran) et a pri\u00e9 pour que le r\u00e9gime prenne fin. Sa s\u0153ur a d\u00e9clar\u00e9 : \u00ab&nbsp;Je suis la s\u0153ur de Mehdi Nekoui. Ma famille et moi ne pardonnerons jamais&#8230; Nous ne serons consol\u00e9s que lorsque celui qui a tir\u00e9 sur le c\u0153ur de notre proche sera jug\u00e9e.&nbsp;\u00bb<\/p>\n\n\n\n<p>La m\u00e8re Mehrdad Mo\u00efnfar a d\u00e9clar\u00e9 dans un message : \u00ab&nbsp;La justice est le seul espoir qui nous maintient en vie. Nous vivons dans l&#8217;espoir du renversement des assassins de nos enfants.&nbsp;\u00bb<\/p>\n\n\n\n<p>La m\u00e8re de Reza Mo&#8217;azzami a pr\u00e9sent\u00e9 ses v\u0153ux pour la nouvelle ann\u00e9e en d\u00e9clarant : \u00ab&nbsp;Nous sommes ici pour demander justice pour nos enfants. Je ne l\u00e2cherai rien tant que le meurtrier de Reza sera en vie.&nbsp;\u00bb<\/p>\n\n\n\n<p>La famille de Vahid Damvar a d\u00e9clar\u00e9 : \u00ab&nbsp;Nous n&#8217;aurons aucune piti\u00e9 pour le meurtrier de nos enfants. Ils ont ruin\u00e9 notre f\u00eate. Khamenei, que Dieu g\u00e2che la tienne !&nbsp;\u00bb<\/p>\n\n\n\n<figure class=\"wp-block-image size-large is-resized\"><img decoding=\"async\" src=\"data:image\/gif;base64,R0lGODlhAQABAIAAAAAAAP\/\/\/yH5BAEAAAAALAAAAAABAAEAAAIBRAA7\" data-src=\"https:\/\/wncri.org\/fr\/wp-content\/uploads\/2021\/03\/mothers-of-the-victims-seek-justice-for-their-children-3-min.jpg\" alt=\"Les m\u00e8res des victimes du soul\u00e8vement de novembre 2019\" class=\"wp-image-12974 lazyload\" width=\"843\" height=\"422\"\/><noscript><img decoding=\"async\" src=\"https:\/\/wncri.org\/fr\/wp-content\/uploads\/2021\/03\/mothers-of-the-victims-seek-justice-for-their-children-3-min.jpg\" alt=\"Les m\u00e8res des victimes du soul\u00e8vement de novembre 2019\" class=\"wp-image-12974 lazyload\" width=\"843\" height=\"422\" srcset=\"https:\/\/wncri.org\/fr\/wp-content\/uploads\/2021\/03\/mothers-of-the-victims-seek-justice-for-their-children-3-min.jpg 750w, https:\/\/wncri.org\/fr\/wp-content\/uploads\/2021\/03\/mothers-of-the-victims-seek-justice-for-their-children-3-min-300x150.jpg 300w, https:\/\/wncri.org\/fr\/wp-content\/uploads\/2021\/03\/mothers-of-the-victims-seek-justice-for-their-children-3-min-360x180.jpg 360w\" sizes=\"(max-width: 843px) 100vw, 843px\" \/><\/noscript><\/figure>\n\n\n\n<p>La s\u0153ur de Kamal Faraji avait \u00e9galement un message en se rendant sur la tombe de son fr\u00e8re bien-aim\u00e9 : \u00ab&nbsp;A chaque Nouvel An, les gens vont rendre visite \u00e0 leur fr\u00e8re pour lui souhaiter une bonne ann\u00e9e. Aujourd\u2019hui, nous sommes venus sur sa tombe. J&#8217;esp\u00e8re que 1400 sera l&#8217;ann\u00e9e de l&#8217;an\u00e9antissement de ce r\u00e9gime.&nbsp;\u00bb<\/p>\n\n\n\n<p>Le fr\u00e8re du Dr Borhan Mansour-Nia, tu\u00e9 lors du soul\u00e8vement de novembre 2019, a d\u00e9clar\u00e9 : \u00ab&nbsp;Notre principale demande est la justice (pour la victime).&nbsp;\u00bb<\/p>\n\n\n\n<p>L&#8217;\u00e9pouse d&#8217;Ali Fotouhi Kouhsareh a d\u00e9clar\u00e9 : \u00ab&nbsp;Nos proches ont \u00e9t\u00e9 d\u00e9lib\u00e9r\u00e9ment abattus par des balles en novembre 2019. Et aujourd&#8217;hui, nous attendons impatiemment le jour o\u00f9 la justice sera rendue !&nbsp;\u00bb<\/p>\n\n\n\n<p>L&#8217;\u00e9pouse d&#8217;Aziz Eskandari a d\u00e9clar\u00e9 : \u00ab&nbsp;Je suis la m\u00e8re des deux enfants d&#8217;Aziz qui ont \u00e9t\u00e9 tu\u00e9s en novembre 2019. Je dis : ni pardon, ni oubli !&nbsp;\u00bb<\/p>\n\n\n\n<p>La s\u0153ur de Mohsen Jafarpanah a d\u00e9clar\u00e9 : \u00ab&nbsp;Ce sont les f\u00eates du nouvel an. La personne qui a vis\u00e9 la t\u00eate ou la poitrine de nos enfants et a \u00e9t\u00e9 r\u00e9compens\u00e9e pour cela, est maintenant avec sa famille. Mais 1 500 familles ont \u00e9t\u00e9 bris\u00e9es. La demande et le droit naturel des familles (des victimes) de novembre 2019 est de choisir et d&#8217;assister au ch\u00e2timent des meurtriers.&nbsp;\u00bb<\/p>\n\n\n\n<p>La famille d&#8217;Amir Hossein Kabiri a d\u00e9clar\u00e9 : \u00ab&nbsp;Nous n&#8217;aurons de repos que le jour o\u00f9 le sang d&#8217;Amir Hossein sera veng\u00e9.&nbsp;\u00bb<\/p>\n\n\n\n<p>La famille d&#8217;Ebrahim Ketabdar a d\u00e9clar\u00e9 : \u00ab&nbsp;Notre seule et unique demande est la justice et l&#8217;an\u00e9antissement des assassins. J&#8217;ose dire que c&#8217;est le souhait de 1 500 m\u00e8res endeuill\u00e9es.&nbsp;\u00bb<\/p>\n\n\n\n<p>La m\u00e8re d&#8217;Alireza Anjovi a d\u00e9clar\u00e9 : \u00ab&nbsp;Alireza \u00e9tait toute ma vie et je cherche \u00e0 ce que justice soit faite contre son meurtrier.&nbsp;\u00bb<\/p>\n\n\n\n<figure class=\"wp-block-image size-large is-resized\"><img decoding=\"async\" src=\"data:image\/gif;base64,R0lGODlhAQABAIAAAAAAAP\/\/\/yH5BAEAAAAALAAAAAABAAEAAAIBRAA7\" data-src=\"https:\/\/wncri.org\/fr\/wp-content\/uploads\/2021\/03\/mothers-of-the-victims-seek-justice-for-their-children-2-min.jpg\" alt=\"Des m\u00e8res d\u2019autres victimes \" class=\"wp-image-12973 lazyload\" width=\"838\" height=\"419\"\/><noscript><img decoding=\"async\" src=\"https:\/\/wncri.org\/fr\/wp-content\/uploads\/2021\/03\/mothers-of-the-victims-seek-justice-for-their-children-2-min.jpg\" alt=\"Des m\u00e8res d\u2019autres victimes \" class=\"wp-image-12973 lazyload\" width=\"838\" height=\"419\" srcset=\"https:\/\/wncri.org\/fr\/wp-content\/uploads\/2021\/03\/mothers-of-the-victims-seek-justice-for-their-children-2-min.jpg 750w, https:\/\/wncri.org\/fr\/wp-content\/uploads\/2021\/03\/mothers-of-the-victims-seek-justice-for-their-children-2-min-300x150.jpg 300w, https:\/\/wncri.org\/fr\/wp-content\/uploads\/2021\/03\/mothers-of-the-victims-seek-justice-for-their-children-2-min-360x180.jpg 360w\" sizes=\"(max-width: 838px) 100vw, 838px\" \/><\/noscript><\/figure>\n\n\n\n<h3 class=\"wp-block-heading\"><strong>Des m\u00e8res d\u2019autres victimes<\/strong><\/h3>\n\n\n\n<p>La m\u00e8re de <a href=\"https:\/\/wncri.org\/fr\/?s=Behnoud\" target=\"_blank\" rel=\"noreferrer noopener\">Behnoud Ramezani<\/a> a d\u00e9clar\u00e9 : \u00ab\u00a0Cela fait 10 ans qu&#8217;ils nous ont endeuill\u00e9s. Ils ont cherch\u00e9 \u00e0 solidifier leurs positions, mais ils ont eu tort. Le sang des jeunes de notre pays ne leur permettra pas d&#8217;atteindre leurs r\u00eaves.\u00a0\u00bb<\/p>\n\n\n\n<p>Behnoud Ramezani, \u00e9tudiant en g\u00e9nie m\u00e9canique \u00e0 l&#8217;universit\u00e9 industrielle Noshirvani de Babol, avait \u00e9t\u00e9 battu \u00e0 mort par les miliciens du Bassidj \u00e0 T\u00e9h\u00e9ran lors de la f\u00eate du feu de 2010.&nbsp;<\/p>\n\n\n\n<p>Behiyeh Namjou, <a href=\"https:\/\/wncri.org\/fr\/2020\/09\/12\/le-regime-en-iran-execute-navid-afkari-malgre-les-protestations-du-monde\/\" target=\"_blank\" rel=\"noreferrer noopener\">m\u00e8re de Navid Afkari<\/a>, a post\u00e9 des photos d&#8217;elle \u00e0 c\u00f4t\u00e9 de la tombe de Navid le 20 mars, pour le nouvel an persan. Son fils survivant, Sa\u00efd Afkari, a post\u00e9 un message au nom de sa m\u00e8re : \u00ab\u00a0Ma m\u00e8re exige que soient poursuivis et punis tous ceux qui sont impliqu\u00e9s dans le meurtre de Navid, des hauts responsables du r\u00e9gime aux tortionnaires, en passant par les procureurs, ceux qui ont \u00e9mis le d\u00e9cret de mort, ceux qui ont justifi\u00e9 le d\u00e9cret et ceux qui ont ex\u00e9cut\u00e9 le meurtre&#8230; Navid veut que nous d\u00e9fendions les opprim\u00e9s. Nous voulons que des poursuites soient engag\u00e9es et que la peine maximale soit appliqu\u00e9e (aux auteurs de ces actes).\u00a0\u00bb<\/p>\n\n\n\n<p>Deux autres fils de Mme Namjou, Habib et Vahid Afkari, sont toujours d\u00e9tenus en isolement.<\/p>\n\n\n\n<figure class=\"wp-block-image size-large is-resized\"><img decoding=\"async\" src=\"data:image\/gif;base64,R0lGODlhAQABAIAAAAAAAP\/\/\/yH5BAEAAAAALAAAAAABAAEAAAIBRAA7\" data-src=\"https:\/\/wncri.org\/fr\/wp-content\/uploads\/2021\/03\/mothers-of-the-victims-seek-justice-for-their-children-4-min.jpg\" alt=\"Mansoureh Behkish, qui a perdu ses cinq fr\u00e8res et une s\u0153ur dans les ex\u00e9cutions des ann\u00e9es\" class=\"wp-image-12975 lazyload\" width=\"826\" height=\"413\"\/><noscript><img decoding=\"async\" src=\"https:\/\/wncri.org\/fr\/wp-content\/uploads\/2021\/03\/mothers-of-the-victims-seek-justice-for-their-children-4-min.jpg\" alt=\"Mansoureh Behkish, qui a perdu ses cinq fr\u00e8res et une s\u0153ur dans les ex\u00e9cutions des ann\u00e9es\" class=\"wp-image-12975 lazyload\" width=\"826\" height=\"413\" srcset=\"https:\/\/wncri.org\/fr\/wp-content\/uploads\/2021\/03\/mothers-of-the-victims-seek-justice-for-their-children-4-min.jpg 750w, https:\/\/wncri.org\/fr\/wp-content\/uploads\/2021\/03\/mothers-of-the-victims-seek-justice-for-their-children-4-min-300x150.jpg 300w, https:\/\/wncri.org\/fr\/wp-content\/uploads\/2021\/03\/mothers-of-the-victims-seek-justice-for-their-children-4-min-360x180.jpg 360w\" sizes=\"(max-width: 826px) 100vw, 826px\" \/><\/noscript><\/figure>\n\n\n\n<p><a href=\"https:\/\/wncri.org\/fr\/2018\/02\/03\/iran-une-femme-condamnee-a-7-5-ans-de-prison-pour-avoir-demande-justice\/\" target=\"_blank\" rel=\"noreferrer noopener\">Mansoureh Behkish<\/a>, qui a perdu ses cinq fr\u00e8res et une s\u0153ur dans les ex\u00e9cutions des ann\u00e9es 1980 et le massacre de 1988, a compati avec la m\u00e8re de Navid Afkari, en disant : &#8220;Behiyeh Namjou, ta douleur est la mienne, ta blessure est la mienne. Et je resterai \u00e0 tes c\u00f4t\u00e9s jusqu&#8217;\u00e0 ce que nous obtenions justice de ces oppresseurs !&#8221;.<\/p>\n\n\n\n<p>Behnaz Mahjoubi, soeur de <a href=\"https:\/\/iran-hrm.com\/index.php\/2021\/02\/16\/political-prisoner-behnam-mahjoubi-dies-in-coma\/\" target=\"_blank\" rel=\"noreferrer noopener\">Behnam Mahjoubi<\/a>, a d\u00e9clar\u00e9 dans un tweet : \u00ab\u00a0Je jure de continuer \u00e0 demander justice jusqu&#8217;\u00e0 mon dernier souffle pour toi, tes jours de jeunesse perdus et tous nos r\u00eaves enterr\u00e9s.\u00a0\u00bb<\/p>\n\n\n\n<p>Behnam Mahjoubi, 33 ans et derviche gonabadi, est d\u00e9c\u00e9d\u00e9 le 16 f\u00e9vrier 2021 suite \u00e0 un refus de soins m\u00e9dicaux et \u00e0 un empoisonnement m\u00e9dicamenteux.<\/p>\n\n\n\n<p>Il a \u00e9t\u00e9 arr\u00eat\u00e9 \u00e0 l&#8217;hiver 2018 lors de la <a href=\"https:\/\/wncri.org\/fr\/2018\/04\/01\/iran-11-femmes-derviches-arretees-arbitrairement-et-maltraitees\/\" target=\"_blank\" rel=\"noreferrer noopener\">manifestation des derviches Gonabadi<\/a> \u00e0 T\u00e9h\u00e9ran. En ao\u00fbt 2019, il a \u00e9t\u00e9 condamn\u00e9 \u00e0 deux ans d&#8217;emprisonnement. En juin 2020, il a \u00e9t\u00e9 emmen\u00e9 \u00e0 la prison d&#8217;Evin pour y purger sa peine, malgr\u00e9 la confirmation par le bureau des l\u00e9gistes qu&#8217;il ne pouvait pas supporter les conditions de d\u00e9tention en raison d&#8217;une maladie nerveuse.\u00a0<\/p>\n\n\n\n<p>Mme <a href=\"https:\/\/wncri.org\/fr\/2017\/11\/05\/gohar-eshghi-dit-que-la-liberte-approche-en-iran\/\" target=\"_blank\" rel=\"noreferrer noopener\">Gohar Eshghi<\/a>, m\u00e8re de Sattar Beheshti, un blogueur tu\u00e9 sous la torture en 2012, a \u00e9galement d\u00e9clar\u00e9 dans un message : \u00ab\u00a0Tant que ce r\u00e9gime sera au pouvoir, il n&#8217;y aura pas de salut pour notre peuple.\u00a0\u00bb Elle a qualifi\u00e9 le nouvel an persan 1400 d&#8217;ann\u00e9e de \u00ab\u00a0lutte contre l&#8217;oppression\u00a0\u00bb et d&#8217;ann\u00e9e du \u00ab\u00a0renversement\u00a0\u00bb du r\u00e9gime.<\/p>\n\n\n\n<p>\u00ab&nbsp;Les personnes tu\u00e9es pour la libert\u00e9 de l&#8217;Iran resteront \u00e0 jamais dans le c\u0153ur et l&#8217;esprit du peuple iranien et tout le peuple iranien demande justice pour elles.<\/p>\n\n\n\n<p>Nous ne pardonnerons ni n&#8217;oublierons jamais.&nbsp;\u00bb<\/p>\n\n\n\n<p><strong>Captions:<\/strong><\/p>\n\n\n\n<p>Un rassemblement des m\u00e8res des victimes tu\u00e9es lors du soul\u00e8vement de novembre 2019.<\/p>\n\n\n\n<p>De gauche \u00e0 droite : Les m\u00e8res de Mehrdad Mo\u00efnfar, Reza Mo&#8217;azzami et Vahid Damvar.<\/p>\n\n\n\n<p>De gauche \u00e0 droite : La s\u0153ur de Kamal Faraji, et les m\u00e8res de Borhan Mansournia, Behnoud Ramazani et Mohammad Dastankhah.<\/p>\n\n\n\n<p>La m\u00e8re de Navid Afkari sur sa tombe au Nouvel An persan.<\/p>\n","protected":false},"excerpt":{"rendered":"<p>CNRI Femmes &#8211; Les m\u00e8res des victimes ex\u00e9cut\u00e9es ou tu\u00e9es par le r\u00e9gime cl\u00e9rical en Iran, et en particulier les m\u00e8res et les fr\u00e8res et s\u0153urs des victimes du soul\u00e8vement de novembre 2019, ont parl\u00e9 pendant les f\u00eates du Nouvel An persan pour demander justice pour leurs enfants. Ils veulent que les meurtriers de leurs [&hellip;]<\/p>\n","protected":false},"author":4,"featured_media":12972,"comment_status":"closed","ping_status":"closed","sticky":false,"template":"","format":"standard","meta":{"jnews-multi-image_gallery":[],"jnews_single_post":{"subtitle":"","format":"standard","video":"","gallery":"","source_name":"","source_url":"","via_name":"","via_url":"","override":[{"single_blog_custom":"","sidebar":"","second_sidebar":"","share_position":"","share_float_style":"","post_date_format":"","post_date_format_custom":"","post_reading_time_wpm":"","zoom_button_out_step":"1","zoom_button_in_step":"1","number_popup_post":"1"}],"image_override":[{"single_post_thumbnail_size":"","single_post_gallery_size":""}],"trending_post_position":"","trending_post_label":"","sponsored_post_label":"","sponsored_post_name":"","sponsored_post_url":"","sponsored_post_logo":"","sponsored_post_desc":""},"jnews_primary_category":{"id":""},"jnews_social_meta":[],"jnews_override_counter":{"view_counter_number":"0","share_counter_number":"0","like_counter_number":"0","dislike_counter_number":"0"},"footnotes":""},"categories":[8],"tags":[367,369,370],"class_list":["post-12971","post","type-post","status-publish","format-standard","has-post-thumbnail","hentry","category-articles","tag-execution","tag-manifestations","tag-prisonnieres"],"_links":{"self":[{"href":"https:\/\/wncri.org\/fr\/wp-json\/wp\/v2\/posts\/12971","targetHints":{"allow":["GET"]}}],"collection":[{"href":"https:\/\/wncri.org\/fr\/wp-json\/wp\/v2\/posts"}],"about":[{"href":"https:\/\/wncri.org\/fr\/wp-json\/wp\/v2\/types\/post"}],"author":[{"embeddable":true,"href":"https:\/\/wncri.org\/fr\/wp-json\/wp\/v2\/users\/4"}],"replies":[{"embeddable":true,"href":"https:\/\/wncri.org\/fr\/wp-json\/wp\/v2\/comments?post=12971"}],"version-history":[{"count":0,"href":"https:\/\/wncri.org\/fr\/wp-json\/wp\/v2\/posts\/12971\/revisions"}],"wp:featuredmedia":[{"embeddable":true,"href":"https:\/\/wncri.org\/fr\/wp-json\/wp\/v2\/media\/12972"}],"wp:attachment":[{"href":"https:\/\/wncri.org\/fr\/wp-json\/wp\/v2\/media?parent=12971"}],"wp:term":[{"taxonomy":"category","embeddable":true,"href":"https:\/\/wncri.org\/fr\/wp-json\/wp\/v2\/categories?post=12971"},{"taxonomy":"post_tag","embeddable":true,"href":"https:\/\/wncri.org\/fr\/wp-json\/wp\/v2\/tags?post=12971"}],"curies":[{"name":"wp","href":"https:\/\/api.w.org\/{rel}","templated":true}]}}