{"id":12958,"date":"2021-03-25T13:23:00","date_gmt":"2021-03-25T12:23:00","guid":{"rendered":"https:\/\/wncri.org\/fr\/?p=12958"},"modified":"2021-03-27T13:26:38","modified_gmt":"2021-03-27T12:26:38","slug":"prisonniere-politique-sommayeh-qoraishi","status":"publish","type":"post","link":"https:\/\/wncri.org\/fr\/2021\/03\/25\/prisonniere-politique-sommayeh-qoraishi\/","title":{"rendered":"La prisonni\u00e8re politique Sommayeh Qoraishi incarc\u00e9r\u00e9e depuis six mois sans que ce soit annonc\u00e9"},"content":{"rendered":"\n<p>CNRI Femmes &#8211; La prisonni\u00e8re politique Sommayeh Qoraishi est incarc\u00e9r\u00e9e depuis 6 mois sans que la nouvelle de sa d\u00e9tention ait \u00e9t\u00e9 rapport\u00e9e par les autorit\u00e9s ou les m\u00e9dias officiels en Iran.<\/p>\n\n\n\n<p>La prisonni\u00e8re politique Sommayeh Qoraishi est accus\u00e9e de &#8220;coop\u00e9ration avec <a href=\"https:\/\/english.mojahedin.org\/about-iranian-opposition-pmoi-mek\" target=\"_blank\" rel=\"noreferrer noopener\">l\u2019organisation des Moudjahidine du peuple d\u2019Iran (OMPI\/MEK)<\/a>.\u201d<\/p>\n\n\n\n<p>\u00c0 l&#8217;automne 2020, la 2e branche du tribunal r\u00e9volutionnaire d&#8217;Oroumieh a condamn\u00e9 Sommayeh Qoraishi \u00e0 18 mois de prison pour avoir &#8220;coop\u00e9r\u00e9 avec l\u2019OMPI\/MEK&#8221; et l&#8217;a emmen\u00e9e d&#8217;embl\u00e9e \u00e0 la prison centrale d&#8217;Oroumieh pour y purger sa peine dans le quartier des femmes.<\/p>\n\n\n\n<p>Somayyeh Qoraishi, originaire de cette ville, avait \u00e9t\u00e9 initialement arr\u00eat\u00e9e et d\u00e9tenue l&#8217;\u00e9t\u00e9 dernier. Elle avait \u00e9t\u00e9 temporairement lib\u00e9r\u00e9e sous caution au bout d&#8217;un mois.<\/p>\n\n\n\n<p>Au cours de l&#8217;ann\u00e9e \u00e9coul\u00e9e et en particulier apr\u00e8s le soul\u00e8vement de novembre 2019 en Iran, le r\u00e9gime cl\u00e9rical a proc\u00e9d\u00e9 \u00e0 <a href=\"https:\/\/wncri.org\/fr\/2020\/05\/25\/iran-une-nouvelle-vague-darrestations-vise-les-femmes-et-les-jeunes-lies-a-lompi\/\" target=\"_blank\" rel=\"noreferrer noopener\">un nombre consid\u00e9rable d&#8217;arrestations arbitraires<\/a> parmi les partisans de sa principale force d&#8217;opposition, l&#8217;OMPI.<\/p>\n\n\n\n<p>La prison centrale d\u2019Oroumieh est l&#8217;une des prisons iraniennes les plus connues, touch\u00e9e par le coronavirus, avec un <a href=\"https:\/\/wncri.org\/fr\/2020\/08\/20\/140-femmes-ont-lance-une-greve-de-la-faim-dans-la-prison-centrale-doroumieh\/\">n<\/a><a href=\"https:\/\/wncri.org\/fr\/2020\/08\/20\/140-femmes-ont-lance-une-greve-de-la-faim-dans-la-prison-centrale-doroumieh\/\" target=\"_blank\" rel=\"noreferrer noopener\">o<\/a><a href=\"https:\/\/wncri.org\/fr\/2020\/08\/20\/140-femmes-ont-lance-une-greve-de-la-faim-dans-la-prison-centrale-doroumieh\/\">mbre \u00e9lev\u00e9 de d\u00e9c\u00e8s<\/a> et de cas positifs.<\/p>\n\n\n\n<p>Le quartier des femmes est situ\u00e9 dans le quartier 15 de la prison centrale. Quelque <a href=\"https:\/\/wncri.org\/fr\/2020\/10\/28\/300-prisonnieres\/\" target=\"_blank\" rel=\"noreferrer noopener\">500 femmes y sont actuellement d\u00e9tenues<\/a> et plus de la moiti\u00e9 des d\u00e9tenues n&#8217;ont pas de lit et doivent dormir \u00e0 m\u00eame le sol.<\/p>\n","protected":false},"excerpt":{"rendered":"<p>CNRI Femmes &#8211; La prisonni\u00e8re politique Sommayeh Qoraishi est incarc\u00e9r\u00e9e depuis 6 mois sans que la nouvelle de sa d\u00e9tention ait \u00e9t\u00e9 rapport\u00e9e par les autorit\u00e9s ou les m\u00e9dias officiels en Iran. La prisonni\u00e8re politique Sommayeh Qoraishi est accus\u00e9e de &#8220;coop\u00e9ration avec l\u2019organisation des Moudjahidine du peuple d\u2019Iran (OMPI\/MEK).\u201d \u00c0 l&#8217;automne 2020, la 2e branche [&hellip;]<\/p>\n","protected":false},"author":4,"featured_media":12959,"comment_status":"closed","ping_status":"closed","sticky":false,"template":"","format":"standard","meta":{"jnews-multi-image_gallery":[],"jnews_single_post":{"subtitle":"","format":"standard","video":"","gallery":"","source_name":"","source_url":"","via_name":"","via_url":"","override":[{"single_blog_custom":"","sidebar":"","second_sidebar":"","share_position":"","share_float_style":"","post_date_format":"","post_date_format_custom":"","post_reading_time_wpm":"","zoom_button_out_step":"1","zoom_button_in_step":"1","number_popup_post":"1"}],"image_override":[{"single_post_thumbnail_size":"","single_post_gallery_size":""}],"trending_post_position":"","trending_post_label":"","sponsored_post_label":"","sponsored_post_name":"","sponsored_post_url":"","sponsored_post_logo":"","sponsored_post_desc":""},"jnews_primary_category":{"id":""},"jnews_social_meta":[],"jnews_override_counter":{"view_counter_number":"0","share_counter_number":"0","like_counter_number":"0","dislike_counter_number":"0"},"footnotes":""},"categories":[3],"tags":[370,376],"class_list":["post-12958","post","type-post","status-publish","format-standard","has-post-thumbnail","hentry","category-infos-des-femmes","tag-prisonnieres","tag-violence-contre-les-femmes"],"_links":{"self":[{"href":"https:\/\/wncri.org\/fr\/wp-json\/wp\/v2\/posts\/12958","targetHints":{"allow":["GET"]}}],"collection":[{"href":"https:\/\/wncri.org\/fr\/wp-json\/wp\/v2\/posts"}],"about":[{"href":"https:\/\/wncri.org\/fr\/wp-json\/wp\/v2\/types\/post"}],"author":[{"embeddable":true,"href":"https:\/\/wncri.org\/fr\/wp-json\/wp\/v2\/users\/4"}],"replies":[{"embeddable":true,"href":"https:\/\/wncri.org\/fr\/wp-json\/wp\/v2\/comments?post=12958"}],"version-history":[{"count":0,"href":"https:\/\/wncri.org\/fr\/wp-json\/wp\/v2\/posts\/12958\/revisions"}],"wp:featuredmedia":[{"embeddable":true,"href":"https:\/\/wncri.org\/fr\/wp-json\/wp\/v2\/media\/12959"}],"wp:attachment":[{"href":"https:\/\/wncri.org\/fr\/wp-json\/wp\/v2\/media?parent=12958"}],"wp:term":[{"taxonomy":"category","embeddable":true,"href":"https:\/\/wncri.org\/fr\/wp-json\/wp\/v2\/categories?post=12958"},{"taxonomy":"post_tag","embeddable":true,"href":"https:\/\/wncri.org\/fr\/wp-json\/wp\/v2\/tags?post=12958"}],"curies":[{"name":"wp","href":"https:\/\/api.w.org\/{rel}","templated":true}]}}