{"id":12929,"date":"2021-03-21T12:10:00","date_gmt":"2021-03-21T11:10:00","guid":{"rendered":"https:\/\/wncri.org\/fr\/?p=12929"},"modified":"2021-03-24T12:15:15","modified_gmt":"2021-03-24T11:15:15","slug":"la-prisonniere-politique-shokouh-oz-zaman-majd","status":"publish","type":"post","link":"https:\/\/wncri.org\/fr\/2021\/03\/21\/la-prisonniere-politique-shokouh-oz-zaman-majd\/","title":{"rendered":"La prisonni\u00e8re politique Shokouh oz-Zaman-Majd contracte COVID-19 \u00e0 Machad"},"content":{"rendered":"\n<p>CNRI Femmes &#8211; Des informations provenant de l&#8217;int\u00e9rieur de la prison centrale de Machad indiquent que la prisonni\u00e8re politique Shokouh oz-Zaman-Majd a contract\u00e9 le coronavirus et se trouve dans un \u00e9tat de sant\u00e9 catastrophique.<\/p>\n\n\n\n<p>Mme Majd, 61 ans, originaire de Nichapour, a \u00e9t\u00e9 incarc\u00e9r\u00e9e le 5 mars 2021 sans pr\u00e9avis, et sans \u00eatre autoris\u00e9e \u00e0 prendre ses objets personnels de premi\u00e8re n\u00e9cessit\u00e9. Elle est condamn\u00e9e \u00e0 deux ans de d\u00e9tention pour &#8220;propagande contre l&#8217;\u00c9tat&#8221; et soutien \u00e0 l&#8217;Organisation des Moudjahidine du peuple d&#8217;Iran (OMPI\/MEK).<\/p>\n\n\n\n<p>La prisonni\u00e8re politique Shokouh oz-Zaman-Majd avait d\u00e9j\u00e0 \u00e9t\u00e9 d\u00e9tenue pendant sept mois mais lib\u00e9r\u00e9e sous caution. Elle avait ensuite \u00e9t\u00e9 \u00e0 nouveau convoqu\u00e9e et emmen\u00e9e en prison pour purger sa peine sans pr\u00e9avis.<\/p>\n\n\n\n<p>Shokouh oz-Zaman-Majd a contract\u00e9 le coronavirus et se trouve dans un \u00e9tat de sant\u00e9 alarmant, alors qu&#8217;elle est priv\u00e9e de soins et de traitements m\u00e9dicaux essentiels.<\/p>\n\n\n\n<p>Le coronavirus s\u00e9vit dans toutes les prisons iraniennes et les d\u00e9tenues ne re\u00e7oivent pas de masques, de gants, de d\u00e9sinfectants ni d\u00e9tergents et de nourriture ad\u00e9quate pour les aider \u00e0 ne pas \u00eatre affect\u00e9s. En raison de la surpopulation dans toutes les prisons iraniennes, la distanciation sociale est impossible. La plupart des prisons ne respectent pas la p\u00e9riode de quarantaine pour les nouvelles arrivantes et les envoient directement dans les salles et parmi les autres prisonni\u00e8res sans les tester.<\/p>\n\n\n\n<p>Des informations pr\u00e9c\u00e9dentes indiquaient que <a href=\"https:\/\/wncri.org\/fr\/2021\/03\/18\/21-detenues-de-la-prison\/\" target=\"_blank\" rel=\"noreferrer noopener\">21 femmes<\/a> du quartier 6 de la prison de Qarchak \u00e9taient malades du COVID-19. Elles sont abandonn\u00e9es et se voient refuser des soins m\u00e9dicaux et une alimentation ad\u00e9quate alors qu&#8217;elles pr\u00e9sentent les sympt\u00f4mes de la maladie, notamment des douleurs thoraciques, une toux s\u00e8che et de la fi\u00e8vre.<\/p>\n\n\n\n<p>Le quartier des femmes de la prison centrale de Machad, \u00e9galement connue sous le nom de prison de Vakilabad, est l&#8217;un des plus sinistres du pays. Quelque 700 d\u00e9tenues sont r\u00e9parties dans sept quartiers sans s\u00e9parations de d\u00e9lits.<\/p>\n\n\n\n<p>La nourriture est de mauvaise qualit\u00e9, et les d\u00e9tenues ont des difficult\u00e9s \u00e0 acc\u00e9der au centre m\u00e9dical, que ce soit \u00e0 l&#8217;int\u00e9rieur ou \u00e0 l&#8217;ext\u00e9rieur de la prison. Il n&#8217;y a qu&#8217;un seul m\u00e9decin g\u00e9n\u00e9raliste et un seul gyn\u00e9cologue dans le centre m\u00e9dical, et si les d\u00e9tenus demandent \u00e0 \u00eatre transf\u00e9r\u00e9s dans des centres m\u00e9dicaux ext\u00e9rieurs \u00e0 la prison, leur demande sera trait\u00e9e dans un d\u00e9lai de 7 \u00e0 10 jours. Contrairement aux r\u00e8gles de l&#8217;Organisation des prisons, le co\u00fbt du traitement est \u00e0 la charge des d\u00e9tenues.<\/p>\n","protected":false},"excerpt":{"rendered":"<p>CNRI Femmes &#8211; Des informations provenant de l&#8217;int\u00e9rieur de la prison centrale de Machad indiquent que la prisonni\u00e8re politique Shokouh oz-Zaman-Majd a contract\u00e9 le coronavirus et se trouve dans un \u00e9tat de sant\u00e9 catastrophique. Mme Majd, 61 ans, originaire de Nichapour, a \u00e9t\u00e9 incarc\u00e9r\u00e9e le 5 mars 2021 sans pr\u00e9avis, et sans \u00eatre autoris\u00e9e \u00e0 [&hellip;]<\/p>\n","protected":false},"author":4,"featured_media":12930,"comment_status":"closed","ping_status":"closed","sticky":false,"template":"","format":"standard","meta":{"jnews-multi-image_gallery":[],"jnews_single_post":{"subtitle":"","format":"standard","video":"","gallery":"","source_name":"","source_url":"","via_name":"","via_url":"","override":[{"single_blog_custom":"","sidebar":"","second_sidebar":"","share_position":"","share_float_style":"","post_date_format":"","post_date_format_custom":"","post_reading_time_wpm":"","zoom_button_out_step":"1","zoom_button_in_step":"1","number_popup_post":"1"}],"image_override":[{"single_post_thumbnail_size":"","single_post_gallery_size":""}],"trending_post_position":"","trending_post_label":"","sponsored_post_label":"","sponsored_post_name":"","sponsored_post_url":"","sponsored_post_logo":"","sponsored_post_desc":""},"jnews_primary_category":{"id":""},"jnews_social_meta":[],"jnews_override_counter":{"view_counter_number":"0","share_counter_number":"0","like_counter_number":"0","dislike_counter_number":"0"},"footnotes":""},"categories":[3],"tags":[374,370,376],"class_list":["post-12929","post","type-post","status-publish","format-standard","has-post-thumbnail","hentry","category-infos-des-femmes","tag-coronavirus","tag-prisonnieres","tag-violence-contre-les-femmes"],"_links":{"self":[{"href":"https:\/\/wncri.org\/fr\/wp-json\/wp\/v2\/posts\/12929","targetHints":{"allow":["GET"]}}],"collection":[{"href":"https:\/\/wncri.org\/fr\/wp-json\/wp\/v2\/posts"}],"about":[{"href":"https:\/\/wncri.org\/fr\/wp-json\/wp\/v2\/types\/post"}],"author":[{"embeddable":true,"href":"https:\/\/wncri.org\/fr\/wp-json\/wp\/v2\/users\/4"}],"replies":[{"embeddable":true,"href":"https:\/\/wncri.org\/fr\/wp-json\/wp\/v2\/comments?post=12929"}],"version-history":[{"count":0,"href":"https:\/\/wncri.org\/fr\/wp-json\/wp\/v2\/posts\/12929\/revisions"}],"wp:featuredmedia":[{"embeddable":true,"href":"https:\/\/wncri.org\/fr\/wp-json\/wp\/v2\/media\/12930"}],"wp:attachment":[{"href":"https:\/\/wncri.org\/fr\/wp-json\/wp\/v2\/media?parent=12929"}],"wp:term":[{"taxonomy":"category","embeddable":true,"href":"https:\/\/wncri.org\/fr\/wp-json\/wp\/v2\/categories?post=12929"},{"taxonomy":"post_tag","embeddable":true,"href":"https:\/\/wncri.org\/fr\/wp-json\/wp\/v2\/tags?post=12929"}],"curies":[{"name":"wp","href":"https:\/\/api.w.org\/{rel}","templated":true}]}}