{"id":12919,"date":"2021-03-19T11:51:00","date_gmt":"2021-03-19T10:51:00","guid":{"rendered":"https:\/\/wncri.org\/fr\/?p=12919"},"modified":"2021-03-24T11:55:43","modified_gmt":"2021-03-24T10:55:43","slug":"une-femme-pendue-en-iran","status":"publish","type":"post","link":"https:\/\/wncri.org\/fr\/2021\/03\/19\/une-femme-pendue-en-iran\/","title":{"rendered":"Une autre femme pendue en Iran apr\u00e8s 8 ans d&#8217;emprisonnement"},"content":{"rendered":"\n<p>Une autre femme pendue en Iran apr\u00e8s 8 ans d&#8217;emprisonnement<\/p>\n\n\n\n<p> Le r\u00e9gime cl\u00e9rical a pendu une autre femme dans la prison de Taybad, dans l&#8217;est de l&#8217;Iran, le dimanche 14 mars 2021.<\/p>\n\n\n\n<p>Taybad est situ\u00e9e dans la province de Khorassan-Razavi, dans l&#8217;est de l&#8217;Iran.<\/p>\n\n\n\n<p>Nafiseh Pakmehr avait \u00e9t\u00e9 emprisonn\u00e9e pendant 8 ans dans le couloir de la mort avant d&#8217;\u00eatre pendue.<\/p>\n\n\n\n<p>Cette ex\u00e9cution n&#8217;a pas \u00e9t\u00e9 annonc\u00e9e par les autorit\u00e9s ou les m\u00e9dias officiels iraniens au moment de la publication de cette information.<\/p>\n\n\n\n<p>Il s&#8217;agit de la 116e femme pendue en Iran depuis que Hassan Rohani est devenu le pr\u00e9sident des mollahs \u00e0 l&#8217;\u00e9t\u00e9 2013.<\/p>\n\n\n\n<p>Le r\u00e9gime cl\u00e9rical en Iran a r\u00e9cemment intensifi\u00e9 les ex\u00e9cutions de femmes.<\/p>\n\n\n\n<p><a href=\"https:\/\/wncri.org\/fr\/2021\/03\/15\/une-femme-pendue\/\" target=\"_blank\" rel=\"noreferrer noopener\">Maryam Karimi<\/a> a \u00e9t\u00e9 pendue le 13 mars, \u00e0 la prison de Lakan \u00e0 Racht ;<\/p>\n\n\n\n<p><a href=\"https:\/\/wncri.org\/fr\/2021\/02\/19\/une-femme-innocente-meurt-dune-crise-cardiaque-avant-datteindre-la-potence\/\" target=\"_blank\" rel=\"noreferrer noopener\">Zahra Esma&#8217;ili<\/a>, 42 ans et deux enfants, a \u00e9t\u00e9 pendue le 17 f\u00e9vrier \u00e0 la prison de Gohardacht (alias Raja\u00efchahr) \u00e0 Karaj;<\/p>\n\n\n\n<p><a href=\"https:\/\/wncri.org\/fr\/2021\/02\/09\/execution-dune-jeune-femme\/\">Une femme non identifi\u00e9e<\/a> de 23 ans a \u00e9t\u00e9 ex\u00e9cut\u00e9e \u00e0 la prison d&#8217;Ardebil le 8 f\u00e9vrier 2021.<\/p>\n\n\n\n<p>La plupart des femmes condamn\u00e9es sont victimes de <a href=\"https:\/\/wncri.org\/fr\/2020\/12\/04\/iran-record-mondial-de-la-violence-domestique-contre-les-femmes\/\" target=\"_blank\" rel=\"noreferrer noopener\">violences domestiques<\/a> et ont d\u00fb tuer en \u00e9tat de l\u00e9gitime d\u00e9fense. Le pouvoir judiciaire iranien, cependant, ne tient pas compte des circonstances et applique la loi du Talion, les condamnant \u00e0 la peine de mort.<\/p>\n\n\n\n<p>L&#8217;Iran d\u00e9tient le plus grand bourreau du monde et d\u00e9tient le record des ex\u00e9cutions par nombre d\u2019habitant. Il est \u00e9galement le <a href=\"https:\/\/wncri.org\/fr\/2020\/01\/20\/93-femmes-executees-en-iran-sous-rohani\/\" target=\"_blank\" rel=\"noreferrer noopener\">premier bourreau de femmes<\/a> au monde. Les ex\u00e9cutions sont manifestement injustes.<\/p>\n\n\n\n<p>Plus de 4 300 personnes ont \u00e9t\u00e9 ex\u00e9cut\u00e9es en Iran sous le mandat pr\u00e9sidentiel de Rohani. \u00c0 ce jour, 116 femmes figurent parmi elles.<\/p>\n\n\n\n<p>Le nombre r\u00e9el d&#8217;ex\u00e9cutions, et en particulier d&#8217;ex\u00e9cutions de femmes, est bien plus \u00e9lev\u00e9. Le r\u00e9gime cl\u00e9rical proc\u00e8de \u00e0 la plupart des ex\u00e9cutions en secret et \u00e0 l&#8217;abri du regard du public. Aucun t\u00e9moin n&#8217;est pr\u00e9sent au moment de l&#8217;ex\u00e9cution, \u00e0 l&#8217;exception de ceux qui la pratiquent.<\/p>\n\n\n\n<p>Le r\u00e9gime iranien utilise ouvertement la peine de mort comme une forme de ch\u00e2timent. Dans de nombreux cas et de mani\u00e8re discriminatoire, cette peine est appliqu\u00e9e aux minorit\u00e9s religieuses et ethniques, aux dissidents politiques et aux femmes.<\/p>\n","protected":false},"excerpt":{"rendered":"<p>Une autre femme pendue en Iran apr\u00e8s 8 ans d&#8217;emprisonnement Le r\u00e9gime cl\u00e9rical a pendu une autre femme dans la prison de Taybad, dans l&#8217;est de l&#8217;Iran, le dimanche 14 mars 2021. Taybad est situ\u00e9e dans la province de Khorassan-Razavi, dans l&#8217;est de l&#8217;Iran. Nafiseh Pakmehr avait \u00e9t\u00e9 emprisonn\u00e9e pendant 8 ans dans le couloir [&hellip;]<\/p>\n","protected":false},"author":4,"featured_media":12920,"comment_status":"closed","ping_status":"closed","sticky":false,"template":"","format":"standard","meta":{"jnews-multi-image_gallery":[],"jnews_single_post":{"subtitle":"","format":"standard","video":"","gallery":"","source_name":"","source_url":"","via_name":"","via_url":"","override":[{"single_blog_custom":"","sidebar":"","second_sidebar":"","share_position":"","share_float_style":"","post_date_format":"","post_date_format_custom":"","post_reading_time_wpm":"","zoom_button_out_step":"1","zoom_button_in_step":"1","number_popup_post":"1"}],"image_override":[{"single_post_thumbnail_size":"","single_post_gallery_size":""}],"trending_post_position":"","trending_post_label":"","sponsored_post_label":"","sponsored_post_name":"","sponsored_post_url":"","sponsored_post_logo":"","sponsored_post_desc":""},"jnews_primary_category":{"id":""},"jnews_social_meta":[],"jnews_override_counter":{"view_counter_number":"0","share_counter_number":"0","like_counter_number":"0","dislike_counter_number":"0"},"footnotes":""},"categories":[3],"tags":[367,376],"class_list":["post-12919","post","type-post","status-publish","format-standard","has-post-thumbnail","hentry","category-infos-des-femmes","tag-execution","tag-violence-contre-les-femmes"],"_links":{"self":[{"href":"https:\/\/wncri.org\/fr\/wp-json\/wp\/v2\/posts\/12919","targetHints":{"allow":["GET"]}}],"collection":[{"href":"https:\/\/wncri.org\/fr\/wp-json\/wp\/v2\/posts"}],"about":[{"href":"https:\/\/wncri.org\/fr\/wp-json\/wp\/v2\/types\/post"}],"author":[{"embeddable":true,"href":"https:\/\/wncri.org\/fr\/wp-json\/wp\/v2\/users\/4"}],"replies":[{"embeddable":true,"href":"https:\/\/wncri.org\/fr\/wp-json\/wp\/v2\/comments?post=12919"}],"version-history":[{"count":0,"href":"https:\/\/wncri.org\/fr\/wp-json\/wp\/v2\/posts\/12919\/revisions"}],"wp:featuredmedia":[{"embeddable":true,"href":"https:\/\/wncri.org\/fr\/wp-json\/wp\/v2\/media\/12920"}],"wp:attachment":[{"href":"https:\/\/wncri.org\/fr\/wp-json\/wp\/v2\/media?parent=12919"}],"wp:term":[{"taxonomy":"category","embeddable":true,"href":"https:\/\/wncri.org\/fr\/wp-json\/wp\/v2\/categories?post=12919"},{"taxonomy":"post_tag","embeddable":true,"href":"https:\/\/wncri.org\/fr\/wp-json\/wp\/v2\/tags?post=12919"}],"curies":[{"name":"wp","href":"https:\/\/api.w.org\/{rel}","templated":true}]}}