{"id":12916,"date":"2021-03-18T11:43:00","date_gmt":"2021-03-18T10:43:00","guid":{"rendered":"https:\/\/wncri.org\/fr\/?p=12916"},"modified":"2021-03-24T11:49:06","modified_gmt":"2021-03-24T10:49:06","slug":"21-detenues-de-la-prison","status":"publish","type":"post","link":"https:\/\/wncri.org\/fr\/2021\/03\/18\/21-detenues-de-la-prison\/","title":{"rendered":"21 d\u00e9tenues de la prison de Qarchak malades du Covid-19 abandonn\u00e9es sans soins"},"content":{"rendered":"\n<p><strong>21 d\u00e9tenues de la prison de Qarchak malades du Covid-19 abandonn\u00e9es sans soins<\/strong><\/p>\n\n\n\n<p> Des sources inform\u00e9es ont rapport\u00e9, mercredi 17 mars, que 21 d\u00e9tenues de la <a href=\"https:\/\/wncri.org\/fr\/2020\/04\/20\/regard-sur-la-situation-tragique-a-la-prison-pour-femmes-de-qarchak-en-iran\/\" target=\"_blank\" rel=\"noreferrer noopener\">prison de Qarchak<\/a> sont infect\u00e9es par le Covid-19 dans le quartier 6.<\/p>\n\n\n\n<p>Des informations pr\u00e9c\u00e9dentes faisaient \u00e9tat de l&#8217;infection de la manifestante anti-voile <a href=\"https:\/\/wncri.org\/fr\/2021\/03\/14\/saba-kord-afshari-a-contracte\/\" target=\"_blank\" rel=\"noreferrer noopener\">Saba Kord Afshari<\/a>. De nouvelles informations ont ajout\u00e9 le nom de Maryam Ebrahimvand, r\u00e9alisatrice et \u00e9crivaine, parmi les 21 d\u00e9tenues de la prison de Qarchak infect\u00e9es par le Covid-19.\u00a0<\/p>\n\n\n\n<p>La source a d\u00e9clar\u00e9 que les prisonni\u00e8res malades <a href=\"https:\/\/wncri.org\/fr\/2020\/06\/10\/huit-detenues-malades-du-covid-19-privees-de-soins-a-la-prison-de-qarchak\/\" target=\"_blank\" rel=\"noreferrer noopener\">ne re\u00e7oivent pas de soins<\/a> m\u00e9dicaux ad\u00e9quats.<\/p>\n\n\n\n<p>Le taux d&#8217;oxyg\u00e8ne de Saba Kord Afshari est inf\u00e9rieur \u00e0 70 %, elle ressent des douleurs dans la poitrine et sa tension art\u00e9rielle a consid\u00e9rablement baiss\u00e9. Elle a re\u00e7u de l&#8217;oxyg\u00e8ne \u00e0 plusieurs reprises. Elle a \u00e9galement re\u00e7u une injection pour l&#8217;emp\u00eacher de tomber dans le coma.<\/p>\n\n\n\n<p>D&#8217;autres d\u00e9tenues malades souffrent de fi\u00e8vre, de douleurs dans la poitrine et de toux s\u00e8che, mais n&#8217;ont pas encore \u00e9t\u00e9 test\u00e9es pour l&#8217;infection au coronavirus. Elles ne b\u00e9n\u00e9ficient pas d&#8217;une alimentation et de soins m\u00e9dicaux ad\u00e9quats.<\/p>\n\n\n\n<p>Les nouvelles arrivantes dans la prison de Qarchak vont directement dans le quartier 6 sans \u00eatre contr\u00f4l\u00e9es ni surveill\u00e9es en quarantaine pendant un certain temps. La distanciation sociale n&#8217;est pas observ\u00e9e en raison de la surpopulation.<\/p>\n\n\n\n<p>En outre, les prisonni\u00e8res ne re\u00e7oivent pas de masques, de gants ni de d\u00e9sinfectants.<\/p>\n\n\n\n<p>La prison de Qarchak est une prison pour environ 2 000 femmes. Il n&#8217;y a pas de s\u00e9parations selon la gravit\u00e9 des d\u00e9lits et les prisonni\u00e8res politiques sont gard\u00e9es parmi les prisonni\u00e8res de droit commun et les d\u00e9tenues dangereuses.<\/p>\n\n\n\n<p>Le manque d&#8217;\u00e9quipements de base, les probl\u00e8mes d\u2019\u00e9vacuation des eaux usag\u00e9es, l&#8217;eau saum\u00e2tre, les coupures d&#8217;eau constantes en \u00e9t\u00e9, ainsi que le manque d&#8217;installations m\u00e9dicales et sanitaires, la forte densit\u00e9 de prisonni\u00e8res et l&#8217;utilisation insalubre des t\u00e9l\u00e9phones \u00e0 carte acc\u00e9l\u00e8rent la propagation du virus dans cette prison. La clinique de soins de sant\u00e9 en prison dispose de peu d&#8217;\u00e9quipements, ce qui a exacerb\u00e9 les probl\u00e8mes cr\u00e9\u00e9s par l&#8217;\u00e9pid\u00e9mie de Covid-19.<\/p>\n\n\n\n<p>\u00c0 Qarchak, certaines d\u00e9tenues dorment \u00e0 m\u00eame le sol de la prison, ce qui est l&#8217;une des raisons de la propagation du coronavirus. Le nombre de femmes dans les salles et les cellules est \u00e9lev\u00e9, ce qui cr\u00e9e une situation dangereuse si quelqu&#8217;un est infect\u00e9. M\u00eame les toxicomanes qui sont plus susceptibles d&#8217;\u00eatre infect\u00e9es ne sont pas s\u00e9par\u00e9es des autres.<\/p>\n","protected":false},"excerpt":{"rendered":"<p>21 d\u00e9tenues de la prison de Qarchak malades du Covid-19 abandonn\u00e9es sans soins Des sources inform\u00e9es ont rapport\u00e9, mercredi 17 mars, que 21 d\u00e9tenues de la prison de Qarchak sont infect\u00e9es par le Covid-19 dans le quartier 6. Des informations pr\u00e9c\u00e9dentes faisaient \u00e9tat de l&#8217;infection de la manifestante anti-voile Saba Kord Afshari. De nouvelles informations [&hellip;]<\/p>\n","protected":false},"author":4,"featured_media":12917,"comment_status":"closed","ping_status":"closed","sticky":false,"template":"","format":"standard","meta":{"jnews-multi-image_gallery":[],"jnews_single_post":{"subtitle":"","format":"standard","video":"","gallery":"","source_name":"","source_url":"","via_name":"","via_url":"","override":[{"single_blog_custom":"","sidebar":"","second_sidebar":"","share_position":"","share_float_style":"","post_date_format":"","post_date_format_custom":"","post_reading_time_wpm":"","zoom_button_out_step":"1","zoom_button_in_step":"1","number_popup_post":"1"}],"image_override":[{"single_post_thumbnail_size":"","single_post_gallery_size":""}],"trending_post_position":"","trending_post_label":"","sponsored_post_label":"","sponsored_post_name":"","sponsored_post_url":"","sponsored_post_logo":"","sponsored_post_desc":""},"jnews_primary_category":{"id":""},"jnews_social_meta":[],"jnews_override_counter":{"view_counter_number":"0","share_counter_number":"0","like_counter_number":"0","dislike_counter_number":"0"},"footnotes":""},"categories":[3],"tags":[374,370,376],"class_list":["post-12916","post","type-post","status-publish","format-standard","has-post-thumbnail","hentry","category-infos-des-femmes","tag-coronavirus","tag-prisonnieres","tag-violence-contre-les-femmes"],"_links":{"self":[{"href":"https:\/\/wncri.org\/fr\/wp-json\/wp\/v2\/posts\/12916","targetHints":{"allow":["GET"]}}],"collection":[{"href":"https:\/\/wncri.org\/fr\/wp-json\/wp\/v2\/posts"}],"about":[{"href":"https:\/\/wncri.org\/fr\/wp-json\/wp\/v2\/types\/post"}],"author":[{"embeddable":true,"href":"https:\/\/wncri.org\/fr\/wp-json\/wp\/v2\/users\/4"}],"replies":[{"embeddable":true,"href":"https:\/\/wncri.org\/fr\/wp-json\/wp\/v2\/comments?post=12916"}],"version-history":[{"count":0,"href":"https:\/\/wncri.org\/fr\/wp-json\/wp\/v2\/posts\/12916\/revisions"}],"wp:featuredmedia":[{"embeddable":true,"href":"https:\/\/wncri.org\/fr\/wp-json\/wp\/v2\/media\/12917"}],"wp:attachment":[{"href":"https:\/\/wncri.org\/fr\/wp-json\/wp\/v2\/media?parent=12916"}],"wp:term":[{"taxonomy":"category","embeddable":true,"href":"https:\/\/wncri.org\/fr\/wp-json\/wp\/v2\/categories?post=12916"},{"taxonomy":"post_tag","embeddable":true,"href":"https:\/\/wncri.org\/fr\/wp-json\/wp\/v2\/tags?post=12916"}],"curies":[{"name":"wp","href":"https:\/\/api.w.org\/{rel}","templated":true}]}}