{"id":12898,"date":"2021-03-16T09:34:00","date_gmt":"2021-03-16T08:34:00","guid":{"rendered":"https:\/\/wncri.org\/fr\/?p=12898"},"modified":"2021-03-24T11:43:17","modified_gmt":"2021-03-24T10:43:17","slug":"le-bannissement-de-maryam-akbari-conamne-par-les-detenues-devine","status":"publish","type":"post","link":"https:\/\/wncri.org\/fr\/2021\/03\/16\/le-bannissement-de-maryam-akbari-conamne-par-les-detenues-devine\/","title":{"rendered":"Le bannissement de Maryam Akbari condamn\u00e9 par les d\u00e9tenues de la prison d&#8217;Evine"},"content":{"rendered":"\n<p>CNRI Femmes- Les d\u00e9tenues du quartier des femmes de la prison d&#8217;Evine \u00e0 T\u00e9h\u00e9ran ont condamn\u00e9 le bannissement de Maryam Akbari-Monfared vers la prison de Semnan.<\/p>\n\n\n\n<p>Quatorze prisonni\u00e8res politiques ont \u00e9crit une lettre ouverte pour protester contre le <a href=\"https:\/\/wncri.org\/fr\/2021\/03\/10\/prisonniere-politique-maryam-akbari\/\" target=\"_blank\" rel=\"noreferrer noopener\">transfert brutal et forc\u00e9<\/a> de leur cod\u00e9tenue, Maryam Akbari-Monfared, vers la prison de Semnan le 9 mars 2021.<\/p>\n\n\n\n<p>Les prisonni\u00e8res politiques Zahra Zehtabchi, Fatemeh Mosanna, Zeinab Hamrang, Nahid Fat&#8217;halian, Aras Amiri, Sepideh Kashani, Niloufar Bayani, Hadiss Sabouri, Roya Izadpanah, Aliyeh Motallebzadeh, Arezou Qassemi, Parisa Rafii, Atena Daemi et Raheleh Ahmadi ont sign\u00e9 la lettre ouverte pour protester contre le bannissement de Maryam Akbari-Monfared.<\/p>\n\n\n\n<p>Dans la lettre ouverte qu&#8217;elles ont envoy\u00e9e depuis la prison d&#8217;Evine, elles ont \u00e9crit :<\/p>\n\n\n\n<p>Apr\u00e8s avoir purg\u00e9 12 ann\u00e9es de d\u00e9tention sans autorisation de sortie, Maryam Akbari-Monfared a \u00e9t\u00e9 bannie de la prison de Semnan le 9 mars 2021. Arr\u00eat\u00e9e en d\u00e9cembre 2009 et condamn\u00e9e \u00e0 15 ans de prison, elle fait partie des prisonni\u00e8res politiques ayant la plus longue p\u00e9riode de d\u00e9tention. Elle survit \u00e0 une famille qui a pay\u00e9 un lourd tribut lorsque <a href=\"https:\/\/wncri.org\/fr\/2017\/11\/05\/iran-un-groupe-de-travail-de-l-onu-a-accepte-la-plainte-de-maryam-akbari\/\" target=\"_blank\" rel=\"noreferrer noopener\">quatre de ses enfants ont \u00e9t\u00e9 ex\u00e9cut\u00e9s<\/a>. Pendant toutes ces ann\u00e9es, elle a d\u00fb faire face \u00e0 diverses formes de pression et de restrictions, y compris le fait d&#8217;\u00eatre priv\u00e9e de permission de sortie, m\u00eame un seul jour !<\/p>\n\n\n\n<p>Maryam Akbari Monfared a \u00e9t\u00e9 bannie au moment m\u00eame o\u00f9 elle se pr\u00e9parait \u00e0 accueillir Norouz, le nouvel an iranien, avec une grande motivation.<\/p>\n\n\n\n<p>Elle \u00e9tait un pilier solide, qui insufflait une \u00e9nergie in\u00e9puisable, une grande motivation et l&#8217;amour de la r\u00e9sistance \u00e0 ses compagnes de cellule dans le quartier. Nous avons assist\u00e9 avec admiration au d\u00e9part d&#8217;une femme pleine d\u2019abn\u00e9gation et in\u00e9branlable, qui n&#8217;a pas eu peur au moment de faire ses adieux et d&#8217;\u00eatre emmen\u00e9e en exil. Comme toujours, elle \u00e9tait pleine d&#8217;entrain, ses l\u00e8vres souriaient, ses yeux brillaient et elle chantait un hymne.&nbsp;<\/p>\n\n\n\n<p>Nous, prisonni\u00e8res politiques d\u00e9tenues dans le quartier des femmes d&#8217;Evine, et ayant coexist\u00e9 avec des opinions et des croyances diverses \u00e0 tous les moments de notre vie, avons appris \u00e0 conna\u00eetre Maryam avec son endurance et sa patience, sa d\u00e9termination, sa volont\u00e9 et son esprit de combat, son infatigabilit\u00e9, son pouvoir de se soustraire aux habitudes routini\u00e8res, et sa passion insatiable pour lire et apprendre.&nbsp;<\/p>\n\n\n\n<p>En nous rappelant <a href=\"https:\/\/wncri.org\/fr\/2019\/07\/28\/maryam-akbari-les-criminels-du-massacre-de-1988-sont-au-pouvoir-en-iran\/\" target=\"_blank\" rel=\"noreferrer noopener\">la r\u00e9sistance contre vents et mar\u00e9es<\/a> qu&#8217;elle et sa famille ont d\u00fb endurer pour obtenir justice (pour leurs proches) et en raison de leurs opinions et croyances, nous sommes heureuses d&#8217;avoir eu la chance de connaitre une si grande femme. Tout en lui rendant hommage, nous lui souhaitons toujours plus de force et de fiert\u00e9&#8230;<\/p>\n\n\n\n<p>Les signataires : Zahra Zehtabchi, Fatemeh Mosanna, Zeinab Hamrang, Nahid Fat\u2019halian, Aras Amiri, Sepideh Kashani, Niloufar Bayani, Hadiss Sabouri, Roya Izadpanah, Aliyeh Motallebzadeh, Arezou Qassemi, Parisa Rafii, Atena Daemi and Raheleh Ahmadi<\/p>\n\n\n\n<p>Le 14 mars 2021<\/p>\n\n\n\n<p>Prison des femmes d\u2019Evine<\/p>\n","protected":false},"excerpt":{"rendered":"<p>CNRI Femmes- Les d\u00e9tenues du quartier des femmes de la prison d&#8217;Evine \u00e0 T\u00e9h\u00e9ran ont condamn\u00e9 le bannissement de Maryam Akbari-Monfared vers la prison de Semnan. Quatorze prisonni\u00e8res politiques ont \u00e9crit une lettre ouverte pour protester contre le transfert brutal et forc\u00e9 de leur cod\u00e9tenue, Maryam Akbari-Monfared, vers la prison de Semnan le 9 mars [&hellip;]<\/p>\n","protected":false},"author":4,"featured_media":12899,"comment_status":"closed","ping_status":"closed","sticky":false,"template":"","format":"standard","meta":{"jnews-multi-image_gallery":[],"jnews_single_post":{"subtitle":"","format":"standard","video":"","gallery":"","source_name":"","source_url":"","via_name":"","via_url":"","override":[{"single_blog_custom":"","sidebar":"","second_sidebar":"","share_position":"","share_float_style":"","post_date_format":"","post_date_format_custom":"","post_reading_time_wpm":"","zoom_button_out_step":"1","zoom_button_in_step":"1","number_popup_post":"1"}],"image_override":[{"single_post_thumbnail_size":"","single_post_gallery_size":""}],"trending_post_position":"","trending_post_label":"","sponsored_post_label":"","sponsored_post_name":"","sponsored_post_url":"","sponsored_post_logo":"","sponsored_post_desc":""},"jnews_primary_category":{"id":""},"jnews_social_meta":[],"jnews_override_counter":{"view_counter_number":"0","share_counter_number":"0","like_counter_number":"0","dislike_counter_number":"0"},"footnotes":""},"categories":[3],"tags":[370,376],"class_list":["post-12898","post","type-post","status-publish","format-standard","has-post-thumbnail","hentry","category-infos-des-femmes","tag-prisonnieres","tag-violence-contre-les-femmes"],"_links":{"self":[{"href":"https:\/\/wncri.org\/fr\/wp-json\/wp\/v2\/posts\/12898","targetHints":{"allow":["GET"]}}],"collection":[{"href":"https:\/\/wncri.org\/fr\/wp-json\/wp\/v2\/posts"}],"about":[{"href":"https:\/\/wncri.org\/fr\/wp-json\/wp\/v2\/types\/post"}],"author":[{"embeddable":true,"href":"https:\/\/wncri.org\/fr\/wp-json\/wp\/v2\/users\/4"}],"replies":[{"embeddable":true,"href":"https:\/\/wncri.org\/fr\/wp-json\/wp\/v2\/comments?post=12898"}],"version-history":[{"count":0,"href":"https:\/\/wncri.org\/fr\/wp-json\/wp\/v2\/posts\/12898\/revisions"}],"wp:featuredmedia":[{"embeddable":true,"href":"https:\/\/wncri.org\/fr\/wp-json\/wp\/v2\/media\/12899"}],"wp:attachment":[{"href":"https:\/\/wncri.org\/fr\/wp-json\/wp\/v2\/media?parent=12898"}],"wp:term":[{"taxonomy":"category","embeddable":true,"href":"https:\/\/wncri.org\/fr\/wp-json\/wp\/v2\/categories?post=12898"},{"taxonomy":"post_tag","embeddable":true,"href":"https:\/\/wncri.org\/fr\/wp-json\/wp\/v2\/tags?post=12898"}],"curies":[{"name":"wp","href":"https:\/\/api.w.org\/{rel}","templated":true}]}}