{"id":12890,"date":"2021-03-15T17:43:00","date_gmt":"2021-03-15T16:43:00","guid":{"rendered":"https:\/\/wncri.org\/fr\/?p=12890"},"modified":"2021-03-16T17:53:53","modified_gmt":"2021-03-16T16:53:53","slug":"une-femme-pendue","status":"publish","type":"post","link":"https:\/\/wncri.org\/fr\/2021\/03\/15\/une-femme-pendue\/","title":{"rendered":"Une femme pendue \u00e0 la veille du Nouvel An iranien &#8211;  La 115e ex\u00e9cution de femmes"},"content":{"rendered":"\n<p class=\"wp-block-paragraph\">CNRI Femmes &#8211; Une femme pendue \u00e0 la veille du Nouvel An iranien<\/p>\n\n\n\n<p class=\"wp-block-paragraph\">Une femme a \u00e9t\u00e9 pendue \u00e0 la prison de Lakan, \u00e0 Racht en Iran, le samedi 13 mars 2021. Il s&#8217;agit de la <a href=\"https:\/\/wncri.org\/fr\/2020\/01\/20\/93-femmes-executees-en-iran-sous-rohani\/\" target=\"_blank\" rel=\"noreferrer noopener\">115e femme<\/a> ex\u00e9cut\u00e9e sous le mandat de Rohani \u00e0 la pr\u00e9sidence du r\u00e9gime cl\u00e9rical.<\/p>\n\n\n\n<p class=\"wp-block-paragraph\">La femme ex\u00e9cut\u00e9e a \u00e9t\u00e9 identifi\u00e9e comme \u00e9tant Maryam Karimi (Massoumeh). Elle \u00e9tait mari\u00e9e et avait une petite fille. Maryam Karimi a \u00e9t\u00e9 victime <a href=\"https:\/\/wncri.org\/fr\/2020\/12\/04\/iran-record-mondial-de-la-violence-domestique-contre-les-femmes\/\" target=\"_blank\" rel=\"noreferrer noopener\">de violences domestiques<\/a>. Sa demande de divorce n&#8217;avait pas \u00e9t\u00e9 accept\u00e9e par son mari.<\/p>\n\n\n\n<p class=\"wp-block-paragraph\">Apr\u00e8s l&#8217;ex\u00e9cution de Maryam Karimi, les agents du r\u00e9gime ont emmen\u00e9 son p\u00e8re, \u00e9galement prisonnier, voir le corps de sa fille pendu \u00e0 la potence.<\/p>\n\n\n\n<p class=\"wp-block-paragraph\">La nouvelle de l&#8217;ex\u00e9cution de Maryam Karimi n&#8217;a pas encore \u00e9t\u00e9 publi\u00e9e par les m\u00e9dias du r\u00e9gime.<\/p>\n\n\n\n<p class=\"wp-block-paragraph\">Le r\u00e9gime cl\u00e9rical a intensifi\u00e9 les ex\u00e9cutions de femmes ces derniers mois.<\/p>\n\n\n\n<p class=\"wp-block-paragraph\"><a href=\"https:\/\/wncri.org\/fr\/2021\/02\/19\/une-femme-innocente-meurt-dune-crise-cardiaque-avant-datteindre-la-potence\/\" target=\"_blank\" rel=\"noreferrer noopener\">Zahra Esma&#8217;ili<\/a> a \u00e9t\u00e9 pendue \u00e0 l&#8217;aube du mercredi 17 f\u00e9vrier 2021 \u00e0 la prison de Gohardasht (ou Raja\u00efshahr) \u00e0 Karadj. Elle avait 42 ans et deux enfants.<\/p>\n\n\n\n<p class=\"wp-block-paragraph\">Selon son avocat, elle avait vu 16 prisonniers pendus sous ses yeux. Sous le choc, elle avait eu une crise cardiaque juste avant son tour d&#8217;\u00eatre conduite \u00e0 la potence. N\u00e9anmoins, les gardiens de prison ont pendu son corps sans vie.<\/p>\n\n\n\n<p class=\"wp-block-paragraph\">Zahra Esma&#8217;ili \u00e9tait une femme innocente. Elle avait pris la responsabilit\u00e9 du meurtre de son mari pour sauver sa fille adolescente qui lui avait tir\u00e9 une balle dans la t\u00eate.<\/p>\n\n\n\n<p class=\"wp-block-paragraph\">Alireza Zamani \u00e9tait un directeur g\u00e9n\u00e9ral du minist\u00e8re des Renseignements des mollahs. Il maltraitait et battait r\u00e9guli\u00e8rement sa femme et ses enfants.<\/p>\n\n\n\n<p class=\"wp-block-paragraph\">Une femme de 23 ans a \u00e9t\u00e9 ex\u00e9cut\u00e9e dans la <a href=\"https:\/\/wncri.org\/fr\/2021\/02\/09\/execution-dune-jeune-femme\/\" target=\"_blank\" rel=\"noreferrer noopener\">prison d&#8217;Ardebil<\/a> le lundi 8 f\u00e9vrier 2021.<\/p>\n\n\n\n<p class=\"wp-block-paragraph\">L&#8217;Iran d\u00e9tient le record du premier bourreau du monde avec le plus grand nombre de citoyens ex\u00e9cut\u00e9s par habitant. Il est \u00e9galement le <a href=\"https:\/\/wncri.org\/fr\/2020\/01\/20\/93-femmes-executees-en-iran-sous-rohani\/\" target=\"_blank\" rel=\"noreferrer noopener\">premier bourreau<\/a> de femmes au monde. Les ex\u00e9cutions sont manifestement injustes.<\/p>\n\n\n\n<p class=\"wp-block-paragraph\">Plus de 4 300 personnes ont \u00e9t\u00e9 ex\u00e9cut\u00e9es en Iran au cours des sept ann\u00e9es du mandat de Rohani. Parmi elles figurent 115 femmes.<\/p>\n\n\n\n<p class=\"wp-block-paragraph\">Le nombre r\u00e9el d&#8217;ex\u00e9cutions, et en particulier d&#8217;ex\u00e9cutions de femmes, est beaucoup plus \u00e9lev\u00e9. Le r\u00e9gime cl\u00e9rical proc\u00e8de \u00e0 la plupart des ex\u00e9cutions en secret et \u00e0 l&#8217;abri des regards. Aucun t\u00e9moin n&#8217;est pr\u00e9sent au moment de l&#8217;ex\u00e9cution, \u00e0 l&#8217;exception de ceux qui la pratiquent.<\/p>\n\n\n\n<p class=\"wp-block-paragraph\">L&#8217;Iran d\u00e9tient \u00e9galement le record mondial d&#8217;ex\u00e9cutions. Ces ex\u00e9cutions sont cruellement injustes.<\/p>\n","protected":false},"excerpt":{"rendered":"<p>CNRI Femmes &#8211; Une femme pendue \u00e0 la veille du Nouvel An iranien Une femme a \u00e9t\u00e9 pendue \u00e0 la prison de Lakan, \u00e0 Racht en Iran, le samedi 13 mars 2021. Il s&#8217;agit de la 115e femme ex\u00e9cut\u00e9e sous le mandat de Rohani \u00e0 la pr\u00e9sidence du r\u00e9gime cl\u00e9rical. La femme ex\u00e9cut\u00e9e a \u00e9t\u00e9 [&hellip;]<\/p>\n","protected":false},"author":4,"featured_media":12891,"comment_status":"closed","ping_status":"closed","sticky":false,"template":"","format":"standard","meta":{"jnews-multi-image_gallery":[],"jnews_single_post":{"subtitle":"","format":"standard","video":"","gallery":"","source_name":"","source_url":"","via_name":"","via_url":"","override":[{"single_blog_custom":"","sidebar":"","second_sidebar":"","share_position":"","share_float_style":"","post_date_format":"","post_date_format_custom":"","post_reading_time_wpm":"","zoom_button_out_step":"1","zoom_button_in_step":"1","number_popup_post":"1"}],"image_override":[{"single_post_thumbnail_size":"","single_post_gallery_size":""}],"trending_post_position":"","trending_post_label":"","sponsored_post_label":"","sponsored_post_name":"","sponsored_post_url":"","sponsored_post_logo":"","sponsored_post_desc":""},"jnews_primary_category":{"id":""},"jnews_social_meta":[],"jnews_override_counter":{"view_counter_number":"0","share_counter_number":"0","like_counter_number":"0","dislike_counter_number":"0"},"footnotes":""},"categories":[3],"tags":[367,376],"class_list":["post-12890","post","type-post","status-publish","format-standard","has-post-thumbnail","hentry","category-infos-des-femmes","tag-execution","tag-violence-contre-les-femmes"],"_links":{"self":[{"href":"https:\/\/wncri.org\/fr\/wp-json\/wp\/v2\/posts\/12890","targetHints":{"allow":["GET"]}}],"collection":[{"href":"https:\/\/wncri.org\/fr\/wp-json\/wp\/v2\/posts"}],"about":[{"href":"https:\/\/wncri.org\/fr\/wp-json\/wp\/v2\/types\/post"}],"author":[{"embeddable":true,"href":"https:\/\/wncri.org\/fr\/wp-json\/wp\/v2\/users\/4"}],"replies":[{"embeddable":true,"href":"https:\/\/wncri.org\/fr\/wp-json\/wp\/v2\/comments?post=12890"}],"version-history":[{"count":0,"href":"https:\/\/wncri.org\/fr\/wp-json\/wp\/v2\/posts\/12890\/revisions"}],"wp:featuredmedia":[{"embeddable":true,"href":"https:\/\/wncri.org\/fr\/wp-json\/wp\/v2\/media\/12891"}],"wp:attachment":[{"href":"https:\/\/wncri.org\/fr\/wp-json\/wp\/v2\/media?parent=12890"}],"wp:term":[{"taxonomy":"category","embeddable":true,"href":"https:\/\/wncri.org\/fr\/wp-json\/wp\/v2\/categories?post=12890"},{"taxonomy":"post_tag","embeddable":true,"href":"https:\/\/wncri.org\/fr\/wp-json\/wp\/v2\/tags?post=12890"}],"curies":[{"name":"wp","href":"https:\/\/api.w.org\/{rel}","templated":true}]}}