{"id":12848,"date":"2021-02-26T21:10:00","date_gmt":"2021-02-26T20:10:00","guid":{"rendered":"https:\/\/wncri.org\/fr\/?p=12848"},"modified":"2021-02-27T21:24:31","modified_gmt":"2021-02-27T20:24:31","slug":"suicide-chez-les-femmes-en-iran","status":"publish","type":"post","link":"https:\/\/wncri.org\/fr\/2021\/02\/26\/suicide-chez-les-femmes-en-iran\/","title":{"rendered":"Hausse du suicide chez les femmes en Iran"},"content":{"rendered":"\n<h2 class=\"wp-block-heading\"><strong><em>Le r\u00e9gime satisfait de son taux de violence contre les femmes<\/em><\/strong><\/h2>\n\n\n\n<p>Hausse du suicide chez les femmes en Iran<\/p>\n\n\n\n<p>CNRI Femmes &#8211; En raison de la pauvret\u00e9 et de la violence, le taux de <a href=\"https:\/\/wncri.org\/fr\/2020\/10\/23\/veuve-sest-prostituee\/\" target=\"_blank\" rel=\"noreferrer noopener\">suicide<\/a> chez les femmes et les filles en Iran est en hausse, un fait que les autorit\u00e9s et les experts du gouvernement ont \u00e9galement reconnu. Cependant, Massoumeh Ebtekar, charg\u00e9e \u00e0 la pr\u00e9sidence des affaires f\u00e9minines et familiales, estime que \u00ab\u00a0la violence domestique et sociale contre les femmes n&#8217;est pas \u00e9lev\u00e9e dans notre soci\u00e9t\u00e9, et l&#8217;Iran est en meilleure position que d&#8217;autres pays.\u00a0\u00bb (Agence ISNA &#8211; 15 f\u00e9vrier 2021)<\/p>\n\n\n\n<p>Or de son c\u00f4t\u00e9, Taghi Rostamvandi, vice-ministre de l&#8217;Int\u00e9rieur et directeur de l&#8217;organisation des affaires sociales, a mis en garde contre la situation actuelle : \u00ab\u00a0Au cours des derni\u00e8res ann\u00e9es, nous avons constat\u00e9 une augmentation des suicides. Nous avons eu une augmentation annuelle de 4 \u00e0 5 % des taux de <a href=\"https:\/\/wncri.org\/fr\/2020\/10\/22\/une-ado-sest-suicidee\/\" target=\"_blank\" rel=\"noreferrer noopener\">suicide<\/a>. Cette ann\u00e9e, nous avons les m\u00eames statistiques que l&#8217;ann\u00e9e derni\u00e8re. Mais ce qui est remarquable, c&#8217;est que nous constatons un changement significatif dans la fourchette d&#8217;\u00e2ge des personnes qui ont fait une tentative de suicide. Le nombre de suicides a augment\u00e9 l&#8217;ann\u00e9e derni\u00e8re chez les moins de 18 ans et les plus de 60 ans.\u00a0\u00bb (Agence Mehr &#8211; 7 f\u00e9vrier 2021).<\/p>\n\n\n\n<p>Une source bien inform\u00e9e de la m\u00e9decine l\u00e9gale a \u00e9galement rapport\u00e9 que de mars \u00e0 octobre 2020, le nombre de victimes de suicide a augment\u00e9 de 4,2 %, par rapport \u00e0 la m\u00eame p\u00e9riode de l\u2019ann\u00e9e pr\u00e9c\u00e9dente. Jusqu&#8217;\u00e0 15 personnes meurent chaque jour des suites d&#8217;un suicide. Contrairement au pass\u00e9, les m\u00e9thodes actuelles sont irr\u00e9versibles (Le quotidien Etemad &#8211; 20 janvier 2021).<\/p>\n\n\n\n<div class=\"wp-block-image\"><figure class=\"aligncenter size-large\"><img decoding=\"async\" src=\"data:image\/gif;base64,R0lGODlhAQABAIAAAAAAAP\/\/\/yH5BAEAAAAALAAAAAABAAEAAAIBRAA7\" data-src=\"https:\/\/wncri.org\/fr\/wp-content\/uploads\/2021\/02\/2-A-young-woman-took-her-own-life-by-jumping-off-of-a-bridge-archives.jpg\" alt=\"Une catastrophe de grande ampleur\t\" class=\"wp-image-12850 lazyload\"\/><noscript><img decoding=\"async\" width=\"385\" height=\"427\" src=\"https:\/\/wncri.org\/fr\/wp-content\/uploads\/2021\/02\/2-A-young-woman-took-her-own-life-by-jumping-off-of-a-bridge-archives.jpg\" alt=\"Une catastrophe de grande ampleur\t\" class=\"wp-image-12850 lazyload\" srcset=\"https:\/\/wncri.org\/fr\/wp-content\/uploads\/2021\/02\/2-A-young-woman-took-her-own-life-by-jumping-off-of-a-bridge-archives.jpg 385w, https:\/\/wncri.org\/fr\/wp-content\/uploads\/2021\/02\/2-A-young-woman-took-her-own-life-by-jumping-off-of-a-bridge-archives-270x300.jpg 270w\" sizes=\"(max-width: 385px) 100vw, 385px\" \/><\/noscript><\/figure><\/div>\n\n\n\n<p>Khalid Tavakoli, sociologue dans le domaine du pr\u00e9judice social, a d\u00e9clar\u00e9 : \u00ab&nbsp;R\u00e9cemment, le taux de suicide des personnes mari\u00e9es et d&#8217;\u00e2ge moyen a \u00e9t\u00e9 ajout\u00e9 aux statistiques, [et nous constatons] une tendance inqui\u00e9tante (&#8230;) Nous avons assist\u00e9 \u00e0 deux suicides au Kurdistan : l&#8217;un d&#8217;une mari\u00e9e, l&#8217;autre d&#8217;une adolescente de 14 ans. Toutes deux ont fini leur vie en se pendant.&nbsp;\u00bb<\/p>\n\n\n\n<p>\u00ab&nbsp;Le nombre de suicides rat\u00e9s n&#8217;est g\u00e9n\u00e9ralement pas refl\u00e9t\u00e9 dans les statistiques officielles, et le nombre est plus \u00e9lev\u00e9 que ce qui est officiellement annonc\u00e9.&nbsp;\u00bb (Agence ILNA &#8211; 8 juin 2020).<\/p>\n\n\n\n<h3 class=\"wp-block-heading\"><strong>Une catastrophe de grande ampleur&nbsp;&nbsp;&nbsp;&nbsp;&nbsp;&nbsp;&nbsp;&nbsp;&nbsp;&nbsp;&nbsp;&nbsp;&nbsp;&nbsp;&nbsp;<\/strong><\/h3>\n\n\n\n<p>Cette ann\u00e9e, les suicides chez les femmes et les filles en Iran sont choquants. En voici quelques exemples :<\/p>\n\n\n\n<p>&#8211; Une adolescente de 13 ans, du nom de Mahsa, s&#8217;est suicid\u00e9e \u00e0 Gatchsaran en se jetant d&#8217;un pont (jouyakhabar.ir &#8211; 31 d\u00e9cembre 2020).<\/p>\n\n\n\n<p>&#8211; Une m\u00e8re de Zarand s&#8217;est suicid\u00e9e en ing\u00e9rant des m\u00e9dicaments toxiques apr\u00e8s en avoir donn\u00e9es \u00e0 son fils de 9 ans (Agence ILNA &#8211; 23 janvier 2021).<\/p>\n\n\n\n<p>&#8211; Deux adolescentes de Gorgan ont tent\u00e9 de se suicider en sautant d&#8217;une passerelle pour pi\u00e9tons (Agence Mehr &#8211; 26 janvier 2021).<\/p>\n\n\n\n<p>&#8211; Deux lyc\u00e9ennes de 17 ans \u00e0 Dezfoul, ont mis fin \u00e0 leur vie en ing\u00e9rant des m\u00e9dicaments toxiques (shahraranews.ir &#8211; 27 janvier 2021).<\/p>\n\n\n\n<p>&#8211; Une jeune fille d&#8217;environ 18 ans, originaire du Dehdasht, s&#8217;est suicid\u00e9e et a perdu la vie. Elle s&#8217;\u00e9tait r\u00e9cemment mari\u00e9e (Agence ROKNA &#8211; 2 f\u00e9vrier 2021).<\/p>\n\n\n\n<p>&#8211; Une \u00e9coli\u00e8re de 11 ans du village de Deh-Ghazi, dans canton de Dishmouk, est morte par pendaison (Agence Khabarban &#8211; 15 f\u00e9vrier 2021). Cette \u00e9l\u00e8ve de sixi\u00e8me ann\u00e9e avait des probl\u00e8mes financiers et souffrait de pauvret\u00e9. Son p\u00e8re \u00e9tait au ch\u00f4mage et n&#8217;avait aucune source de revenus.&nbsp;<\/p>\n\n\n\n<p>Le r\u00e9gime pr\u00e9dateur et pilleur des mollahs est responsable de la pauvret\u00e9 end\u00e9mique en Iran et de l&#8217;augmentation du taux de suicides dans le pays.<\/p>\n\n\n\n<p>Soixante millions d&#8217;Iraniens vivent sous le seuil de pauvret\u00e9 en raison de l&#8217;absence syst\u00e9matique de contr\u00f4le de l\u2019Etat sur l&#8217;\u00e9conomie, a d\u00e9clar\u00e9 un \u00e9conomiste iranien. S&#8217;adressant \u00e0 Tabnak, un site proche du pouvoir, Ibrahim Razaghi a d\u00e9clar\u00e9 que \u00ab&nbsp;la menace la plus importante pour l&#8217;Iran est l&#8217;extr\u00eame pauvret\u00e9, le ch\u00f4mage g\u00e9n\u00e9ralis\u00e9, l&#8217;incapacit\u00e9 de nombreuses personnes \u00e0 payer leur loyer et le fait que les riches ne cessent de s\u2019enrichir&nbsp;\u00bb.<\/p>\n\n\n\n<p>\u00ab&nbsp;Il y a actuellement 30 millions de ch\u00f4meurs et 60 millions de personnes vivent en dessous du seuil de pauvret\u00e9&nbsp;\u00bb, a-t-il d\u00e9clar\u00e9, ajoutant que la situation \u00e9conomique est \u00ab&nbsp;tr\u00e8s mauvaise&nbsp;\u00bb.<\/p>\n\n\n\n<p>Selon les m\u00e9dias officiels, <a href=\"https:\/\/www.maryam-rajavi.com\/fr\/maryam-radjavi-67eme-resolution-onu-condamnant-violations-humains-iran\/\" target=\"_blank\" rel=\"noreferrer noopener\">plus de 38 millions d&#8217;Iraniens vivent dans des bidonvilles.<\/a><\/p>\n","protected":false},"excerpt":{"rendered":"<p>Le r\u00e9gime satisfait de son taux de violence contre les femmes Hausse du suicide chez les femmes en Iran CNRI Femmes &#8211; En raison de la pauvret\u00e9 et de la violence, le taux de suicide chez les femmes et les filles en Iran est en hausse, un fait que les autorit\u00e9s et les experts du [&hellip;]<\/p>\n","protected":false},"author":4,"featured_media":12849,"comment_status":"closed","ping_status":"closed","sticky":false,"template":"","format":"standard","meta":{"jnews-multi-image_gallery":[],"jnews_single_post":{"subtitle":"","format":"standard","video":"","gallery":"","source_name":"","source_url":"","via_name":"","via_url":"","override":[{"single_blog_custom":"","sidebar":"","second_sidebar":"","share_position":"","share_float_style":"","post_date_format":"","post_date_format_custom":"","post_reading_time_wpm":"","zoom_button_out_step":"1","zoom_button_in_step":"1","number_popup_post":"1"}],"image_override":[{"single_post_thumbnail_size":"","single_post_gallery_size":""}],"trending_post_position":"","trending_post_label":"","sponsored_post_label":"","sponsored_post_name":"","sponsored_post_url":"","sponsored_post_logo":"","sponsored_post_desc":""},"jnews_primary_category":{"id":""},"jnews_social_meta":[],"jnews_override_counter":{"view_counter_number":"0","share_counter_number":"0","like_counter_number":"0","dislike_counter_number":"0"},"footnotes":""},"categories":[8],"tags":[380,371,376],"class_list":["post-12848","post","type-post","status-publish","format-standard","has-post-thumbnail","hentry","category-articles","tag-femmes-chefs-de-famille","tag-pauvrete","tag-violence-contre-les-femmes"],"_links":{"self":[{"href":"https:\/\/wncri.org\/fr\/wp-json\/wp\/v2\/posts\/12848","targetHints":{"allow":["GET"]}}],"collection":[{"href":"https:\/\/wncri.org\/fr\/wp-json\/wp\/v2\/posts"}],"about":[{"href":"https:\/\/wncri.org\/fr\/wp-json\/wp\/v2\/types\/post"}],"author":[{"embeddable":true,"href":"https:\/\/wncri.org\/fr\/wp-json\/wp\/v2\/users\/4"}],"replies":[{"embeddable":true,"href":"https:\/\/wncri.org\/fr\/wp-json\/wp\/v2\/comments?post=12848"}],"version-history":[{"count":0,"href":"https:\/\/wncri.org\/fr\/wp-json\/wp\/v2\/posts\/12848\/revisions"}],"wp:featuredmedia":[{"embeddable":true,"href":"https:\/\/wncri.org\/fr\/wp-json\/wp\/v2\/media\/12849"}],"wp:attachment":[{"href":"https:\/\/wncri.org\/fr\/wp-json\/wp\/v2\/media?parent=12848"}],"wp:term":[{"taxonomy":"category","embeddable":true,"href":"https:\/\/wncri.org\/fr\/wp-json\/wp\/v2\/categories?post=12848"},{"taxonomy":"post_tag","embeddable":true,"href":"https:\/\/wncri.org\/fr\/wp-json\/wp\/v2\/tags?post=12848"}],"curies":[{"name":"wp","href":"https:\/\/api.w.org\/{rel}","templated":true}]}}