{"id":12844,"date":"2021-02-25T15:05:00","date_gmt":"2021-02-25T14:05:00","guid":{"rendered":"https:\/\/wncri.org\/fr\/?p=12844"},"modified":"2021-02-26T15:23:53","modified_gmt":"2021-02-26T14:23:53","slug":"lappel-datena-daemi","status":"publish","type":"post","link":"https:\/\/wncri.org\/fr\/2021\/02\/25\/lappel-datena-daemi\/","title":{"rendered":"La Cour supr\u00eame en Iran rejette l&#8217;appel d&#8217;Atena Daemi pour annuler son jugement"},"content":{"rendered":"\n<p>CNRI Femmes &#8211; La Cour supr\u00eame du r\u00e9gime cl\u00e9rical a rejet\u00e9 l&#8217;appel d&#8217;Atena Daemi visant \u00e0 r\u00e9viser et \u00e0 annuler le jugement sur sa peine de 2 ans et 74 coups de fouet. Cette nouvelle a \u00e9t\u00e9 rapport\u00e9 le 24 f\u00e9vrier 2021.<\/p>\n\n\n\n<p>L&#8217;appel d&#8217;Atena Daemi devait r\u00e9viser la d\u00e9cision de la 24<sup>e<\/sup> chambre du tribunal r\u00e9volutionnaire de T\u00e9h\u00e9ran en juin 2020. Sur la base d&#8217;une plainte d\u00e9pos\u00e9e par le minist\u00e8re du renseignement (Vevak) et le service de renseignement des pasdarans contre Mme Daemi en 2018, elle a \u00e9t\u00e9 condamn\u00e9e \u00e0 2 ans de prison et 74 coups de fouet.<\/p>\n\n\n\n<p>Le tribunal de T\u00e9h\u00e9ran l&#8217;a condamn\u00e9e \u00e0 un an de d\u00e9tention pour &#8220;propagande contre l&#8217;\u00c9tat&#8221; (en r\u00e9f\u00e9rence aux d\u00e9clarations et <a href=\"https:\/\/wncri.org\/fr\/2020\/07\/07\/force-et-resilience-message-datena-daemi-depuis-sa-prison-en-iran\/\" target=\"_blank\" rel=\"noreferrer noopener\">lettres ouvertes qu&#8217;elle avait envoy\u00e9es<\/a> hors de prison) et \u00e0 un an plus 74 coups de fouet pour &#8220;perturbation de l&#8217;ordre dans la prison&#8221; en scandant des slogans anti-gouvernementaux la nuit de l&#8217;anniversaire de la r\u00e9volution de 1979. Mme Daemi a rejet\u00e9 les accusations qu&#8217;elle juge non fond\u00e9es.<\/p>\n\n\n\n<p>La 26<sup>e<\/sup> chambre du tribunal r\u00e9volutionnaire de T\u00e9h\u00e9ran avait tenu une autre audience sur une affaire distincte pour Atena Daemi et Golrokh Iraee le 18 juin 2019, condamnant chacune d&#8217;elles <a href=\"https:\/\/wncri.org\/fr\/2019\/07\/14\/golrokh-iraee-et-atena-daemi-condamnees-a-3-ans-et-7-mois-de-prison-en-iran\/\" target=\"_blank\" rel=\"noreferrer noopener\">\u00e0 3 ans et 7 mois de prison<\/a>. C&#8217;est la peine qu&#8217;elle purge actuellement.<\/p>\n\n\n\n<p>Atena Daemi, 32 ans, aurait d\u00fb \u00eatre lib\u00e9r\u00e9e le 4 juillet 2020, apr\u00e8s avoir purg\u00e9 sa peine de 5 ans de<a href=\"https:\/\/www.ncr-iran.org\/fr\/communiques-cnri\/droits-humains\/la-67eme-resolution-de-lonu-condamnant-les-violations-des-droits-humains-en-iran\/\" target=\"_blank\" rel=\"noreferrer noopener\"> prison<\/a>. Mais elle a \u00e9t\u00e9 condamn\u00e9e \u00e0 nouveau \u00e0 un total de 5 ans de prison et 74 coups de fouet en raison de <a href=\"https:\/\/wncri.org\/fr\/2020\/03\/12\/nouvelle-plainte-contre-atena-daemi-pour-avoir-defendu-les-martyrs-de-novembre-en-iran\/\" target=\"_blank\" rel=\"noreferrer noopener\">fausses accusations port\u00e9es contre elle<\/a> par le minist\u00e8re du renseignement et les pasdarans.<\/p>\n\n\n\n<p>Activiste des droits de l&#8217;enfant, Atena Daemi a \u00e9t\u00e9 arr\u00eat\u00e9e une premi\u00e8re fois le 21 octobre 2014 et d\u00e9tenue pendant 16 mois pour avoir particip\u00e9 \u00e0 un rassemblement de protestation devant le bureau des Nations unies \u00e0 T\u00e9h\u00e9ran, dans un mouvement de protestation contre l&#8217;ex\u00e9cution de <a href=\"https:\/\/wncri.org\/fr\/2017\/10\/28\/en-souvenir-de-reyhaneh-pour-l-anniversaire-de-son-envol-en-iran\/\" target=\"_blank\" rel=\"noreferrer noopener\">Reyhaneh Jabbari<\/a>, et d&#8217;autres activit\u00e9s pacifiques.<\/p>\n\n\n\n<p>Le 26 novembre 2016, elle est \u00e0 nouveau arr\u00eat\u00e9e et conduite \u00e0 la prison d&#8217;Evine pour y purger sa peine. Pendant cette p\u00e9riode, elle a entam\u00e9 une <a href=\"https:\/\/wncri.org\/fr\/2017\/06\/04\/atena-daemi-54-jours-de-greve-de-la-faim-pour-etre-la-voix-des-sans-voix-en-iran\/\" target=\"_blank\" rel=\"noreferrer noopener\">gr\u00e8ve de la faim de 54 jours<\/a> en mars 2017, qui s&#8217;est termin\u00e9e avec succ\u00e8s lorsque les peines de prison de ses deux s\u0153urs ont \u00e9t\u00e9 annul\u00e9es.<\/p>\n\n\n\n<p>Atena Daemi a souffert de diverses maladies pendant ses ann\u00e9es d&#8217;incarc\u00e9ration, notamment d&#8217;un engourdissement des membres, d&#8217;une infection r\u00e9nale, d&#8217;un d\u00e9s\u00e9quilibre hormonal, et elle est pr\u00e9sente des sympt\u00f4mes de scl\u00e9rose en plaques et de cancer.<\/p>\n","protected":false},"excerpt":{"rendered":"<p>CNRI Femmes &#8211; La Cour supr\u00eame du r\u00e9gime cl\u00e9rical a rejet\u00e9 l&#8217;appel d&#8217;Atena Daemi visant \u00e0 r\u00e9viser et \u00e0 annuler le jugement sur sa peine de 2 ans et 74 coups de fouet. Cette nouvelle a \u00e9t\u00e9 rapport\u00e9 le 24 f\u00e9vrier 2021. L&#8217;appel d&#8217;Atena Daemi devait r\u00e9viser la d\u00e9cision de la 24e chambre du tribunal [&hellip;]<\/p>\n","protected":false},"author":4,"featured_media":12845,"comment_status":"closed","ping_status":"closed","sticky":false,"template":"","format":"standard","meta":{"jnews-multi-image_gallery":[],"jnews_single_post":{"subtitle":"","format":"standard","video":"","gallery":"","source_name":"","source_url":"","via_name":"","via_url":"","override":[{"single_blog_custom":"","sidebar":"","second_sidebar":"","share_position":"","share_float_style":"","post_date_format":"","post_date_format_custom":"","post_reading_time_wpm":"","zoom_button_out_step":"1","zoom_button_in_step":"1","number_popup_post":"1"}],"image_override":[{"single_post_thumbnail_size":"","single_post_gallery_size":""}],"trending_post_position":"","trending_post_label":"","sponsored_post_label":"","sponsored_post_name":"","sponsored_post_url":"","sponsored_post_logo":"","sponsored_post_desc":""},"jnews_primary_category":{"id":""},"jnews_social_meta":[],"jnews_override_counter":{"view_counter_number":"0","share_counter_number":"0","like_counter_number":"0","dislike_counter_number":"0"},"footnotes":""},"categories":[3],"tags":[370,376],"class_list":["post-12844","post","type-post","status-publish","format-standard","has-post-thumbnail","hentry","category-infos-des-femmes","tag-prisonnieres","tag-violence-contre-les-femmes"],"_links":{"self":[{"href":"https:\/\/wncri.org\/fr\/wp-json\/wp\/v2\/posts\/12844","targetHints":{"allow":["GET"]}}],"collection":[{"href":"https:\/\/wncri.org\/fr\/wp-json\/wp\/v2\/posts"}],"about":[{"href":"https:\/\/wncri.org\/fr\/wp-json\/wp\/v2\/types\/post"}],"author":[{"embeddable":true,"href":"https:\/\/wncri.org\/fr\/wp-json\/wp\/v2\/users\/4"}],"replies":[{"embeddable":true,"href":"https:\/\/wncri.org\/fr\/wp-json\/wp\/v2\/comments?post=12844"}],"version-history":[{"count":0,"href":"https:\/\/wncri.org\/fr\/wp-json\/wp\/v2\/posts\/12844\/revisions"}],"wp:featuredmedia":[{"embeddable":true,"href":"https:\/\/wncri.org\/fr\/wp-json\/wp\/v2\/media\/12845"}],"wp:attachment":[{"href":"https:\/\/wncri.org\/fr\/wp-json\/wp\/v2\/media?parent=12844"}],"wp:term":[{"taxonomy":"category","embeddable":true,"href":"https:\/\/wncri.org\/fr\/wp-json\/wp\/v2\/categories?post=12844"},{"taxonomy":"post_tag","embeddable":true,"href":"https:\/\/wncri.org\/fr\/wp-json\/wp\/v2\/tags?post=12844"}],"curies":[{"name":"wp","href":"https:\/\/api.w.org\/{rel}","templated":true}]}}