{"id":12841,"date":"2021-02-22T14:51:00","date_gmt":"2021-02-22T13:51:00","guid":{"rendered":"https:\/\/wncri.org\/fr\/?p=12841"},"modified":"2021-02-24T14:56:52","modified_gmt":"2021-02-24T13:56:52","slug":"retournee-en-prison","status":"publish","type":"post","link":"https:\/\/wncri.org\/fr\/2021\/02\/22\/retournee-en-prison\/","title":{"rendered":"Fatemeh Mosanna est retourn\u00e9e en prison avant la fin de son traitement"},"content":{"rendered":"\n<p class=\"wp-block-paragraph\">Fatemeh Mosanna est retourn\u00e9e en prison avant la fin de son traitement<\/p>\n\n\n\n<p class=\"wp-block-paragraph\"> La prisonni\u00e8re politique Fatemeh Mosanna a \u00e9t\u00e9 renvoy\u00e9e en prison en Iran avant la fin de son traitement m\u00e9dical.<\/p>\n\n\n\n<p class=\"wp-block-paragraph\">Suite \u00e0 une grave d\u00e9t\u00e9rioration de sa sant\u00e9, des douleurs et des saignements intestinaux, Fatemeh Mosanna a finalement \u00e9t\u00e9 conduite \u00e0 l&#8217;h\u00f4pital municipal le 11 f\u00e9vrier 2021. Cependant, au bout de cinq jours, elle a \u00e9t\u00e9 renvoy\u00e9e en prison sans avoir achev\u00e9 son traitement. Elle est actuellement priv\u00e9e d&#8217;acc\u00e8s \u00e0 ses m\u00e9dicaments habituels.<\/p>\n\n\n\n<p class=\"wp-block-paragraph\">Les autorit\u00e9s de la prison d&#8217;Evine ont priv\u00e9 la prisonni\u00e8re politique Fatemeh Mosanna d&#8217;un traitement m\u00e9dical urgent <a href=\"https:\/\/wncri.org\/fr\/2021\/01\/25\/la-prisonniere-politique-fatemeh-mosanna\/\" target=\"_blank\" rel=\"noreferrer noopener\">pendant plus de cinq mois.<\/a><\/p>\n\n\n\n<p class=\"wp-block-paragraph\">Fatemeh Mosanna, 53 ans, souffre d&#8217;une h\u00e9morragie intestinale depuis la mi-ao\u00fbt et ne peut pas marcher seule.<\/p>\n\n\n\n<p class=\"wp-block-paragraph\">Un m\u00e9decin de l&#8217;h\u00f4pital Taleghani de T\u00e9h\u00e9ran, a demand\u00e9 au bureau de la m\u00e9decine l\u00e9gale de l&#8217;examiner et de v\u00e9rifier qu&#8217;elle ne pouvait pas supporter les conditions de prison et qu&#8217;elle m\u00e9ritait d&#8217;\u00eatre autoris\u00e9e \u00e0 se faire soigner. En raison du stade avanc\u00e9 de sa maladie, le m\u00e9decin a d\u00e9clar\u00e9 qu&#8217;il n&#8217;\u00e9tait pas possible de la soigner dans les conditions stressantes de la prison.<\/p>\n\n\n\n<p class=\"wp-block-paragraph\">En raison de ses conditions de d\u00e9tention, Mme Mosanna souffre de troubles gastro-intestinaux, de probl\u00e8mes de foie, de colites intestinales et de migraines nerveuses. Elle a perdu connaissance \u00e0 plusieurs reprises en raison de douleurs intenses du tube digestif. Cependant, \u00e0 chaque fois, le procureur adjoint d&#8217;Evine, Amine Vaziri, l&#8217;a emp\u00each\u00e9e d&#8217;avoir acc\u00e8s \u00e0 un traitement m\u00e9dical appropri\u00e9.<\/p>\n\n\n\n<p class=\"wp-block-paragraph\">Fatemeh Mosanna s&#8217;est \u00e9vanouie pendant sa d\u00e9tention \u00e0 la prison d&#8217;Evine le 19 ao\u00fbt 2020. Elle a \u00e9t\u00e9 envoy\u00e9e \u00e0 l&#8217;h\u00f4pital Taleghani, mains et pieds <a href=\"https:\/\/wncri.org\/fr\/2020\/08\/23\/la-prisonniere-politique-fatemeh-mosanna-a-lhopital-menottee-a-son-lit\/\" target=\"_blank\" rel=\"noreferrer noopener\">menott\u00e9s au lit<\/a> pendant toute la semaine o\u00f9 elle y est rest\u00e9e. Au bout de 6 jours, elle a \u00e9t\u00e9 renvoy\u00e9e \u00e0 la prison d&#8217;Evine et mise en quarantaine.<\/p>\n\n\n\n<p class=\"wp-block-paragraph\">Les conditions de sant\u00e9 de Mme Mosanna se sont \u00e0 nouveau d\u00e9t\u00e9rior\u00e9es le 7 septembre 2020. Elle a \u00e9t\u00e9 envoy\u00e9e \u00e0 l&#8217;h\u00f4pital Taleghani pour une endoscopie et une coloscopie mais, une fois de plus, elle a \u00e9t\u00e9 renvoy\u00e9e \u00e0 Evine sans avoir termin\u00e9 ses examens.<\/p>\n\n\n\n<p class=\"wp-block-paragraph\">Fatemeh Mosanna, son mari Hassan Sadeqi, et leurs deux enfants ont \u00e9t\u00e9 arr\u00eat\u00e9s le 28 janvier 2013 alors qu&#8217;ils organisaient une c\u00e9r\u00e9monie fun\u00e8bre \u00e0 la m\u00e9moire du p\u00e8re de M. Sadeqi, membre de l&#8217;Organisation des Moudjahidine du peuple d&#8217;Iran (OMPI\/MEK), qui venait de d\u00e9c\u00e9der. Sa fille a \u00e9t\u00e9 d\u00e9tenue pendant trois jours et son fils mineur d\u00e9tenu et interrog\u00e9 pendant environ un mois et demi. Le couple a ensuite \u00e9t\u00e9 condamn\u00e9 \u00e0 15 ans de prison chacun. Leur entreprise et leur domicile ont \u00e9t\u00e9 confisqu\u00e9es par le pouvoir judiciaire du r\u00e9gime.<\/p>\n\n\n\n<p class=\"wp-block-paragraph\">Mme Mosanna a \u00e9t\u00e9 <a href=\"https:\/\/wncri.org\/fr\/2019\/11\/05\/la-prisonniere-politique-fatemeh-mosanna-privee-de-visite-a-son-mari\/\" target=\"_blank\" rel=\"noreferrer noopener\">priv\u00e9e de visites avec son mari<\/a> emprisonn\u00e9 pendant pr\u00e8s d&#8217;un an.<\/p>\n\n\n\n<p class=\"wp-block-paragraph\">N\u00e9e le 26 mai 1967, Fatemeh Mosanna a \u00e9t\u00e9 emprisonn\u00e9e pendant trois ans avec sa m\u00e8re alors qu&#8217;elle n&#8217;avait que 13 ans. Elles ont \u00e9t\u00e9 accus\u00e9es de guerre contre Dieu et de soutenir l\u2019OMPI. Trois de ses fr\u00e8res et sa belle-s\u0153ur ont \u00e9t\u00e9 ex\u00e9cut\u00e9s par le r\u00e9gime des mollahs dans les ann\u00e9es 1980.<\/p>\n","protected":false},"excerpt":{"rendered":"<p>Fatemeh Mosanna est retourn\u00e9e en prison avant la fin de son traitement La prisonni\u00e8re politique Fatemeh Mosanna a \u00e9t\u00e9 renvoy\u00e9e en prison en Iran avant la fin de son traitement m\u00e9dical. Suite \u00e0 une grave d\u00e9t\u00e9rioration de sa sant\u00e9, des douleurs et des saignements intestinaux, Fatemeh Mosanna a finalement \u00e9t\u00e9 conduite \u00e0 l&#8217;h\u00f4pital municipal le [&hellip;]<\/p>\n","protected":false},"author":4,"featured_media":12842,"comment_status":"closed","ping_status":"closed","sticky":false,"template":"","format":"standard","meta":{"jnews-multi-image_gallery":[],"jnews_single_post":{"subtitle":"","format":"standard","video":"","gallery":"","source_name":"","source_url":"","via_name":"","via_url":"","override":[{"single_blog_custom":"","sidebar":"","second_sidebar":"","share_position":"","share_float_style":"","post_date_format":"","post_date_format_custom":"","post_reading_time_wpm":"","zoom_button_out_step":"1","zoom_button_in_step":"1","number_popup_post":"1"}],"image_override":[{"single_post_thumbnail_size":"","single_post_gallery_size":""}],"trending_post_position":"","trending_post_label":"","sponsored_post_label":"","sponsored_post_name":"","sponsored_post_url":"","sponsored_post_logo":"","sponsored_post_desc":""},"jnews_primary_category":{"id":""},"jnews_social_meta":[],"jnews_override_counter":{"view_counter_number":"0","share_counter_number":"0","like_counter_number":"0","dislike_counter_number":"0"},"footnotes":""},"categories":[3],"tags":[370,376],"class_list":["post-12841","post","type-post","status-publish","format-standard","has-post-thumbnail","hentry","category-infos-des-femmes","tag-prisonnieres","tag-violence-contre-les-femmes"],"_links":{"self":[{"href":"https:\/\/wncri.org\/fr\/wp-json\/wp\/v2\/posts\/12841","targetHints":{"allow":["GET"]}}],"collection":[{"href":"https:\/\/wncri.org\/fr\/wp-json\/wp\/v2\/posts"}],"about":[{"href":"https:\/\/wncri.org\/fr\/wp-json\/wp\/v2\/types\/post"}],"author":[{"embeddable":true,"href":"https:\/\/wncri.org\/fr\/wp-json\/wp\/v2\/users\/4"}],"replies":[{"embeddable":true,"href":"https:\/\/wncri.org\/fr\/wp-json\/wp\/v2\/comments?post=12841"}],"version-history":[{"count":0,"href":"https:\/\/wncri.org\/fr\/wp-json\/wp\/v2\/posts\/12841\/revisions"}],"wp:featuredmedia":[{"embeddable":true,"href":"https:\/\/wncri.org\/fr\/wp-json\/wp\/v2\/media\/12842"}],"wp:attachment":[{"href":"https:\/\/wncri.org\/fr\/wp-json\/wp\/v2\/media?parent=12841"}],"wp:term":[{"taxonomy":"category","embeddable":true,"href":"https:\/\/wncri.org\/fr\/wp-json\/wp\/v2\/categories?post=12841"},{"taxonomy":"post_tag","embeddable":true,"href":"https:\/\/wncri.org\/fr\/wp-json\/wp\/v2\/tags?post=12841"}],"curies":[{"name":"wp","href":"https:\/\/api.w.org\/{rel}","templated":true}]}}