{"id":12824,"date":"2021-02-17T10:15:00","date_gmt":"2021-02-17T09:15:00","guid":{"rendered":"https:\/\/wncri.org\/fr\/?p=12824"},"modified":"2021-02-18T14:47:12","modified_gmt":"2021-02-18T13:47:12","slug":"execution-dune-femme","status":"publish","type":"post","link":"https:\/\/wncri.org\/fr\/2021\/02\/17\/execution-dune-femme\/","title":{"rendered":"Ex\u00e9cution d&#8217;une femme &#8211; 42 ans et deux enfants &#8211; \u00e0 Karaj en Iran"},"content":{"rendered":"\n<p>CNRI Femmes &#8211; L&#8217;ex\u00e9cution d&#8217;une femme de 42 ans et m\u00e8re de deux enfants \u00e0 la prison de Gohardasht (Raja\u00efchahr) de Karaj, marque l&#8217;ex\u00e9cution de la 114\u00e8me femme sous la pr\u00e9sidence de Rohani en Iran.<\/p>\n\n\n\n<p>Zahra Esma&#8217;ili a \u00e9t\u00e9 pendue \u00e0 l&#8217;aube du mercredi 17 f\u00e9vrier 2021, en m\u00eame temps que 6 d\u00e9tenus masculins \u00e0 la prison de Gohardacht \u00e0 Karadj.&nbsp;<\/p>\n\n\n\n<p>Zahra Esma&#8217;ili \u00e9tait <a href=\"https:\/\/wncri.org\/fr\/2020\/12\/04\/iran-record-mondial-de-la-violence-domestique-contre-les-femmes\/\" target=\"_blank\" rel=\"noreferrer noopener\">victime de violence domestique<\/a> et avait tu\u00e9 son mari en l\u00e9gitime d\u00e9fense. Son mari, un policier, la battait fr\u00e9quemment.<\/p>\n\n\n\n<p>Zahra Esma&#8217;ili a \u00e9t\u00e9 transf\u00e9r\u00e9e \u00e0 l&#8217;isolement dans un groupe de 10 prisonniers du couloir de la mort le lundi 15 f\u00e9vrier, pour \u00eatre pr\u00e9par\u00e9e \u00e0 l&#8217;ex\u00e9cution. Elle avait purg\u00e9 sa peine de prison dans l\u2019abominable prison de Qarchak.<\/p>\n\n\n\n<p>Le r\u00e9gime cl\u00e9rical a ex\u00e9cut\u00e9 trois femmes ces derni\u00e8res semaines dans les prisons <a href=\"https:\/\/wncri.org\/fr\/2021\/02\/09\/execution-dune-jeune-femme\/\" target=\"_blank\" rel=\"noreferrer noopener\">d&#8217;Ardebil<\/a>, de Sanandaj et de Karaj. Cela porte \u00e0 114 le nombre total d&#8217;ex\u00e9cutions de femmes pendant le mandat de Rohani en tant que pr\u00e9sident des mollahs.<\/p>\n\n\n\n<h3 class=\"wp-block-heading\"><strong>Le plus grand bourreau des femmes au monde<\/strong><\/h3>\n\n\n\n<p>L&#8217;Iran d\u00e9tient le record du monde en mati\u00e8re d&#8217;ex\u00e9cution par habitant. C&#8217;est \u00e9galement le pays qui <a href=\"https:\/\/wncri.org\/fr\/2020\/01\/20\/93-femmes-executees-en-iran-sous-rohani\/\" target=\"_blank\" rel=\"noreferrer noopener\">ex\u00e9cute le plus grand nombre de femmes<\/a> au monde. Les ex\u00e9cutions sont manifestement injustes.&nbsp;<\/p>\n\n\n\n<p>Plus de 4300 personnes ont \u00e9t\u00e9 ex\u00e9cut\u00e9es en Iran durant les sept ann\u00e9es de mandat de Rohani. Parmi elles, 114 femmes.<\/p>\n\n\n\n<p>Le nombre r\u00e9el d&#8217;ex\u00e9cutions, et en particulier d&#8217;ex\u00e9cution de femmes, est beaucoup plus \u00e9lev\u00e9. Le r\u00e9gime cl\u00e9rical proc\u00e8de \u00e0 la plupart des pendaisons en secret et \u00e0 l&#8217;abri des regards. Aucun t\u00e9moin n&#8217;est pr\u00e9sent au moment de l&#8217;ex\u00e9cution, mis \u00e0 part les bourreaux.<\/p>\n\n\n\n<p>L&#8217;Iran d\u00e9tient \u00e9galement le record du monde en la mati\u00e8re. Ces ex\u00e9cutions sont cruellement injustes.<\/p>\n\n\n\n<p>La commission des Femmes du CNRI a pr\u00e9c\u00e9demment not\u00e9 que de nombreuses femmes condamn\u00e9es pour homicide en Iran sont victimes de violence domestique. Elles ont tu\u00e9 en \u00e9tat de l\u00e9gitime d\u00e9fense.<\/p>\n\n\n\n<p>La commission des Femmes du CNRI a publi\u00e9 <a href=\"https:\/\/wncri.org\/fr\/2020\/01\/20\/93-femmes-executees-en-iran-sous-rohani\/\" target=\"_blank\" rel=\"noreferrer noopener\">une liste des femmes ex\u00e9cut\u00e9es<\/a> sous le mandat de Rohani. Ces informations sont bas\u00e9es sur des nouvelles et des informations publi\u00e9es dans les m\u00e9dias publics en Iran et d&#8217;autres sources fiables \u00e0 l&#8217;int\u00e9rieur du pays.<\/p>\n\n\n\n<p>La R\u00e9sistance iranienne appelle \u00e0 <a href=\"https:\/\/www.maryam-rajavi.com\/fr\/points-de-vue\/abolition-peine-mort-iran\/\" target=\"_blank\" rel=\"noreferrer noopener\">l&#8217;abolition de la peine de mort<\/a> en Iran.<\/p>\n","protected":false},"excerpt":{"rendered":"<p>CNRI Femmes &#8211; L&#8217;ex\u00e9cution d&#8217;une femme de 42 ans et m\u00e8re de deux enfants \u00e0 la prison de Gohardasht (Raja\u00efchahr) de Karaj, marque l&#8217;ex\u00e9cution de la 114\u00e8me femme sous la pr\u00e9sidence de Rohani en Iran. Zahra Esma&#8217;ili a \u00e9t\u00e9 pendue \u00e0 l&#8217;aube du mercredi 17 f\u00e9vrier 2021, en m\u00eame temps que 6 d\u00e9tenus masculins \u00e0 [&hellip;]<\/p>\n","protected":false},"author":4,"featured_media":12825,"comment_status":"closed","ping_status":"closed","sticky":false,"template":"","format":"standard","meta":{"jnews-multi-image_gallery":[],"jnews_single_post":{"subtitle":"","format":"standard","video":"","gallery":"","source_name":"","source_url":"","via_name":"","via_url":"","override":[{"single_blog_custom":"","sidebar":"","second_sidebar":"","share_position":"","share_float_style":"","post_date_format":"","post_date_format_custom":"","post_reading_time_wpm":"","zoom_button_out_step":"1","zoom_button_in_step":"1","number_popup_post":"1"}],"image_override":[{"single_post_thumbnail_size":"","single_post_gallery_size":""}],"trending_post_position":"","trending_post_label":"","sponsored_post_label":"","sponsored_post_name":"","sponsored_post_url":"","sponsored_post_logo":"","sponsored_post_desc":""},"jnews_primary_category":{"id":""},"jnews_social_meta":[],"jnews_override_counter":{"view_counter_number":"0","share_counter_number":"0","like_counter_number":"0","dislike_counter_number":"0"},"footnotes":""},"categories":[3],"tags":[367,376],"class_list":["post-12824","post","type-post","status-publish","format-standard","has-post-thumbnail","hentry","category-infos-des-femmes","tag-execution","tag-violence-contre-les-femmes"],"_links":{"self":[{"href":"https:\/\/wncri.org\/fr\/wp-json\/wp\/v2\/posts\/12824","targetHints":{"allow":["GET"]}}],"collection":[{"href":"https:\/\/wncri.org\/fr\/wp-json\/wp\/v2\/posts"}],"about":[{"href":"https:\/\/wncri.org\/fr\/wp-json\/wp\/v2\/types\/post"}],"author":[{"embeddable":true,"href":"https:\/\/wncri.org\/fr\/wp-json\/wp\/v2\/users\/4"}],"replies":[{"embeddable":true,"href":"https:\/\/wncri.org\/fr\/wp-json\/wp\/v2\/comments?post=12824"}],"version-history":[{"count":0,"href":"https:\/\/wncri.org\/fr\/wp-json\/wp\/v2\/posts\/12824\/revisions"}],"wp:featuredmedia":[{"embeddable":true,"href":"https:\/\/wncri.org\/fr\/wp-json\/wp\/v2\/media\/12825"}],"wp:attachment":[{"href":"https:\/\/wncri.org\/fr\/wp-json\/wp\/v2\/media?parent=12824"}],"wp:term":[{"taxonomy":"category","embeddable":true,"href":"https:\/\/wncri.org\/fr\/wp-json\/wp\/v2\/categories?post=12824"},{"taxonomy":"post_tag","embeddable":true,"href":"https:\/\/wncri.org\/fr\/wp-json\/wp\/v2\/tags?post=12824"}],"curies":[{"name":"wp","href":"https:\/\/api.w.org\/{rel}","templated":true}]}}