{"id":12820,"date":"2021-02-15T13:10:00","date_gmt":"2021-02-15T12:10:00","guid":{"rendered":"https:\/\/wncri.org\/fr\/?p=12820"},"modified":"2021-02-16T13:19:42","modified_gmt":"2021-02-16T12:19:42","slug":"retraites","status":"publish","type":"post","link":"https:\/\/wncri.org\/fr\/2021\/02\/15\/retraites\/","title":{"rendered":"Manifestations des retrait\u00e9s et des b\u00e9n\u00e9ficiaires de l&#8217;aide sociale dans 22 villes d\u2019Iran"},"content":{"rendered":"\n<p>CNRI Femmes &#8211; Malgr\u00e9 les mesures et les promesses trompeuses du r\u00e9gime, les b\u00e9n\u00e9ficiaires de l&#8217;aide sociale et les retrait\u00e9s en Iran ont organis\u00e9 des manifestations de protestation \u00e0 T\u00e9h\u00e9ran et dans 21 autres villes du pays le 14 f\u00e9vrier, pour r\u00e9clamer des pensions \u00e9quitables face \u00e0 l\u2019inflation et aux prix intol\u00e9rablement \u00e9lev\u00e9s.<\/p>\n\n\n\n<p>Les <a href=\"https:\/\/wncri.org\/fr\/2021\/01\/27\/manifestations-etendues-des-infirmieres-enseignants-et-retraites-en-iran\/\" target=\"_blank\" rel=\"noreferrer noopener\">femmes<\/a> constituaient un nombre consid\u00e9rable des manifestants.<\/p>\n\n\n\n<p>Elles se sont rassembl\u00e9es devant les b\u00e2timents de l&#8217;Organisation de la s\u00e9curit\u00e9 sociale \u00e0 T\u00e9h\u00e9ran, Tabriz, Nichapour, Arak, Ahwaz, Kermanchah, Yazd, Khorramabad, Ispahan, Ardeabil, Souze, Ilam, Qazvine, Chiraz, Karadj, Machad, Sanandaj, Kerman, Bojnourd, Dezfoul, Zanjan et Hamadan<\/p>\n\n\n\n<p>\u00c0 T\u00e9h\u00e9ran, les b\u00e9n\u00e9ficiaires de l&#8217;aide sociale et les <a href=\"https:\/\/www.maryam-rajavi.com\/en\/deprived-retirees-22-cities-iran-protests\/\" target=\"_blank\" rel=\"noreferrer noopener\">retrait\u00e9s<\/a> se sont rassembl\u00e9s devant le parlement des mollahs o\u00f9 un groupe d&#8217;enseignants s&#8217;\u00e9tait \u00e9galement r\u00e9uni pour protester contre les bas salaires et d&#8217;autres probl\u00e8mes du syst\u00e8me \u00e9ducatif. Des retrait\u00e9s de Kermanchah \u00e9taient \u00e9galement \u00e0 T\u00e9h\u00e9ran et ont rejoint la manifestation de dimanche devant le parlement.<\/p>\n\n\n\n<figure class=\"wp-block-image size-large is-resized\"><img decoding=\"async\" src=\"data:image\/gif;base64,R0lGODlhAQABAIAAAAAAAP\/\/\/yH5BAEAAAAALAAAAAABAAEAAAIBRAA7\" data-src=\"https:\/\/wncri.org\/fr\/wp-content\/uploads\/2021\/02\/Pensioners-in-Iran-protest-2.jpg\" alt=\"Les femmes constituaient un nombre consid\u00e9rable des manifestants. \" class=\"wp-image-12822 lazyload\" width=\"927\" height=\"464\"\/><noscript><img decoding=\"async\" src=\"https:\/\/wncri.org\/fr\/wp-content\/uploads\/2021\/02\/Pensioners-in-Iran-protest-2.jpg\" alt=\"Les femmes constituaient un nombre consid\u00e9rable des manifestants. \" class=\"wp-image-12822 lazyload\" width=\"927\" height=\"464\" srcset=\"https:\/\/wncri.org\/fr\/wp-content\/uploads\/2021\/02\/Pensioners-in-Iran-protest-2.jpg 750w, https:\/\/wncri.org\/fr\/wp-content\/uploads\/2021\/02\/Pensioners-in-Iran-protest-2-300x150.jpg 300w, https:\/\/wncri.org\/fr\/wp-content\/uploads\/2021\/02\/Pensioners-in-Iran-protest-2-360x180.jpg 360w\" sizes=\"(max-width: 927px) 100vw, 927px\" \/><\/noscript><\/figure>\n\n\n\n<p>\u00ab&nbsp;On ne l\u00e2che rien tant que nous n&#8217;aurons pas obtenu nos droits !&nbsp;\u00bb, scandaient les manifestants en col\u00e8re.<\/p>\n\n\n\n<p>\u00ab&nbsp;Ce n&#8217;est que dans la rue qu\u2019on pourra obtenir nos droits !&nbsp;\u00bb<\/p>\n\n\n\n<p>\u00ab&nbsp;Assez de promesses creuses, nos paniers sont vides !&nbsp;\u00bb<\/p>\n\n\n\n<p>\u00ab&nbsp;La caisse de retraite a \u00e9t\u00e9 d\u00e9tourn\u00e9e par une bande de voleurs !&nbsp;\u00bb<\/p>\n\n\n\n<p>On pouvait lire sur une des pancartes des retrait\u00e9s : \u00ab&nbsp;Le seuil de pauvret\u00e9 est \u00e0 12 millions (de tomans, et nos pensions \u00e0 3 millions (tomans).&nbsp;\u00bb La plupart des retrait\u00e9s vivent sous le seuil de pauvret\u00e9 et ne peuvent pas faire face \u00e0 leurs d\u00e9penses hebdomadaires.<\/p>\n\n\n\n<p>La principale revendication des manifestants est que le gouvernement augmente leurs pensions proportionnellement \u00e0 la hausse de l\u2019inflation. Un autre de leurs slogans \u00e9tait : \u00ab&nbsp;Les prix \u00e9lev\u00e9s et l&#8217;inflation ruinent la vie des pauvres gens.&nbsp;\u00bb<\/p>\n\n\n\n<p>C&#8217;est le quatri\u00e8me rassemblement national de retrait\u00e9s et de pensionn\u00e9s en Iran ces derniers mois.<\/p>\n\n\n\n<p>Les pr\u00e9c\u00e9dentes manifestations ont eu lieu le 20 d\u00e9cembre, le 26 janvier et le 3 f\u00e9vrier.<\/p>\n\n\n\n<p>L\u2019effondrement de l&#8217;\u00e9conomie iranienne, aviv\u00e9 par la corruption du gouvernement et les politiques destructrices, a plong\u00e9 dans la pauvret\u00e9 de nombreux fonctionnaires et retrait\u00e9s en Iran. Alors que le prix de la monnaie nationale a perdu plus de 80 % de sa valeur au cours des derni\u00e8res ann\u00e9es, les pensions n&#8217;ont pas beaucoup chang\u00e9 et le gouvernement n&#8217;a pas ajust\u00e9 les salaires en fonction de la valeur de la monnaie et des taux d&#8217;inflation.<\/p>\n\n\n\n<p>Le seuil de pauvret\u00e9 pour une famille de quatre personnes est pass\u00e9 \u00e0 12 millions de tomans (environ 330 euros). Le seuil de pauvret\u00e9 absolue est de 6,8 millions de Tomans (environ 215 euros), ce qui place au moins 60 % de la population iranienne, dont la plupart des retrait\u00e9s, sous le seuil de &#8220;pauvret\u00e9 absolue&#8221;.<\/p>\n\n\n\n<p>Selon les statistiques officielles du r\u00e9gime iranien, plus de 75 % des retrait\u00e9s luttent pour subvenir \u00e0 leurs besoins.<\/p>\n\n\n\n<p>Ces derni\u00e8res ann\u00e9es, les retrait\u00e9s ont r\u00e9guli\u00e8rement protest\u00e9 contre les bas salaires et le refus du gouvernement d&#8217;ajuster leurs pensions en fonction de la d\u00e9valuation du rial et de la hausse du taux d&#8217;inflation.<\/p>\n\n\n\n<p>Les b\u00e9n\u00e9ficiaires de l&#8217;aide sociale et les retrait\u00e9s qui protestent en Iran exigent l&#8217;application de l&#8217;article 96 de la loi sur l&#8217;aide sociale, qui stipule que les pensions doivent \u00eatre ajust\u00e9es pour permettre aux retrait\u00e9s de subvenir \u00e0 leurs besoins. Les manifestants r\u00e9clament \u00e9galement la gratuit\u00e9 des soins de sant\u00e9 pour les retrait\u00e9s et la hi\u00e9rarchisation des demandes des retrait\u00e9s par le Parlement.<\/p>\n","protected":false},"excerpt":{"rendered":"<p>CNRI Femmes &#8211; Malgr\u00e9 les mesures et les promesses trompeuses du r\u00e9gime, les b\u00e9n\u00e9ficiaires de l&#8217;aide sociale et les retrait\u00e9s en Iran ont organis\u00e9 des manifestations de protestation \u00e0 T\u00e9h\u00e9ran et dans 21 autres villes du pays le 14 f\u00e9vrier, pour r\u00e9clamer des pensions \u00e9quitables face \u00e0 l\u2019inflation et aux prix intol\u00e9rablement \u00e9lev\u00e9s. Les femmes [&hellip;]<\/p>\n","protected":false},"author":4,"featured_media":12821,"comment_status":"closed","ping_status":"closed","sticky":false,"template":"","format":"standard","meta":{"jnews-multi-image_gallery":[],"jnews_single_post":{"subtitle":"","format":"standard","video":"","gallery":"","source_name":"","source_url":"","via_name":"","via_url":"","override":[{"single_blog_custom":"","sidebar":"","second_sidebar":"","share_position":"","share_float_style":"","post_date_format":"","post_date_format_custom":"","post_reading_time_wpm":"","zoom_button_out_step":"1","zoom_button_in_step":"1","number_popup_post":"1"}],"image_override":[{"single_post_thumbnail_size":"","single_post_gallery_size":""}],"trending_post_position":"","trending_post_label":"","sponsored_post_label":"","sponsored_post_name":"","sponsored_post_url":"","sponsored_post_logo":"","sponsored_post_desc":""},"jnews_primary_category":{"id":""},"jnews_social_meta":[],"jnews_override_counter":{"view_counter_number":"0","share_counter_number":"0","like_counter_number":"0","dislike_counter_number":"0"},"footnotes":""},"categories":[8],"tags":[369,371],"class_list":["post-12820","post","type-post","status-publish","format-standard","has-post-thumbnail","hentry","category-articles","tag-manifestations","tag-pauvrete"],"_links":{"self":[{"href":"https:\/\/wncri.org\/fr\/wp-json\/wp\/v2\/posts\/12820","targetHints":{"allow":["GET"]}}],"collection":[{"href":"https:\/\/wncri.org\/fr\/wp-json\/wp\/v2\/posts"}],"about":[{"href":"https:\/\/wncri.org\/fr\/wp-json\/wp\/v2\/types\/post"}],"author":[{"embeddable":true,"href":"https:\/\/wncri.org\/fr\/wp-json\/wp\/v2\/users\/4"}],"replies":[{"embeddable":true,"href":"https:\/\/wncri.org\/fr\/wp-json\/wp\/v2\/comments?post=12820"}],"version-history":[{"count":0,"href":"https:\/\/wncri.org\/fr\/wp-json\/wp\/v2\/posts\/12820\/revisions"}],"wp:featuredmedia":[{"embeddable":true,"href":"https:\/\/wncri.org\/fr\/wp-json\/wp\/v2\/media\/12821"}],"wp:attachment":[{"href":"https:\/\/wncri.org\/fr\/wp-json\/wp\/v2\/media?parent=12820"}],"wp:term":[{"taxonomy":"category","embeddable":true,"href":"https:\/\/wncri.org\/fr\/wp-json\/wp\/v2\/categories?post=12820"},{"taxonomy":"post_tag","embeddable":true,"href":"https:\/\/wncri.org\/fr\/wp-json\/wp\/v2\/tags?post=12820"}],"curies":[{"name":"wp","href":"https:\/\/api.w.org\/{rel}","templated":true}]}}