{"id":12812,"date":"2021-02-13T14:05:00","date_gmt":"2021-02-13T13:05:00","guid":{"rendered":"https:\/\/wncri.org\/fr\/?p=12812"},"modified":"2021-02-15T14:09:59","modified_gmt":"2021-02-15T13:09:59","slug":"somayeh-kargar","status":"publish","type":"post","link":"https:\/\/wncri.org\/fr\/2021\/02\/13\/somayeh-kargar\/","title":{"rendered":"Au bout de quatre mois, Somayeh Kargar transf\u00e9r\u00e9e \u00e0 la prison de Qarchak"},"content":{"rendered":"\n<p class=\"wp-block-paragraph\">CNRI Femmes &#8211; Somayeh Kargar a \u00e9t\u00e9 transf\u00e9r\u00e9e \u00e0 la prison de Qarchak, en banlieue de T\u00e9h\u00e9ran, depuis le d\u00e9but de cette semaine.<\/p>\n\n\n\n<p class=\"wp-block-paragraph\">Apr\u00e8s <a href=\"https:\/\/wncri.org\/fr\/2020\/11\/28\/maintien-en-detention-dune-infirmiere-et-dune-philosophe-a-evine\/\">quatre mois d&#8217;interrogatoire<\/a> par les services de renseignement des pasdraans dans le quartier 2A de\u00a0 la terrible <a href=\"https:\/\/www.maryam-rajavi.com\/fr\/maryam-radjavi-appelle-la-communaute-internationale-a-condamner-le-raid-a-la-prison-d-evine\/\" target=\"_blank\" rel=\"noreferrer noopener\">prison d\u2019Evine<\/a>, elle a finalement \u00e9t\u00e9 transf\u00e9r\u00e9e vers un centred e d\u00e9tention bien pire \u00e0 Qarchak.<\/p>\n\n\n\n<p class=\"wp-block-paragraph\">Somayeh Kargar est dipl\u00f4m\u00e9e en philosophie de l&#8217;universit\u00e9 de Tabriz. Elle souffre d&#8217;une maladie oculaire rare et sa vue s&#8217;est s\u00e9rieusement affaiblie. Elle a \u00e9t\u00e9 priv\u00e9e d&#8217;acc\u00e8s aux traitements m\u00e9dicaux et \u00e0 ses m\u00e9dicaments. Sa famille a \u00e9t\u00e9 inform\u00e9e qu&#8217;elle est accus\u00e9e de d\u00e9lits sur Internet.<\/p>\n","protected":false},"excerpt":{"rendered":"<p>CNRI Femmes &#8211; Somayeh Kargar a \u00e9t\u00e9 transf\u00e9r\u00e9e \u00e0 la prison de Qarchak, en banlieue de T\u00e9h\u00e9ran, depuis le d\u00e9but de cette semaine. Apr\u00e8s quatre mois d&#8217;interrogatoire par les services de renseignement des pasdraans dans le quartier 2A de\u00a0 la terrible prison d\u2019Evine, elle a finalement \u00e9t\u00e9 transf\u00e9r\u00e9e vers un centred e d\u00e9tention bien pire [&hellip;]<\/p>\n","protected":false},"author":4,"featured_media":12813,"comment_status":"closed","ping_status":"closed","sticky":false,"template":"","format":"standard","meta":{"jnews-multi-image_gallery":[],"jnews_single_post":{"subtitle":"","format":"standard","video":"","gallery":"","source_name":"","source_url":"","via_name":"","via_url":"","override":[{"single_blog_custom":"","sidebar":"","second_sidebar":"","share_position":"","share_float_style":"","post_date_format":"","post_date_format_custom":"","post_reading_time_wpm":"","zoom_button_out_step":"1","zoom_button_in_step":"1","number_popup_post":"1"}],"image_override":[{"single_post_thumbnail_size":"","single_post_gallery_size":""}],"trending_post_position":"","trending_post_label":"","sponsored_post_label":"","sponsored_post_name":"","sponsored_post_url":"","sponsored_post_logo":"","sponsored_post_desc":""},"jnews_primary_category":{"id":""},"jnews_social_meta":[],"jnews_override_counter":{"view_counter_number":"0","share_counter_number":"0","like_counter_number":"0","dislike_counter_number":"0"},"footnotes":""},"categories":[3],"tags":[370,376],"class_list":["post-12812","post","type-post","status-publish","format-standard","has-post-thumbnail","hentry","category-infos-des-femmes","tag-prisonnieres","tag-violence-contre-les-femmes"],"_links":{"self":[{"href":"https:\/\/wncri.org\/fr\/wp-json\/wp\/v2\/posts\/12812","targetHints":{"allow":["GET"]}}],"collection":[{"href":"https:\/\/wncri.org\/fr\/wp-json\/wp\/v2\/posts"}],"about":[{"href":"https:\/\/wncri.org\/fr\/wp-json\/wp\/v2\/types\/post"}],"author":[{"embeddable":true,"href":"https:\/\/wncri.org\/fr\/wp-json\/wp\/v2\/users\/4"}],"replies":[{"embeddable":true,"href":"https:\/\/wncri.org\/fr\/wp-json\/wp\/v2\/comments?post=12812"}],"version-history":[{"count":0,"href":"https:\/\/wncri.org\/fr\/wp-json\/wp\/v2\/posts\/12812\/revisions"}],"wp:featuredmedia":[{"embeddable":true,"href":"https:\/\/wncri.org\/fr\/wp-json\/wp\/v2\/media\/12813"}],"wp:attachment":[{"href":"https:\/\/wncri.org\/fr\/wp-json\/wp\/v2\/media?parent=12812"}],"wp:term":[{"taxonomy":"category","embeddable":true,"href":"https:\/\/wncri.org\/fr\/wp-json\/wp\/v2\/categories?post=12812"},{"taxonomy":"post_tag","embeddable":true,"href":"https:\/\/wncri.org\/fr\/wp-json\/wp\/v2\/tags?post=12812"}],"curies":[{"name":"wp","href":"https:\/\/api.w.org\/{rel}","templated":true}]}}