{"id":12802,"date":"2021-02-10T14:23:00","date_gmt":"2021-02-10T13:23:00","guid":{"rendered":"https:\/\/wncri.org\/fr\/?p=12802"},"modified":"2021-02-11T14:28:15","modified_gmt":"2021-02-11T13:28:15","slug":"deux-militantes","status":"publish","type":"post","link":"https:\/\/wncri.org\/fr\/2021\/02\/10\/deux-militantes\/","title":{"rendered":"Deux militantes en Iran condamn\u00e9es \u00e0 de lourdes peines de prison pour leurs activit\u00e9s"},"content":{"rendered":"\n<p>CNRI Femmes &#8211; Deux militantes \u00e0 T\u00e9h\u00e9ran et Sanandaj ont \u00e9t\u00e9 condamn\u00e9es \u00e0 de lourdes peines de prison pour leurs activit\u00e9s de promotion des droits humains en Iran.<\/p>\n\n\n\n<p>Les deux militantes inculp\u00e9es pour avoir exerc\u00e9 leur droit fondamental \u00e0 la libert\u00e9 d&#8217;expression sont Faranak Jamshidi et <a href=\"https:\/\/wncri.org\/fr\/2020\/11\/12\/militante-etudiante-soha-mortezai\/\" target=\"_blank\" rel=\"noreferrer noopener\">Soha Morteza\u2019i<\/a>.<\/p>\n\n\n\n<p>Faranak Jamshidi, d\u00e9fenseure de l&#8217;environnement, a \u00e9t\u00e9 condamn\u00e9e \u00e0 4 ans de prison pour &#8220;appartenance&#8221; \u00e0 un groupe d&#8217;opposition kurde.<\/p>\n\n\n\n<p>La premi\u00e8re branche du tribunal r\u00e9volutionnaire de Sanandaj s&#8217;est r\u00e9unie le 23 janvier 2021, mais l&#8217;avocat de Mme Jamshidi a \u00e9t\u00e9 officiellement inform\u00e9 du verdict le 2 f\u00e9vrier.<\/p>\n\n\n\n<p>Les preuves utilis\u00e9es pour \u00e9tablir l&#8217;appartenance de Faranak Jamshidi \u00e9taient sa participation \u00e0 une manifestation en faveur des Kurdes syriens et son adh\u00e9sion \u00e0 un groupe sur les m\u00e9dias sociaux.<\/p>\n\n\n\n<div class=\"wp-block-image\"><figure class=\"aligncenter size-large is-resized\"><img decoding=\"async\" src=\"data:image\/gif;base64,R0lGODlhAQABAIAAAAAAAP\/\/\/yH5BAEAAAAALAAAAAABAAEAAAIBRAA7\" data-src=\"https:\/\/wncri.org\/fr\/wp-content\/uploads\/2021\/02\/Faranak-Jamshidi-environmental-.jpg\" alt=\"Faranak Jamshidi, qui est membre de l\u2019Association verte du Kurdistan\" class=\"wp-image-12803 lazyload\" width=\"978\" height=\"489\"\/><noscript><img decoding=\"async\" src=\"https:\/\/wncri.org\/fr\/wp-content\/uploads\/2021\/02\/Faranak-Jamshidi-environmental-.jpg\" alt=\"Faranak Jamshidi, qui est membre de l\u2019Association verte du Kurdistan\" class=\"wp-image-12803 lazyload\" width=\"978\" height=\"489\" srcset=\"https:\/\/wncri.org\/fr\/wp-content\/uploads\/2021\/02\/Faranak-Jamshidi-environmental-.jpg 750w, https:\/\/wncri.org\/fr\/wp-content\/uploads\/2021\/02\/Faranak-Jamshidi-environmental--300x150.jpg 300w, https:\/\/wncri.org\/fr\/wp-content\/uploads\/2021\/02\/Faranak-Jamshidi-environmental--360x180.jpg 360w\" sizes=\"(max-width: 978px) 100vw, 978px\" \/><\/noscript><figcaption>Faranak Jamshidi<\/figcaption><\/figure><\/div>\n\n\n\n<p><a href=\"https:\/\/wncri.org\/fr\/2020\/10\/30\/une-femme-photographe-et-documentariste\/\" target=\"_blank\" rel=\"noreferrer noopener\">Faranak Jamshidi<\/a>, qui est membre de l\u2019Association verte du Kurdistan, a \u00e9t\u00e9 arr\u00eat\u00e9e \u00e0 son domicile \u00e0 Sanandaj, capitale de la province du Kurdistan, le 28 juin. Apr\u00e8s 4 mois et demi, elle a \u00e9t\u00e9 lib\u00e9r\u00e9e temporairement le 10 novembre, moyennant une caution de 200 millions de roumains.<\/p>\n\n\n\n<p>La Cour d\u2019appel de T\u00e9h\u00e9ran a confirm\u00e9 une peine de six ans de prison pour la militante \u00e9tudiante Soha Morteza\u2019i.<\/p>\n\n\n\n<p>La 54\u00e8me chambre de la Cour d\u2019appel de la province de T\u00e9h\u00e9ran a r\u00e9cemment inform\u00e9 l&#8217;avocat de Mme Morteza\u2019i de la sentence. L&#8217;\u00e9tudiante militante Soha Morteza\u2019i est condamn\u00e9e \u00e0 six ans de prison pour \u00ab&nbsp;rassemblement et collusion en but d\u2019attenter \u00e0 la s\u00e9curit\u00e9 nationale&nbsp;\u00bb.<\/p>\n\n\n\n<p>Le sinistre juge Salavati a pr\u00e9sid\u00e9 son proc\u00e8s en novembre dernier, la condamnant pour avoir \u00ab&nbsp;tenu un sit-in sur le campus de l&#8217;universit\u00e9 de T\u00e9h\u00e9ran pour protester contre son interdiction de poursuivre ses \u00e9tudes&nbsp;\u00bb, pour avoir \u00ab&nbsp;particip\u00e9 aux manifestations de novembre 2019&nbsp;\u00bb, pour avoir \u00ab&nbsp;protest\u00e9 contre le projet de loi obligeant les \u00e9tudiantes \u00e0 observer le voile sur le campus de l&#8217;universit\u00e9 de T\u00e9h\u00e9ran&nbsp;\u00bb, et pour son \u00ab&nbsp;r\u00f4le actif au sein du conseil des \u00e9tudiants de l&#8217;universit\u00e9&nbsp;\u00bb.<\/p>\n\n\n\n<p>Soha Morteza\u2019i a \u00e9t\u00e9 arr\u00eat\u00e9e le 17 novembre 2019 lors du soul\u00e8vement national. Des agents des services de renseignement des pasdarans lui ont envoy\u00e9 un SMS et l&#8217;ont appel\u00e9e \u00e0 la porte d&#8217;entr\u00e9e de la cit\u00e9 universitaire de filles Fatemieh de T\u00e9h\u00e9ran. Puis, ils l&#8217;ont appr\u00e9hend\u00e9e et l&#8217;ont emmen\u00e9e au quartier 2A des services de renseignement \u00e0 la prison d&#8217;Evine. Elle a \u00e9t\u00e9 lib\u00e9r\u00e9e temporairement le 22 janvier 2020, moyennant une caution de 500 millions de tomans, jusqu&#8217;\u00e0 ce qu\u2019\u00e0 la fin de son proc\u00e8s.<\/p>\n","protected":false},"excerpt":{"rendered":"<p>CNRI Femmes &#8211; Deux militantes \u00e0 T\u00e9h\u00e9ran et Sanandaj ont \u00e9t\u00e9 condamn\u00e9es \u00e0 de lourdes peines de prison pour leurs activit\u00e9s de promotion des droits humains en Iran. Les deux militantes inculp\u00e9es pour avoir exerc\u00e9 leur droit fondamental \u00e0 la libert\u00e9 d&#8217;expression sont Faranak Jamshidi et Soha Morteza\u2019i. Faranak Jamshidi, d\u00e9fenseure de l&#8217;environnement, a \u00e9t\u00e9 [&hellip;]<\/p>\n","protected":false},"author":4,"featured_media":12804,"comment_status":"closed","ping_status":"closed","sticky":false,"template":"","format":"standard","meta":{"jnews-multi-image_gallery":[],"jnews_single_post":{"subtitle":"","format":"standard","video":"","gallery":"","source_name":"","source_url":"","via_name":"","via_url":"","override":[{"single_blog_custom":"","sidebar":"","second_sidebar":"","share_position":"","share_float_style":"","post_date_format":"","post_date_format_custom":"","post_reading_time_wpm":"","zoom_button_out_step":"1","zoom_button_in_step":"1","number_popup_post":"1"}],"image_override":[{"single_post_thumbnail_size":"","single_post_gallery_size":""}],"trending_post_position":"","trending_post_label":"","sponsored_post_label":"","sponsored_post_name":"","sponsored_post_url":"","sponsored_post_logo":"","sponsored_post_desc":""},"jnews_primary_category":{"id":""},"jnews_social_meta":[],"jnews_override_counter":{"view_counter_number":"0","share_counter_number":"0","like_counter_number":"0","dislike_counter_number":"0"},"footnotes":""},"categories":[3],"tags":[370,376],"class_list":["post-12802","post","type-post","status-publish","format-standard","has-post-thumbnail","hentry","category-infos-des-femmes","tag-prisonnieres","tag-violence-contre-les-femmes"],"_links":{"self":[{"href":"https:\/\/wncri.org\/fr\/wp-json\/wp\/v2\/posts\/12802","targetHints":{"allow":["GET"]}}],"collection":[{"href":"https:\/\/wncri.org\/fr\/wp-json\/wp\/v2\/posts"}],"about":[{"href":"https:\/\/wncri.org\/fr\/wp-json\/wp\/v2\/types\/post"}],"author":[{"embeddable":true,"href":"https:\/\/wncri.org\/fr\/wp-json\/wp\/v2\/users\/4"}],"replies":[{"embeddable":true,"href":"https:\/\/wncri.org\/fr\/wp-json\/wp\/v2\/comments?post=12802"}],"version-history":[{"count":0,"href":"https:\/\/wncri.org\/fr\/wp-json\/wp\/v2\/posts\/12802\/revisions"}],"wp:featuredmedia":[{"embeddable":true,"href":"https:\/\/wncri.org\/fr\/wp-json\/wp\/v2\/media\/12804"}],"wp:attachment":[{"href":"https:\/\/wncri.org\/fr\/wp-json\/wp\/v2\/media?parent=12802"}],"wp:term":[{"taxonomy":"category","embeddable":true,"href":"https:\/\/wncri.org\/fr\/wp-json\/wp\/v2\/categories?post=12802"},{"taxonomy":"post_tag","embeddable":true,"href":"https:\/\/wncri.org\/fr\/wp-json\/wp\/v2\/tags?post=12802"}],"curies":[{"name":"wp","href":"https:\/\/api.w.org\/{rel}","templated":true}]}}