{"id":12788,"date":"2021-02-08T11:33:00","date_gmt":"2021-02-08T10:33:00","guid":{"rendered":"https:\/\/wncri.org\/fr\/?p=12788"},"modified":"2021-02-09T11:38:44","modified_gmt":"2021-02-09T10:38:44","slug":"une-mere-et-ses-enfants","status":"publish","type":"post","link":"https:\/\/wncri.org\/fr\/2021\/02\/08\/une-mere-et-ses-enfants\/","title":{"rendered":"Une m\u00e8re et ses enfants condamn\u00e9s \u00e0 de lourdes peines de prison en Iran"},"content":{"rendered":"\n<h2 class=\"wp-block-heading\"><em>Zahra Safa\u2019i a \u00e9t\u00e9 condamn\u00e9e \u00e0 8 ans de prison, sa fille Parastou Mo\u00efni \u00e0 6 ans et son fils Mohammad-Massoud \u00e0 6 ans.<\/em><\/h2>\n\n\n\n<p>Une m\u00e8re et ses enfants condamn\u00e9s \u00e0 de lourdes peines de prison en Iran<\/p>\n\n\n\n<p>CNRI Femmes &#8211; Le pouvoir judiciaire du r\u00e9gime cl\u00e9rical en Iran a rendu a condamn\u00e9 \u00e0 de lourdes peines de d\u00e9tention une m\u00e8re et ses enfants reconnus coupables de soutenir l&#8217;Organisation des Moudjahidine du peuple d&#8217;Iran (OMPI\/MEK), l\u2019opposition d\u00e9mocratique.<\/p>\n\n\n\n<p>Selon le verdict prononc\u00e9 le 23 janvier et rendu public le 7 f\u00e9vrier, la prisonni\u00e8re politique <a href=\"https:\/\/wncri.org\/fr\/2021\/02\/03\/la-prisonniere-politique-zahra-safai-dans-un-etat-grave-a-la-prison-de-qarchak\/\" target=\"_blank\" rel=\"noreferrer noopener\">Zahra Safa\u2019i,<\/a> sa fille, la <a href=\"https:\/\/www.maryam-rajavi.com\/fr\/item\/maryam-radjavi-67eme-resolution-onu-condamnant-violations-humains-iran\" target=\"_blank\" rel=\"noreferrer noopener\">prisonni\u00e8re politique<\/a> Parastou Mo\u00efni, et son fils, Mohammad Massoud Mo\u00efni ont \u00e9t\u00e9 condamn\u00e9s respectivement \u00e0 8, 6 et 6 ans de prison.<\/p>\n\n\n\n<p>La m\u00e8re et ses enfants sont accus\u00e9s de \u00ab&nbsp;rassemblement et collusion contre la s\u00e9curit\u00e9 nationale en connexion avec l&#8217;OMPI&nbsp;\u00bb, de \u00ab&nbsp;faire avancer les objectifs de l&#8217;OMPI&nbsp;\u00bb et de \u00ab&nbsp;participer aux r\u00e9unions de l&#8217;OMPI&nbsp;\u00bb. Ils sont \u00e9galement accus\u00e9s d&#8217;&nbsp;\u00ab&nbsp;activit\u00e9s de propagande contre l&#8217;\u00c9tat en \u00e9crivant des slogans (sur les murs), en lisant des d\u00e9clarations et en affichant des banderoles sur la voie publique&nbsp;\u00bb.<\/p>\n\n\n\n<p>La prisonni\u00e8re politique Parastou Mo\u00efni et son fr\u00e8re, Mohammad Massoud, ont \u00e9t\u00e9 condamn\u00e9s \u00e0 cinq ans de prison pour &#8220;rassemblement et collusion&#8221; et \u00e0 un an pour &#8220;propagande contre l&#8217;\u00c9tat&#8221;, ce qui fait un total de six ans de prison pour chacun d&#8217;eux.<\/p>\n\n\n\n<p>Zahra Safa&#8217;i a \u00e9t\u00e9 condamn\u00e9e \u00e0 cinq ans de prison pour &#8220;rassemblement et collusion&#8221;, un an pour &#8220;propagande contre l&#8217;\u00c9tat&#8221; et deux ans pour outrage aux guides supr\u00eames des mollahs, anciens et actuels, Ali Khamenei et Khomeiny, soit un total de huit ans.<\/p>\n\n\n\n<p>Zahra Safa\u2019i et sa fille, Parastou Mo\u00efni, ont \u00e9t\u00e9 arr\u00eat\u00e9es par les forces de renseignement \u00e0 T\u00e9h\u00e9ran le 24 f\u00e9vrier 2020 et incarc\u00e9r\u00e9es dans la section 209 du minist\u00e8re du renseignement de la prison d&#8217;Evine. A la mi-avril, \u00e0 l&#8217;issue de leurs interrogatoires, elles ont \u00e9t\u00e9 envoy\u00e9es dans la redoutable <a href=\"https:\/\/wncri.org\/fr\/2020\/09\/02\/appel-a-une-action-urgente-pour-sauver-les-prisonnieres-politiques-a-qarchak\/\" target=\"_blank\" rel=\"noreferrer noopener\">prison de Qarchak<\/a> et d\u00e9tenues parmi des prisonni\u00e8res de droit commun et coupables de crimes violents, en violation du principe de s\u00e9paration des cat\u00e9gories de crimes.<\/p>\n\n\n\n<p>Mme Safa&#8217;i a \u00e9t\u00e9 temporairement lib\u00e9r\u00e9e sous une caution de 300 millions de tomans le 28 juin 2020 jusqu&#8217;\u00e0 ce qu&#8217;une d\u00e9cision finale soit prise sur son cas. Mais le 26 juillet, lorsqu&#8217;elle s&#8217;est rendue au tribunal d&#8217;Evine pour suivre son propre dossier et celui de sa fille, les agents des services de renseignement l&#8217;ont arr\u00eat\u00e9e. Par la suite, le 27 juillet, elle a \u00e9t\u00e9 renvoy\u00e9e \u00e0 Qarchak.<\/p>\n\n\n\n<p>Mohammad-Massoud Mo\u00efni a \u00e9t\u00e9 convoqu\u00e9 pour la premi\u00e8re fois par le minist\u00e8re de la justice dans la province de T\u00e9h\u00e9ran le 24 ao\u00fbt 2020, sans avoir commis le moindre d\u00e9lit.<\/p>\n","protected":false},"excerpt":{"rendered":"<p>Zahra Safa\u2019i a \u00e9t\u00e9 condamn\u00e9e \u00e0 8 ans de prison, sa fille Parastou Mo\u00efni \u00e0 6 ans et son fils Mohammad-Massoud \u00e0 6 ans. Une m\u00e8re et ses enfants condamn\u00e9s \u00e0 de lourdes peines de prison en Iran CNRI Femmes &#8211; Le pouvoir judiciaire du r\u00e9gime cl\u00e9rical en Iran a rendu a condamn\u00e9 \u00e0 de [&hellip;]<\/p>\n","protected":false},"author":4,"featured_media":12789,"comment_status":"closed","ping_status":"closed","sticky":false,"template":"","format":"standard","meta":{"jnews-multi-image_gallery":[],"jnews_single_post":{"subtitle":"","format":"standard","video":"","gallery":"","source_name":"","source_url":"","via_name":"","via_url":"","override":[{"single_blog_custom":"","sidebar":"","second_sidebar":"","share_position":"","share_float_style":"","post_date_format":"","post_date_format_custom":"","post_reading_time_wpm":"","zoom_button_out_step":"1","zoom_button_in_step":"1","number_popup_post":"1"}],"image_override":[{"single_post_thumbnail_size":"","single_post_gallery_size":""}],"trending_post_position":"","trending_post_label":"","sponsored_post_label":"","sponsored_post_name":"","sponsored_post_url":"","sponsored_post_logo":"","sponsored_post_desc":""},"jnews_primary_category":{"id":""},"jnews_social_meta":[],"jnews_override_counter":{"view_counter_number":"0","share_counter_number":"0","like_counter_number":"0","dislike_counter_number":"0"},"footnotes":""},"categories":[3],"tags":[370,376],"class_list":["post-12788","post","type-post","status-publish","format-standard","has-post-thumbnail","hentry","category-infos-des-femmes","tag-prisonnieres","tag-violence-contre-les-femmes"],"_links":{"self":[{"href":"https:\/\/wncri.org\/fr\/wp-json\/wp\/v2\/posts\/12788","targetHints":{"allow":["GET"]}}],"collection":[{"href":"https:\/\/wncri.org\/fr\/wp-json\/wp\/v2\/posts"}],"about":[{"href":"https:\/\/wncri.org\/fr\/wp-json\/wp\/v2\/types\/post"}],"author":[{"embeddable":true,"href":"https:\/\/wncri.org\/fr\/wp-json\/wp\/v2\/users\/4"}],"replies":[{"embeddable":true,"href":"https:\/\/wncri.org\/fr\/wp-json\/wp\/v2\/comments?post=12788"}],"version-history":[{"count":0,"href":"https:\/\/wncri.org\/fr\/wp-json\/wp\/v2\/posts\/12788\/revisions"}],"wp:featuredmedia":[{"embeddable":true,"href":"https:\/\/wncri.org\/fr\/wp-json\/wp\/v2\/media\/12789"}],"wp:attachment":[{"href":"https:\/\/wncri.org\/fr\/wp-json\/wp\/v2\/media?parent=12788"}],"wp:term":[{"taxonomy":"category","embeddable":true,"href":"https:\/\/wncri.org\/fr\/wp-json\/wp\/v2\/categories?post=12788"},{"taxonomy":"post_tag","embeddable":true,"href":"https:\/\/wncri.org\/fr\/wp-json\/wp\/v2\/tags?post=12788"}],"curies":[{"name":"wp","href":"https:\/\/api.w.org\/{rel}","templated":true}]}}