{"id":12725,"date":"2021-02-03T13:14:00","date_gmt":"2021-02-03T12:14:00","guid":{"rendered":"https:\/\/wncri.org\/fr\/?p=12725"},"modified":"2021-02-05T13:21:12","modified_gmt":"2021-02-05T12:21:12","slug":"la-prisonniere-politique-zahra-safai-dans-un-etat-grave-a-la-prison-de-qarchak","status":"publish","type":"post","link":"https:\/\/wncri.org\/fr\/2021\/02\/03\/la-prisonniere-politique-zahra-safai-dans-un-etat-grave-a-la-prison-de-qarchak\/","title":{"rendered":"La prisonni\u00e8re politique Zahra Safa&#8217;i dans un \u00e9tat grave \u00e0 la prison de Qarchak"},"content":{"rendered":"\n<p>La prisonni\u00e8re politique Zahra Safa&#8217;i dans un \u00e9tat grave \u00e0 la prison de Qarchak<\/p>\n\n\n\n<p>CNRI Femmes &#8211; Les nouvelles de la prison de Qarchak en banlieue de T\u00e9h\u00e9ran indiquent que la prisonni\u00e8re politique Zahra Safa&#8217;i est dans un \u00e9tat grave, car la directrice de la prison, Soghra Khodadadi emp\u00eachent son envoi urgent dans un h\u00f4pital municipal.<\/p>\n\n\n\n<p>Les informations du mardi 3 f\u00e9vrier 2021 indiquent que l&#8217;\u00e9tat de sant\u00e9 de Zahra Safa&#8217;i se d\u00e9t\u00e9riore rapidement. Elle \u00e9prouve de fortes douleurs dans les reins qui \u00e9vacuent des prot\u00e9ines. Elle doit \u00eatre examin\u00e9e d&#8217;urgence par un m\u00e9decin dans un h\u00f4pital et recevoir un traitement.<\/p>\n\n\n\n<p>Mais Soghra Khodadadi, la directrice de la tr\u00e8s sinistre prison de <a href=\"https:\/\/www.maryam-rajavi.com\/en\/item\/maryam-rajavi-67th-un-regime-justice-against-humanity-violations-iran\" target=\"_blank\" rel=\"noreferrer noopener\">Qarchak<\/a>, lui a dit qu&#8217;elle n&#8217;autoriserait pas son envoi dans un h\u00f4pital hors de l&#8217;enceinte de la prison, avant que le tribunal ne se prononce \u00e0 son sujet.<\/p>\n\n\n\n<p>Une source bien inform\u00e9e a d\u00e9clar\u00e9 que Mme Safa&#8217;i est tr\u00e8s malade et ne peut tol\u00e9rer les conditions de d\u00e9tention. Elle doit \u00eatre transport\u00e9e d&#8217;urgence \u00e0 l&#8217;h\u00f4pital, a ajout\u00e9 la source.<\/p>\n\n\n\n<p>On pense que Soghra Khodadadi a l&#8217;intention de tuer cette prisonni\u00e8re politique en lui refusant tout traitement m\u00e9dical.<\/p>\n\n\n\n<p><a href=\"https:\/\/wncri.org\/fr\/2020\/12\/09\/persecution-des-defenseurs-des-droits-humains-et-execution-de-femmes-en-iran\/\" target=\"_blank\" rel=\"noreferrer noopener\">Zahra Safa&#8217;i<\/a> a \u00e9t\u00e9 attaqu\u00e9e \u00e0 plusieurs reprises par <a href=\"https:\/\/wncri.org\/fr\/2020\/08\/28\/la-prisonniere-politique-zahra-safai-brutalisee-a-la-prison-de-qarchak\/\" target=\"_blank\" rel=\"noreferrer noopener\">des d\u00e9tenues engag\u00e9es<\/a> par les autorit\u00e9s de la prison de Qarchak. Sa vie est en grave danger car cette prisonni\u00e8re politique est d\u00e9tenue parmi des prisonni\u00e8res condamn\u00e9es pour des crimes violents, en violation du principe de s\u00e9paration des diff\u00e9rentes cat\u00e9gories de crimes.<\/p>\n\n\n\n<p>La prisonni\u00e8re politique Zahra Safa&#8217;i a <a href=\"https:\/\/wncri.org\/fr\/2020\/10\/27\/zahra-safai-a-fait-une\/\" target=\"_blank\" rel=\"noreferrer noopener\">subi une attaque cardiaque<\/a> le 27 octobre 2020, apr\u00e8s avoir \u00e9t\u00e9 harcel\u00e9e et intimid\u00e9e par les autorit\u00e9s carc\u00e9rales.<\/p>\n\n\n\n<p>Le 2 novembre 2020, Mme Safa&#8217;i et Golrokh Iraee ont \u00e9t\u00e9 <a href=\"https:\/\/wncri.org\/fr\/2020\/11\/04\/zahra-safai-et-golrokh-iraee\/\" target=\"_blank\" rel=\"noreferrer noopener\">menac\u00e9es de mort<\/a> par une d\u00e9tenue de droit commun. La femme, engag\u00e9e et provoqu\u00e9e par la direction de la prison de Qarchak, a jur\u00e9, attaqu\u00e9 et menac\u00e9 de les tuer. Les prisonni\u00e8res sont strictement limit\u00e9es dans leurs mouvements \u00e0 l&#8217;int\u00e9rieur des quartiers de la prison de Qarchak. L&#8217;entr\u00e9e de l\u2019assaillante dans le quartier o\u00f9 sont d\u00e9tenues des prisonni\u00e8res politiques indique un plan pr\u00e9m\u00e9dit\u00e9.<\/p>\n\n\n\n<p>Mme Safa&#8217;i a \u00e9galement \u00e9t\u00e9 <a href=\"https:\/\/wncri.org\/fr\/2020\/12\/19\/plus-de-details-sur-lattaque\/\" target=\"_blank\" rel=\"noreferrer noopener\">frapp\u00e9e \u00e0 la t\u00eate \u00e0 coups de matraque<\/a> lors d&#8217;un violent raid le 13 d\u00e9cembre 2021, lorsque 20 gardiens de prison ont fait irruption dans la salle 8 et ont brutalis\u00e9 tous les prisonni\u00e8res politiques.<\/p>\n","protected":false},"excerpt":{"rendered":"<p>La prisonni\u00e8re politique Zahra Safa&#8217;i dans un \u00e9tat grave \u00e0 la prison de Qarchak CNRI Femmes &#8211; Les nouvelles de la prison de Qarchak en banlieue de T\u00e9h\u00e9ran indiquent que la prisonni\u00e8re politique Zahra Safa&#8217;i est dans un \u00e9tat grave, car la directrice de la prison, Soghra Khodadadi emp\u00eachent son envoi urgent dans un h\u00f4pital [&hellip;]<\/p>\n","protected":false},"author":4,"featured_media":12726,"comment_status":"closed","ping_status":"closed","sticky":false,"template":"","format":"standard","meta":{"jnews-multi-image_gallery":[],"jnews_single_post":{"subtitle":"","format":"standard","video":"","gallery":"","source_name":"","source_url":"","via_name":"","via_url":"","override":[{"single_blog_custom":"","sidebar":"","second_sidebar":"","share_position":"","share_float_style":"","post_date_format":"","post_date_format_custom":"","post_reading_time_wpm":"","zoom_button_out_step":"1","zoom_button_in_step":"1","number_popup_post":"1"}],"image_override":[{"single_post_thumbnail_size":"","single_post_gallery_size":""}],"trending_post_position":"","trending_post_label":"","sponsored_post_label":"","sponsored_post_name":"","sponsored_post_url":"","sponsored_post_logo":"","sponsored_post_desc":""},"jnews_primary_category":{"id":""},"jnews_social_meta":[],"jnews_override_counter":{"view_counter_number":"0","share_counter_number":"0","like_counter_number":"0","dislike_counter_number":"0"},"footnotes":""},"categories":[3],"tags":[370,376],"class_list":["post-12725","post","type-post","status-publish","format-standard","has-post-thumbnail","hentry","category-infos-des-femmes","tag-prisonnieres","tag-violence-contre-les-femmes"],"_links":{"self":[{"href":"https:\/\/wncri.org\/fr\/wp-json\/wp\/v2\/posts\/12725","targetHints":{"allow":["GET"]}}],"collection":[{"href":"https:\/\/wncri.org\/fr\/wp-json\/wp\/v2\/posts"}],"about":[{"href":"https:\/\/wncri.org\/fr\/wp-json\/wp\/v2\/types\/post"}],"author":[{"embeddable":true,"href":"https:\/\/wncri.org\/fr\/wp-json\/wp\/v2\/users\/4"}],"replies":[{"embeddable":true,"href":"https:\/\/wncri.org\/fr\/wp-json\/wp\/v2\/comments?post=12725"}],"version-history":[{"count":0,"href":"https:\/\/wncri.org\/fr\/wp-json\/wp\/v2\/posts\/12725\/revisions"}],"wp:featuredmedia":[{"embeddable":true,"href":"https:\/\/wncri.org\/fr\/wp-json\/wp\/v2\/media\/12726"}],"wp:attachment":[{"href":"https:\/\/wncri.org\/fr\/wp-json\/wp\/v2\/media?parent=12725"}],"wp:term":[{"taxonomy":"category","embeddable":true,"href":"https:\/\/wncri.org\/fr\/wp-json\/wp\/v2\/categories?post=12725"},{"taxonomy":"post_tag","embeddable":true,"href":"https:\/\/wncri.org\/fr\/wp-json\/wp\/v2\/tags?post=12725"}],"curies":[{"name":"wp","href":"https:\/\/api.w.org\/{rel}","templated":true}]}}