{"id":12722,"date":"2021-02-03T13:02:00","date_gmt":"2021-02-03T12:02:00","guid":{"rendered":"https:\/\/wncri.org\/fr\/?p=12722"},"modified":"2021-02-05T13:13:12","modified_gmt":"2021-02-05T12:13:12","slug":"action-urgente-damnesty-inquiete-du-sort-de-zeynab-jalalian-en-iran","status":"publish","type":"post","link":"https:\/\/wncri.org\/fr\/2021\/02\/03\/action-urgente-damnesty-inquiete-du-sort-de-zeynab-jalalian-en-iran\/","title":{"rendered":"Action urgente d\u2019Amnesty inqui\u00e8te du sort de Zeynab Jalalian en Iran"},"content":{"rendered":"\n<p>Action urgente d\u2019Amnesty inqui\u00e8te du sort de Zeynab Jalalian en Iran<\/p>\n\n\n\n<p> Amnesty International a lanc\u00e9 une action urgente le 1er f\u00e9vrier 2021, exprimant sa pr\u00e9occupation quant au sort de Zeynab Jalalian. L\u2019ONG <a href=\"https:\/\/www.amnesty.org\/en\/documents\/mde13\/3605\/2021\/en\/\" target=\"_blank\" rel=\"noreferrer noopener\">a appel\u00e9 ses membres<\/a> \u00e0 faire appel \u00e0 la justice du r\u00e9gime pour la lib\u00e9ration imm\u00e9diate de cette prisonni\u00e8re politique kurde.<\/p>\n\n\n\n<p>Amnesty International \u00e9crit : \u00ab\u00a0Les agents du minist\u00e8re du renseignement soumettent la Kurde iranienne <a href=\"https:\/\/wncri.org\/fr\/2020\/05\/02\/la-prisonniere-politique-zeinab-jalalian-transferee-a-la-prison-de-qarchak\/\" target=\"_blank\" rel=\"noreferrer noopener\">Zeynab<\/a> Jalalian \u00e0 la torture en lui refusant d\u00e9lib\u00e9r\u00e9ment des soins de sant\u00e9 pour la contraindre \u00e0 fournir des &#8220;aveux&#8221; enregistr\u00e9s sur vid\u00e9o. Ce refus intentionnel de soins de sant\u00e9 lui cause de graves douleurs et souffrances, d&#8217;autant plus qu&#8217;elle souffre de graves probl\u00e8mes m\u00e9dicaux, notamment de difficult\u00e9s respiratoires post-Covid-19.\u00a0\u00bb<\/p>\n\n\n\n<p>\u00ab&nbsp;En attendant sa lib\u00e9ration, explique Amnesty International, elle doit recevoir des soins de sant\u00e9 ad\u00e9quats, y compris un transfert vers des installations ext\u00e9rieures pour un traitement non disponible en prison, \u00eatre prot\u00e9g\u00e9e contre de nouvelles tortures et d&#8217;autres mauvais traitements et \u00eatre transf\u00e9r\u00e9e dans une prison plus proche du domicile de sa famille.&nbsp;\u00bb<\/p>\n\n\n\n<p>Amnesty International a adress\u00e9 une lettre au chef du pouvoir judiciaire du r\u00e9gime cl\u00e9rical, Ebrahim Ra\u00efssi, dans laquelle elle d\u00e9clare\u00a0: \u00ab\u00a0Depuis le 29 avril 2020, alors que les prisons iraniennes ont connu des flamb\u00e9es de COVID-19, les agents du minist\u00e8re durenseignement ont transf\u00e9r\u00e9 la Kurde iranienne Zeynab Jalalian dans quatre prisons diff\u00e9rentes du pays et, en violation de l&#8217;interdiction absolue de la torture et des autres mauvais traitements, l&#8217;ont maintenue en isolement prolong\u00e9 et lui ont d\u00e9lib\u00e9r\u00e9ment refus\u00e9 l&#8217;acc\u00e8s \u00e0 des soins ad\u00e9quats. Le minist\u00e8re du renseignement conditionne l&#8217;acc\u00e8s \u00e0 des soins de sant\u00e9 ad\u00e9quats, le transfert dans une prison plus proche du domicile familial dans la province d&#8217;Azerba\u00efdjan occidental et la fin des repr\u00e9sailles contre Zeynab Jalalian et sa famille pour obtenir des &#8220;aveux&#8221; de m\u00e9faits et des remords pour ses activit\u00e9s politiques pass\u00e9es devant les cam\u00e9ras et son accord de travailler avec le minist\u00e8re du renseignement. Zeynab Jalalian s&#8217;est vu refuser intentionnellement le transfert vers des structures ext\u00e9rieures pour un traitement m\u00e9dical non disponible en prison depuis plus de six ans. Une seule fois en 2020, elle a \u00e9t\u00e9 bri\u00e8vement soign\u00e9e \u00e0 l&#8217;ext\u00e9rieur de la prison en juin apr\u00e8s avoir \u00e9t\u00e9 test\u00e9e positive au COVID-19. Elle n&#8217;a plus eu acc\u00e8s \u00e0 des soins de sant\u00e9 ad\u00e9quats, notamment pour une affection respiratoire post-COVID-19 qui, selon elle, est si aigu\u00eb qu&#8217;elle l&#8217;emp\u00eache de dormir, et pour une grave affection oculaire.<\/p>\n\n\n\n<p>Action urgente d\u2019Amnesty inqui\u00e8te du sort de Zeynab Jalalian en Iran<\/p>\n\n\n\n<p>Le 29 novembre 2020, Ali Jalalian, le p\u00e8re de Zeynab Jalalian, a \u00e9t\u00e9 arr\u00eat\u00e9 par des agents du minist\u00e8re du renseignement et interrog\u00e9 sur le fait d&#8217;avoir parl\u00e9 de sa fille \u00e0 des organisations de d\u00e9fense des droits humains et \u00e0 des m\u00e9dias en dehors de l&#8217;Iran ; il a \u00e9t\u00e9 lib\u00e9r\u00e9 sous caution le lendemain.<\/p>\n\n\n\n<p>Zeynab Jalalian purge une peine de prison \u00e0 vie \u00e0 la prison de Yazd, \u00e0 1 400 km du domicile familial, \u00e0 la suite d&#8217;un proc\u00e8s manifestement in\u00e9quitable qui a dur\u00e9 quelques minutes en d\u00e9cembre 2008, sans la pr\u00e9sence de son avocat. Suite \u00e0 son arrestation arbitraire, Zeynab Jalalian a \u00e9t\u00e9 maintenue en isolement prolong\u00e9 pendant huit mois sans acc\u00e8s \u00e0 un avocat. Elle a d\u00e9clar\u00e9 que, pendant cette p\u00e9riode, les agents des services de renseignement l&#8217;ont tortur\u00e9e, notamment en lui fouettant la plante des pieds, en lui donnant des coups de poing dans le ventre, en lui frappant la t\u00eate contre un mur et en la mena\u00e7ant de viol.<\/p>\n","protected":false},"excerpt":{"rendered":"<p>Action urgente d\u2019Amnesty inqui\u00e8te du sort de Zeynab Jalalian en Iran Amnesty International a lanc\u00e9 une action urgente le 1er f\u00e9vrier 2021, exprimant sa pr\u00e9occupation quant au sort de Zeynab Jalalian. L\u2019ONG a appel\u00e9 ses membres \u00e0 faire appel \u00e0 la justice du r\u00e9gime pour la lib\u00e9ration imm\u00e9diate de cette prisonni\u00e8re politique kurde. Amnesty International [&hellip;]<\/p>\n","protected":false},"author":4,"featured_media":12723,"comment_status":"closed","ping_status":"closed","sticky":false,"template":"","format":"standard","meta":{"jnews-multi-image_gallery":[],"jnews_single_post":{"subtitle":"","format":"standard","video":"","gallery":"","source_name":"","source_url":"","via_name":"","via_url":"","override":[{"single_blog_custom":"","sidebar":"","second_sidebar":"","share_position":"","share_float_style":"","post_date_format":"","post_date_format_custom":"","post_reading_time_wpm":"","zoom_button_out_step":"1","zoom_button_in_step":"1","number_popup_post":"1"}],"image_override":[{"single_post_thumbnail_size":"","single_post_gallery_size":""}],"trending_post_position":"","trending_post_label":"","sponsored_post_label":"","sponsored_post_name":"","sponsored_post_url":"","sponsored_post_logo":"","sponsored_post_desc":""},"jnews_primary_category":{"id":""},"jnews_social_meta":[],"jnews_override_counter":{"view_counter_number":"0","share_counter_number":"0","like_counter_number":"0","dislike_counter_number":"0"},"footnotes":""},"categories":[3],"tags":[370,376],"class_list":["post-12722","post","type-post","status-publish","format-standard","has-post-thumbnail","hentry","category-infos-des-femmes","tag-prisonnieres","tag-violence-contre-les-femmes"],"_links":{"self":[{"href":"https:\/\/wncri.org\/fr\/wp-json\/wp\/v2\/posts\/12722","targetHints":{"allow":["GET"]}}],"collection":[{"href":"https:\/\/wncri.org\/fr\/wp-json\/wp\/v2\/posts"}],"about":[{"href":"https:\/\/wncri.org\/fr\/wp-json\/wp\/v2\/types\/post"}],"author":[{"embeddable":true,"href":"https:\/\/wncri.org\/fr\/wp-json\/wp\/v2\/users\/4"}],"replies":[{"embeddable":true,"href":"https:\/\/wncri.org\/fr\/wp-json\/wp\/v2\/comments?post=12722"}],"version-history":[{"count":0,"href":"https:\/\/wncri.org\/fr\/wp-json\/wp\/v2\/posts\/12722\/revisions"}],"wp:featuredmedia":[{"embeddable":true,"href":"https:\/\/wncri.org\/fr\/wp-json\/wp\/v2\/media\/12723"}],"wp:attachment":[{"href":"https:\/\/wncri.org\/fr\/wp-json\/wp\/v2\/media?parent=12722"}],"wp:term":[{"taxonomy":"category","embeddable":true,"href":"https:\/\/wncri.org\/fr\/wp-json\/wp\/v2\/categories?post=12722"},{"taxonomy":"post_tag","embeddable":true,"href":"https:\/\/wncri.org\/fr\/wp-json\/wp\/v2\/tags?post=12722"}],"curies":[{"name":"wp","href":"https:\/\/api.w.org\/{rel}","templated":true}]}}