{"id":12697,"date":"2021-01-27T11:12:00","date_gmt":"2021-01-27T10:12:00","guid":{"rendered":"https:\/\/wncri.org\/fr\/?p=12697"},"modified":"2021-01-29T11:21:12","modified_gmt":"2021-01-29T10:21:12","slug":"manifestations-etendues-des-infirmieres-enseignants-et-retraites-en-iran","status":"publish","type":"post","link":"https:\/\/wncri.org\/fr\/2021\/01\/27\/manifestations-etendues-des-infirmieres-enseignants-et-retraites-en-iran\/","title":{"rendered":"Manifestations \u00e9tendues des infirmi\u00e8res, enseignants et retrait\u00e9s en Iran"},"content":{"rendered":"\n<p>CNRI Femmes &#8211;&nbsp; Des manifestations \u00e9tendues des infirmi\u00e8res, des enseignants ainsi que des retrait\u00e9s ont \u00e9clat\u00e9 dans de nombreuses villes d\u2019Iran. Les femmes repr\u00e9sentent une grande partie de ces couches sociales, et donc jou\u00e9 un r\u00f4le actif et important dans ces mouvements de protestations.<\/p>\n\n\n\n<h3 class=\"wp-block-heading\"><strong>Manifestations \u00e9tendues des infirmi\u00e8res<\/strong><\/h3>\n\n\n\n<p>Des infirmi\u00e8res iraniennes ont organis\u00e9 des <a href=\"https:\/\/wncri.org\/fr\/2021\/01\/06\/infirmieres-et-le-personnel-soignant\/\" target=\"_blank\" rel=\"noreferrer noopener\">manifestations<\/a> \u00e0 T\u00e9h\u00e9ran et \u00e0 Chiraz, capitale de la province de Fars, dans le sud de l&#8217;Iran.<\/p>\n\n\n\n<figure class=\"wp-block-image size-large is-resized\"><img decoding=\"async\" src=\"data:image\/gif;base64,R0lGODlhAQABAIAAAAAAAP\/\/\/yH5BAEAAAAALAAAAAABAAEAAAIBRAA7\" data-src=\"https:\/\/wncri.org\/fr\/wp-content\/uploads\/2021\/01\/\u0628\u06cc\u0645\u0627\u0631\u0633\u062a\u0627\u0646-\u0645\u0631\u06a9\u0632\u06cc-\u0634\u06cc\u0631\u0627\u0632-\u06f2.jpg\" alt=\"Manifestations \u00e9tendues des infirmi\u00e8res\" class=\"wp-image-12699 lazyload\" width=\"921\" height=\"461\"\/><noscript><img decoding=\"async\" src=\"https:\/\/wncri.org\/fr\/wp-content\/uploads\/2021\/01\/\u0628\u06cc\u0645\u0627\u0631\u0633\u062a\u0627\u0646-\u0645\u0631\u06a9\u0632\u06cc-\u0634\u06cc\u0631\u0627\u0632-\u06f2.jpg\" alt=\"Manifestations \u00e9tendues des infirmi\u00e8res\" class=\"wp-image-12699 lazyload\" width=\"921\" height=\"461\" srcset=\"https:\/\/wncri.org\/fr\/wp-content\/uploads\/2021\/01\/\u0628\u06cc\u0645\u0627\u0631\u0633\u062a\u0627\u0646-\u0645\u0631\u06a9\u0632\u06cc-\u0634\u06cc\u0631\u0627\u0632-\u06f2.jpg 750w, https:\/\/wncri.org\/fr\/wp-content\/uploads\/2021\/01\/\u0628\u06cc\u0645\u0627\u0631\u0633\u062a\u0627\u0646-\u0645\u0631\u06a9\u0632\u06cc-\u0634\u06cc\u0631\u0627\u0632-\u06f2-300x150.jpg 300w, https:\/\/wncri.org\/fr\/wp-content\/uploads\/2021\/01\/\u0628\u06cc\u0645\u0627\u0631\u0633\u062a\u0627\u0646-\u0645\u0631\u06a9\u0632\u06cc-\u0634\u06cc\u0631\u0627\u0632-\u06f2-360x180.jpg 360w\" sizes=\"(max-width: 921px) 100vw, 921px\" \/><\/noscript><\/figure>\n\n\n\n<p>Le 25 janvier 2021, les infirmi\u00e8res de l&#8217;h\u00f4pital central de Chiraz ont organis\u00e9 un rassemblement pour protester contre leurs bas salaires. Elles ont scand\u00e9 &#8220;Vive la justice&#8221;.<\/p>\n\n\n\n<p>Les manifestantes ont d\u00e9clar\u00e9 : &#8220;Malgr\u00e9 les enqu\u00eates du personnel de sant\u00e9, les autorit\u00e9s de l&#8217;h\u00f4pital refusent d&#8217;appliquer la directive du minist\u00e8re du travail leur ordonnant d&#8217;augmenter les salaires de leurs employ\u00e9s.&#8221;<\/p>\n\n\n\n<p>L&#8217;h\u00f4pital central de Chiraz est <a href=\"https:\/\/wncri.org\/fr\/2020\/04\/22\/les-infirmieres-de-cliniques-privees-licenciees-dans-la-crise-du-covid-19-en-iran\/\" target=\"_blank\" rel=\"noreferrer noopener\">un h\u00f4pital priv\u00e9<\/a> et n&#8217;est pas tenu d&#8217;ex\u00e9cuter les ordres du gouvernement.<\/p>\n\n\n\n<p>Le 24 janvier, les infirmi\u00e8res et le personnel de l&#8217;h\u00f4pital Milad de T\u00e9h\u00e9ran ont \u00e9galement organis\u00e9 une manifestation. L&#8217;h\u00f4pital Milad est l&#8217;un des principaux h\u00f4pitaux recevant les patients du COVID-19. Les infirmi\u00e8res et le personnel de l&#8217;h\u00f4pital Milad demandent une augmentation de 50 % de leurs salaires et un contrat officiel avec le minist\u00e8re de la sant\u00e9.<\/p>\n\n\n\n<figure class=\"wp-block-image size-large is-resized\"><img decoding=\"async\" src=\"data:image\/gif;base64,R0lGODlhAQABAIAAAAAAAP\/\/\/yH5BAEAAAAALAAAAAABAAEAAAIBRAA7\" data-src=\"https:\/\/wncri.org\/fr\/wp-content\/uploads\/2021\/01\/\u0628\u06cc\u0645\u0627\u0631\u0633\u062a\u0627\u0646-\u0645\u0631\u06a9\u0632\u06cc-\u0634\u06cc\u0631\u0627\u0632-\u06f3.jpg\" alt=\"l'h\u00f4pital Milad \" class=\"wp-image-12700 lazyload\" width=\"927\" height=\"464\"\/><noscript><img decoding=\"async\" src=\"https:\/\/wncri.org\/fr\/wp-content\/uploads\/2021\/01\/\u0628\u06cc\u0645\u0627\u0631\u0633\u062a\u0627\u0646-\u0645\u0631\u06a9\u0632\u06cc-\u0634\u06cc\u0631\u0627\u0632-\u06f3.jpg\" alt=\"l'h\u00f4pital Milad \" class=\"wp-image-12700 lazyload\" width=\"927\" height=\"464\" srcset=\"https:\/\/wncri.org\/fr\/wp-content\/uploads\/2021\/01\/\u0628\u06cc\u0645\u0627\u0631\u0633\u062a\u0627\u0646-\u0645\u0631\u06a9\u0632\u06cc-\u0634\u06cc\u0631\u0627\u0632-\u06f3.jpg 750w, https:\/\/wncri.org\/fr\/wp-content\/uploads\/2021\/01\/\u0628\u06cc\u0645\u0627\u0631\u0633\u062a\u0627\u0646-\u0645\u0631\u06a9\u0632\u06cc-\u0634\u06cc\u0631\u0627\u0632-\u06f3-300x150.jpg 300w, https:\/\/wncri.org\/fr\/wp-content\/uploads\/2021\/01\/\u0628\u06cc\u0645\u0627\u0631\u0633\u062a\u0627\u0646-\u0645\u0631\u06a9\u0632\u06cc-\u0634\u06cc\u0631\u0627\u0632-\u06f3-360x180.jpg 360w\" sizes=\"(max-width: 927px) 100vw, 927px\" \/><\/noscript><\/figure>\n\n\n\n<p>Les infirmi\u00e8res protestataires expliquaient : \u00ab&nbsp;Le manque de respect et la r\u00e9duction des salaires ne sont pas une r\u00e9ponse \u00e0 nos sacrifices. Les augmentations sont notre droit inali\u00e9nable.&nbsp;\u00bb<\/p>\n\n\n\n<p>Le personnel et les infirmi\u00e8res de l&#8217;h\u00f4pital Milad ont \u00e9galement organis\u00e9 des manifestations le 12 janvier 2021.<\/p>\n\n\n\n<p>Ces protestations ont \u00e9t\u00e9 largement couvertes par les m\u00e9dias en Iran.<\/p>\n\n\n\n<h3 class=\"wp-block-heading\"><strong>Manifestations des enseignants<\/strong><\/h3>\n\n\n\n<p>Des enseignants occasionnels travaillant \u00e0 Abadan, dans le sud-ouest de la province du Khouzistan, ont organis\u00e9 une manifestation devant la Maison de la Nation de cette ville le 25 janvier 2021. Ils ont demand\u00e9 que leurs noms soient inscrits sur la liste des candidats \u00e0 un emploi officiel de l\u2019acad\u00e9mie de cette province.<\/p>\n\n\n\n<figure class=\"wp-block-image size-large is-resized\"><img decoding=\"async\" src=\"data:image\/gif;base64,R0lGODlhAQABAIAAAAAAAP\/\/\/yH5BAEAAAAALAAAAAABAAEAAAIBRAA7\" data-src=\"https:\/\/wncri.org\/fr\/wp-content\/uploads\/2021\/01\/\u0645\u0639\u0644\u0645\u0627\u0646-\u062d\u0642-\u0627\u0644\u062a\u062f\u0631\u06cc\u0633\u06cc-\u062f\u0631-\u0622\u0628\u0627\u062f\u0627\u0646-\u06f6-\u0628\u0647\u0645\u0646.jpg\" alt=\"Manifestations des enseignants\" class=\"wp-image-12703 lazyload\" width=\"926\" height=\"463\"\/><noscript><img decoding=\"async\" src=\"https:\/\/wncri.org\/fr\/wp-content\/uploads\/2021\/01\/\u0645\u0639\u0644\u0645\u0627\u0646-\u062d\u0642-\u0627\u0644\u062a\u062f\u0631\u06cc\u0633\u06cc-\u062f\u0631-\u0622\u0628\u0627\u062f\u0627\u0646-\u06f6-\u0628\u0647\u0645\u0646.jpg\" alt=\"Manifestations des enseignants\" class=\"wp-image-12703 lazyload\" width=\"926\" height=\"463\" srcset=\"https:\/\/wncri.org\/fr\/wp-content\/uploads\/2021\/01\/\u0645\u0639\u0644\u0645\u0627\u0646-\u062d\u0642-\u0627\u0644\u062a\u062f\u0631\u06cc\u0633\u06cc-\u062f\u0631-\u0622\u0628\u0627\u062f\u0627\u0646-\u06f6-\u0628\u0647\u0645\u0646.jpg 750w, https:\/\/wncri.org\/fr\/wp-content\/uploads\/2021\/01\/\u0645\u0639\u0644\u0645\u0627\u0646-\u062d\u0642-\u0627\u0644\u062a\u062f\u0631\u06cc\u0633\u06cc-\u062f\u0631-\u0622\u0628\u0627\u062f\u0627\u0646-\u06f6-\u0628\u0647\u0645\u0646-300x150.jpg 300w, https:\/\/wncri.org\/fr\/wp-content\/uploads\/2021\/01\/\u0645\u0639\u0644\u0645\u0627\u0646-\u062d\u0642-\u0627\u0644\u062a\u062f\u0631\u06cc\u0633\u06cc-\u062f\u0631-\u0622\u0628\u0627\u062f\u0627\u0646-\u06f6-\u0628\u0647\u0645\u0646-360x180.jpg 360w\" sizes=\"(max-width: 926px) 100vw, 926px\" \/><\/noscript><\/figure>\n\n\n\n<p>Simultan\u00e9ment, un groupe d&#8217;enseignants de maternelle qui ont \u00e9t\u00e9 licenci\u00e9s des \u00e9coles du canton de Baghmak ont manifest\u00e9 contre leur mise au ch\u00f4mage.<\/p>\n\n\n\n<p>Dans la province m\u00e9ridionale de Kerman, des enseignants temporaires et des \u00e9ducateurs du mouvement d&#8217;alphab\u00e9tisation de la ville de Sirjan ont manifest\u00e9 devant le rectorat. Ils ont demand\u00e9 un statut professionnel officiel.<\/p>\n\n\n\n<p>Auparavant, le 20 janvier 2021, un groupe d\u2019\u00e9ducateurs du mouvement d&#8217;alphab\u00e9tisation et d\u2019enseignants pr\u00e9scolaire avait organis\u00e9 une manifestation devant le parlement \u00e0 T\u00e9h\u00e9ran. Les enseignants de diverses villes avaient converg\u00e9 vers la capitale pour demander la d\u00e9termination de leur statut professionnel.<\/p>\n\n\n\n<p>Les manifestants ont pass\u00e9 la nuit dans un parc en face du parlement pour pouvoir se rassembler \u00e0 nouveau et continuer leur protestation le lendemain matin.<\/p>\n\n\n\n<figure class=\"wp-block-image size-large is-resized\"><img decoding=\"async\" src=\"data:image\/gif;base64,R0lGODlhAQABAIAAAAAAAP\/\/\/yH5BAEAAAAALAAAAAABAAEAAAIBRAA7\" data-src=\"https:\/\/wncri.org\/fr\/wp-content\/uploads\/2021\/01\/\u0645\u0639\u0644\u0645\u0627\u0646-\u062d\u0642-\u0627\u0644\u062a\u062f\u0631\u06cc\u0633\u06cc-\u06f6-\u0628\u0647\u0645\u0646-\u06f9\u06f9.jpg\" alt=\"Les manifestants ont pass\u00e9 la nuit dans un parc en face \" class=\"wp-image-12702 lazyload\" width=\"938\" height=\"469\"\/><noscript><img decoding=\"async\" src=\"https:\/\/wncri.org\/fr\/wp-content\/uploads\/2021\/01\/\u0645\u0639\u0644\u0645\u0627\u0646-\u062d\u0642-\u0627\u0644\u062a\u062f\u0631\u06cc\u0633\u06cc-\u06f6-\u0628\u0647\u0645\u0646-\u06f9\u06f9.jpg\" alt=\"Les manifestants ont pass\u00e9 la nuit dans un parc en face \" class=\"wp-image-12702 lazyload\" width=\"938\" height=\"469\" srcset=\"https:\/\/wncri.org\/fr\/wp-content\/uploads\/2021\/01\/\u0645\u0639\u0644\u0645\u0627\u0646-\u062d\u0642-\u0627\u0644\u062a\u062f\u0631\u06cc\u0633\u06cc-\u06f6-\u0628\u0647\u0645\u0646-\u06f9\u06f9.jpg 750w, https:\/\/wncri.org\/fr\/wp-content\/uploads\/2021\/01\/\u0645\u0639\u0644\u0645\u0627\u0646-\u062d\u0642-\u0627\u0644\u062a\u062f\u0631\u06cc\u0633\u06cc-\u06f6-\u0628\u0647\u0645\u0646-\u06f9\u06f9-300x150.jpg 300w, https:\/\/wncri.org\/fr\/wp-content\/uploads\/2021\/01\/\u0645\u0639\u0644\u0645\u0627\u0646-\u062d\u0642-\u0627\u0644\u062a\u062f\u0631\u06cc\u0633\u06cc-\u06f6-\u0628\u0647\u0645\u0646-\u06f9\u06f9-360x180.jpg 360w\" sizes=\"(max-width: 938px) 100vw, 938px\" \/><\/noscript><\/figure>\n\n\n\n<p>Les enseignants du pr\u00e9scolaire de la province du Khouzistan, dans le sud-ouest de l&#8217;Iran, ont organis\u00e9 une manifestation pour laa visite du ministre de l&#8217;\u00e9ducation dans la province, le 21 janvier. Ils ont expliqu\u00e9 que le gouverneur du Khouzistan avait aid\u00e9 le ministre \u00e0 sortir par une porte d\u00e9rob\u00e9e alors que les enseignants protestataires attendaient dans le froid depuis plus de quatre heures pour voir le ministre.<\/p>\n\n\n\n<h3 class=\"wp-block-heading\"><strong>Manifestations des retrait\u00e9s<\/strong><\/h3>\n\n\n\n<p>Les retrait\u00e9s et les pensionn\u00e9s de la s\u00e9curit\u00e9 sociale ont organis\u00e9 une manifestation dans 17 provinces et 22 villes le mardi 26 janvier 2021 au matin. La plupart des retrait\u00e9s ne sont pas en mesure de travailler et de gagner un revenu alors qu&#8217;ils souffrent de diverses maladies.<\/p>\n\n\n\n<figure class=\"wp-block-image size-large is-resized\"><img decoding=\"async\" src=\"data:image\/gif;base64,R0lGODlhAQABAIAAAAAAAP\/\/\/yH5BAEAAAAALAAAAAABAAEAAAIBRAA7\" data-src=\"https:\/\/wncri.org\/fr\/wp-content\/uploads\/2021\/01\/\u0628\u0627\u0632\u0646\u0634\u0633\u062a\u06af\u0627\u0646-\u062a\u0647\u0631\u0627\u0646-\u06f7-\u0628\u0647\u0645\u0646.jpg\" alt=\"Manifestations des retrait\u00e9s\" class=\"wp-image-12698 lazyload\" width=\"930\" height=\"465\"\/><noscript><img decoding=\"async\" src=\"https:\/\/wncri.org\/fr\/wp-content\/uploads\/2021\/01\/\u0628\u0627\u0632\u0646\u0634\u0633\u062a\u06af\u0627\u0646-\u062a\u0647\u0631\u0627\u0646-\u06f7-\u0628\u0647\u0645\u0646.jpg\" alt=\"Manifestations des retrait\u00e9s\" class=\"wp-image-12698 lazyload\" width=\"930\" height=\"465\" srcset=\"https:\/\/wncri.org\/fr\/wp-content\/uploads\/2021\/01\/\u0628\u0627\u0632\u0646\u0634\u0633\u062a\u06af\u0627\u0646-\u062a\u0647\u0631\u0627\u0646-\u06f7-\u0628\u0647\u0645\u0646.jpg 750w, https:\/\/wncri.org\/fr\/wp-content\/uploads\/2021\/01\/\u0628\u0627\u0632\u0646\u0634\u0633\u062a\u06af\u0627\u0646-\u062a\u0647\u0631\u0627\u0646-\u06f7-\u0628\u0647\u0645\u0646-300x150.jpg 300w, https:\/\/wncri.org\/fr\/wp-content\/uploads\/2021\/01\/\u0628\u0627\u0632\u0646\u0634\u0633\u062a\u06af\u0627\u0646-\u062a\u0647\u0631\u0627\u0646-\u06f7-\u0628\u0647\u0645\u0646-360x180.jpg 360w\" sizes=\"(max-width: 930px) 100vw, 930px\" \/><\/noscript><\/figure>\n\n\n\n<p>Un grand nombre de retrait\u00e9s se sont rassembl\u00e9s devant le minist\u00e8re du travail \u00e0 T\u00e9h\u00e9ran, malgr\u00e9 diverses mesures dissuasives et r\u00e9pressives. Les retrait\u00e9s ont \u00e9galement organis\u00e9 des manifestations \u00e0 Ispahan, Ahwaz, Machad, Chiraz, Tabriz, Racht, Sari, Ilam, Qazvine, Karaj, Kermanchah, Ardebil, Nichapour, Khorramabad, Hamedan, Arak, Suze, Sanandaj, Boroujerd, Kerman et Bojnourd devant l&#8217;Organisation de la s\u00e9curit\u00e9 sociale ou le bureau du gouverneur et ont protest\u00e9 contre leurs conditions de vie et les salaires impay\u00e9s. Les manifestants ont \u00e9galement exig\u00e9 une r\u00e9vision des formules de p\u00e9r\u00e9quation des salaires et le remboursement des dettes de l&#8217;\u00c9tat envers l&#8217;administration de la s\u00e9curit\u00e9 sociale.<\/p>\n\n\n\n<p>Les manifestants ont scand\u00e9 : &#8220;Ce n&#8217;est que dans la rue qu\u2019on obtiendra nos droits&#8221;, &#8220;Nous n&#8217;aurons pas de repos tant que nous n&#8217;aurons pas obtenu nos droits&#8221;, &#8220;\u00c0 bas le gouvernement trompeur&#8221;, &#8220;Nous exprimons notre indignation contre ces discriminations&#8221;, &#8220;Notre principale revendication est de niveler les salaires sur l&#8217;inflation&#8221;, &#8220;Tous ensemble pour \u00e9liminer la discrimination&#8221;, et &#8220;Nos tables sont vides, \u00e7a suffit&#8221;.<\/p>\n\n\n\n<p>La veille, les retrait\u00e9s de la s\u00e9curit\u00e9 sociale avaient organis\u00e9 une autre manifestation \u00e0 T\u00e9h\u00e9ran devant l&#8217;organisation du budget et de la planification.<\/p>\n","protected":false},"excerpt":{"rendered":"<p>CNRI Femmes &#8211;&nbsp; Des manifestations \u00e9tendues des infirmi\u00e8res, des enseignants ainsi que des retrait\u00e9s ont \u00e9clat\u00e9 dans de nombreuses villes d\u2019Iran. Les femmes repr\u00e9sentent une grande partie de ces couches sociales, et donc jou\u00e9 un r\u00f4le actif et important dans ces mouvements de protestations. Manifestations \u00e9tendues des infirmi\u00e8res Des infirmi\u00e8res iraniennes ont organis\u00e9 des manifestations [&hellip;]<\/p>\n","protected":false},"author":4,"featured_media":12701,"comment_status":"closed","ping_status":"closed","sticky":false,"template":"","format":"standard","meta":{"jnews-multi-image_gallery":[],"jnews_single_post":{"subtitle":"","format":"standard","video":"","gallery":"","source_name":"","source_url":"","via_name":"","via_url":"","override":[{"single_blog_custom":"","sidebar":"","second_sidebar":"","share_position":"","share_float_style":"","post_date_format":"","post_date_format_custom":"","post_reading_time_wpm":"","zoom_button_out_step":"1","zoom_button_in_step":"1","number_popup_post":"1"}],"image_override":[{"single_post_thumbnail_size":"","single_post_gallery_size":""}],"trending_post_position":"","trending_post_label":"","sponsored_post_label":"","sponsored_post_name":"","sponsored_post_url":"","sponsored_post_logo":"","sponsored_post_desc":""},"jnews_primary_category":{"id":""},"jnews_social_meta":[],"jnews_override_counter":{"view_counter_number":"0","share_counter_number":"0","like_counter_number":"0","dislike_counter_number":"0"},"footnotes":""},"categories":[8],"tags":[378,369],"class_list":["post-12697","post","type-post","status-publish","format-standard","has-post-thumbnail","hentry","category-articles","tag-infirmieres","tag-manifestations"],"_links":{"self":[{"href":"https:\/\/wncri.org\/fr\/wp-json\/wp\/v2\/posts\/12697","targetHints":{"allow":["GET"]}}],"collection":[{"href":"https:\/\/wncri.org\/fr\/wp-json\/wp\/v2\/posts"}],"about":[{"href":"https:\/\/wncri.org\/fr\/wp-json\/wp\/v2\/types\/post"}],"author":[{"embeddable":true,"href":"https:\/\/wncri.org\/fr\/wp-json\/wp\/v2\/users\/4"}],"replies":[{"embeddable":true,"href":"https:\/\/wncri.org\/fr\/wp-json\/wp\/v2\/comments?post=12697"}],"version-history":[{"count":0,"href":"https:\/\/wncri.org\/fr\/wp-json\/wp\/v2\/posts\/12697\/revisions"}],"wp:featuredmedia":[{"embeddable":true,"href":"https:\/\/wncri.org\/fr\/wp-json\/wp\/v2\/media\/12701"}],"wp:attachment":[{"href":"https:\/\/wncri.org\/fr\/wp-json\/wp\/v2\/media?parent=12697"}],"wp:term":[{"taxonomy":"category","embeddable":true,"href":"https:\/\/wncri.org\/fr\/wp-json\/wp\/v2\/categories?post=12697"},{"taxonomy":"post_tag","embeddable":true,"href":"https:\/\/wncri.org\/fr\/wp-json\/wp\/v2\/tags?post=12697"}],"curies":[{"name":"wp","href":"https:\/\/api.w.org\/{rel}","templated":true}]}}