{"id":12684,"date":"2021-01-26T16:06:46","date_gmt":"2021-01-26T15:06:46","guid":{"rendered":"https:\/\/wncri.org\/fr\/?p=12684"},"modified":"2021-01-27T11:01:07","modified_gmt":"2021-01-27T10:01:07","slug":"iranien-des-comptes-sur-le-massacre-de-1988","status":"publish","type":"post","link":"https:\/\/wncri.org\/fr\/2021\/01\/26\/iranien-des-comptes-sur-le-massacre-de-1988\/","title":{"rendered":"Des experts de l&#8217;ONU demandent au r\u00e9gime iranien des comptes sur le massacre de 1988"},"content":{"rendered":"\n<h3 class=\"wp-block-heading\">Des experts de l&#8217;ONU demandent au r\u00e9gime iranien des comptes sur le massacre de 1988<\/h3>\n\n\n\n<p class=\"wp-block-paragraph\"> Trente-deux ans apr\u00e8s, les experts des droits humains des Nations Unies ont enfin demand\u00e9 au r\u00e9gime iranien de rendre des comptes sur le massacre de 1988. Ils ont d\u00e9crit le massacre des prisonniers politiques en Iran comme un &#8220;crime contre l&#8217;humanit\u00e9&#8221;.&nbsp;<\/p>\n\n\n\n<p class=\"wp-block-paragraph\">C\u2019est depuis la seconde guerre mondiale, le plus <a href=\"https:\/\/www.maryam-rajavi.com\/fr\/item\/maryam-radjavi-mettre-fin-30-ans-impunite-regime-mollahs\" target=\"_blank\" rel=\"noreferrer noopener\">grand crime contre l\u2019humanit\u00e9<\/a> sur des prisonniers politiques qui a eu lieu en Iran durant l&#8217;\u00e9t\u00e9 1988.<\/p>\n\n\n\n<p class=\"wp-block-paragraph\">Geoffrey Robertson, \u00e9minent avocat des droits de l&#8217;homme britannique, ancien juge au Tribunal sp\u00e9cial des Nations unies pour la Sierra Leone, a qualifi\u00e9 le massacre de plus de 30.000 prisonniers politiques en Iran en 1988 comme le pire crime contre l&#8217;humanit\u00e9 apr\u00e8s la Seconde Guerre mondiale.<\/p>\n\n\n\n<p class=\"wp-block-paragraph\">Le 27 janvier, \u00e0 l&#8217;occasion de la Journ\u00e9e internationale de comm\u00e9moration de l&#8217;Holocauste, rappelons-nous \u00e9galement les victimes du massacre de 1988 en Iran et examinons la grande avanc\u00e9e dans la qu\u00eate du peuple iranien pour que justice soit rendue aux victimes de ce crime contre l&#8217;humanit\u00e9 impuni.<\/p>\n\n\n\n<h3 class=\"wp-block-heading\"><strong>Le pire crime contre l&#8217;humanit\u00e9 apr\u00e8s la Seconde Guerre mondiale<\/strong><\/h3>\n\n\n\n<p class=\"wp-block-paragraph\">Apr\u00e8s le cessez-le-feu de la guerre Iran-Irak, Khomeiny, alors guide supr\u00eame des mollahs, a donn\u00e9 l\u2019ordre du massacre de toute personne ayant des liens avec l&#8217;Organisation des Moudjahidine du peuple d&#8217;Iran (OMPI\/MEK), l\u2019opposition d\u00e9mocratique, massacre qu\u2019il avait pr\u00e9vu de faire auparavant.<\/p>\n\n\n\n<p class=\"wp-block-paragraph\">Dans un m\u00e9prisable d\u00e9cret \u00e9crit de sa main, Khomeiny ordonnait : &#8220;Quiconque, \u00e0 quelque stade que ce soit, se maintient sur son soutien \u00e0 l&#8217;OMPI\/MEK est condamn\u00e9 \u00e0 mort&#8221;.<\/p>\n\n\n\n<p class=\"wp-block-paragraph\">Le massacre de 1988 a commenc\u00e9 \u00e0 la fin du mois de juillet, atteignant son apog\u00e9e du 28 juillet au14 ao\u00fbt, et se poursuivant jusqu&#8217;\u00e0 l&#8217;automne et m\u00eame l&#8217;ann\u00e9e suivante dans certaines villes. Il n&#8217;y a eu de piti\u00e9 pour personne, m\u00eame pour les adolescentes et les femmes enceintes.<\/p>\n\n\n\n<p class=\"wp-block-paragraph\">La h\u00e2te avec laquelle Khomeiny a fait ex\u00e9cuter \u00e9tait si abjecte que beaucoup de ses plus proches confidents ont \u00e9t\u00e9 pris de doute. <a href=\"https:\/\/wncri.org\/fr\/2017\/03\/02\/iran-un-document-revele-l-execution-de-jeunes-filles-de-13-ans-en-prison\/\" target=\"_blank\" rel=\"noreferrer noopener\">Hossein Ali Montazeri<\/a>, son successeur et la deuxi\u00e8me plus haute autorit\u00e9 du pays \u00e0 l&#8217;\u00e9poque, l\u2019avait appel\u00e9 \u00e0 la cl\u00e9mence et \u00e0 un ralentir le rythme des mises \u00e0 mort,ce qui lui vaudra sa destitution et sa mise \u00e0 l\u2019\u00e9cart.<\/p>\n\n\n\n<p class=\"wp-block-paragraph\">S&#8217;adressant aux membres des comit\u00e9s de la mort, Montazeri avait d\u00e9clar\u00e9 : \u00ab&nbsp;\u00c0 mon avis, vous avez commis le plus grand crime commis sous la R\u00e9publique islamique et pour lequel nous serons condamn\u00e9s par l&#8217;histoire. Vos noms figureront parmi les criminels de l&#8217;histoire.&nbsp;\u00bb<\/p>\n\n\n\n<p class=\"wp-block-paragraph\">De nombreux hauts responsables du r\u00e9gime, comme Ebrahim Ra\u00efssi, le chef du pouvoir judiciaire, ont gravi les \u00e9chelons apr\u00e8s avoir commis ce crime odieux.<\/p>\n\n\n\n<p class=\"wp-block-paragraph\">Alireza Avaei, l&#8217;actuel ministre de la Justice, \u00e9tait \u00e9galement membre de la commission de la mort dans les prisons de Dezfoul et Ahwaz lors du massacre de l&#8217;\u00e9t\u00e9 1988.<\/p>\n\n\n\n<p class=\"wp-block-paragraph\">Mostafa Pour-Mohammadi, l&#8217;ancien ministre de la justice et actuel conseiller aupr\u00e8s du pouvoir judiciaire iranien, \u00e9tait un membre cl\u00e9 de la commission de la mort lors du massacre de 1988.<\/p>\n\n\n\n<h3 class=\"wp-block-heading\"><strong>Une strat\u00e9gie de diversion et de d\u00e9n\u00e9gation<\/strong><\/h3>\n\n\n\n<p class=\"wp-block-paragraph\">Naturellement, la grande majorit\u00e9 des victimes \u00e9taient des membres et des sympathisants de l&#8217;OMPI\/MEK. Cependant l&#8217;ordre s&#8217;est \u00e9tendu \u00e0 d&#8217;autres groupes par la suite et a \u00e9t\u00e9 men\u00e9 en silence et en secret.<\/p>\n\n\n\n<p class=\"wp-block-paragraph\">Les mollahs au pouvoir ont cach\u00e9 les noms des victimes et les lieux de leur inhumation.<\/p>\n\n\n\n<p class=\"wp-block-paragraph\">En d\u00e9cembre 1988, l&#8217;Assembl\u00e9e g\u00e9n\u00e9rale des Nations unies a exprim\u00e9 sa grave pr\u00e9occupation concernant la nouvelle vague d&#8217;ex\u00e9cution de prisonniers politiques de juillet \u00e0 septembre 1988. Malgr\u00e9 cela, le Conseil de s\u00e9curit\u00e9 des Nations unies n&#8217;a pas \u00e9t\u00e9 saisi de la question.<\/p>\n\n\n\n<p class=\"wp-block-paragraph\">Ce silence a encourag\u00e9 le r\u00e9gime \u00e0 continuer \u00e0 cacher le sort des victimes et \u00e0 poursuivre jusqu&#8217;\u00e0 ce jour la strat\u00e9gie de diversion et de d\u00e9ni.<\/p>\n\n\n\n<p class=\"wp-block-paragraph\">En 1995, apr\u00e8s sept ann\u00e9es de campagne men\u00e9e par la R\u00e9sistance iranienne, la dictature religieuse a accept\u00e9 la visite du rapporteur sp\u00e9cial de l&#8217;ONU. La R\u00e9sistance iranienne a exig\u00e9 des r\u00e9ponses \u00e0 15 questions fondamentales. Parmi celles-ci figuraient le nombre de victimes du massacre, les lieux de leur enterrement et d\u2019informer les familles sur les charniers. Aucune r\u00e9ponse n\u2019a \u00e9t\u00e9 apport\u00e9e \u00e0 ces questions.<\/p>\n\n\n\n<div class=\"wp-block-image\"><figure class=\"aligncenter size-large is-resized\"><img decoding=\"async\" data-src=\"https:\/\/wncri.org\/fr\/wp-content\/uploads\/2021\/01\/victims-of-1988-massacre.jpg\" src=\"data:image\/gif;base64,R0lGODlhAQABAIAAAAAAAP\/\/\/yH5BAEAAAAALAAAAAABAAEAAAIBRAA7\" alt=\"Le pire crime contre l'humanit\u00e9 apr\u00e8s la Seconde Guerre mondiale\" class=\"wp-image-12686 lazyload\" width=\"959\" height=\"480\"\/><noscript><img decoding=\"async\" src=\"https:\/\/wncri.org\/fr\/wp-content\/uploads\/2021\/01\/victims-of-1988-massacre.jpg\" alt=\"Le pire crime contre l&#039;humanit\u00e9 apr\u00e8s la Seconde Guerre mondiale\" class=\"wp-image-12686\" width=\"959\" height=\"480\" srcset=\"https:\/\/wncri.org\/fr\/wp-content\/uploads\/2021\/01\/victims-of-1988-massacre.jpg 750w, https:\/\/wncri.org\/fr\/wp-content\/uploads\/2021\/01\/victims-of-1988-massacre-300x150.jpg 300w, https:\/\/wncri.org\/fr\/wp-content\/uploads\/2021\/01\/victims-of-1988-massacre-360x180.jpg 360w\" sizes=\"(max-width: 959px) 100vw, 959px\" \/><\/noscript><figcaption>Quelques-unes des victimes du massacre de 1988 (dans le sens des aiguilles d&#8217;une montre, en haut \u00e0 droite) : Sakineh Delfi, Ashraf Ahmadi, Shekar Mohammadzadeh, Nasrin Shojaii, Fazilat Allameh Ha&#8217;eri, Maliheh Aghvami, Farahnaz Zarfchi, Monireh Rajavi, Farzaneh Zare&#8217;ii<\/figcaption><\/figure><\/div>\n\n\n\n<h3 class=\"wp-block-heading\"><strong>Le r\u00e9gime enfin appel\u00e9 \u00e0 rendre des comptes sur le massacre de 1988<\/strong><\/h3>\n\n\n\n<p class=\"wp-block-paragraph\">Le 9 d\u00e9cembre 2020, les Nations Unies <a href=\"https:\/\/spcommreports.ohchr.org\/TMResultsBase\/DownLoadPublicCommunicationFile?gId=25503\" target=\"_blank\" rel=\"noreferrer noopener\">ont rendu public<\/a> le texte d\u2019une lettre de sept expert des droits humains. Dans cette lettre, ils demandent au r\u00e9gime iranien de rendre des comptes sur le massacre des prisonniers politiques en Iran en 1988.<\/p>\n\n\n\n<p class=\"wp-block-paragraph\">Dans leur communication au r\u00e9gime iranien du 3 septembre 2020, les experts de l&#8217;ONU ont exprim\u00e9 leur vive inqui\u00e9tude quant au refus de r\u00e9v\u00e9ler le sort et le lieu des milliers de personnes disparues par la force avant d\u2019\u00eatre ex\u00e9cut\u00e9es extrajudiciairement en 1988.<\/p>\n\n\n\n<p class=\"wp-block-paragraph\">Les rapporteurs sp\u00e9ciaux des Nations unies ont donn\u00e9 <a href=\"https:\/\/wncri.org\/fr\/2019\/07\/28\/maryam-akbari-les-criminels-du-massacre-de-1988-sont-au-pouvoir-en-iran\/\" target=\"_blank\" rel=\"noreferrer noopener\">aux autorit\u00e9s iraniennes<\/a> 60 jours pour clarifier tous les cas port\u00e9s \u00e0 leur connaissance. Apr\u00e8s 60 jours, ils ont d\u00e9clar\u00e9 que la communication et toute r\u00e9ponse re\u00e7ue seraient rendues publiques via leur site officiel.<\/p>\n\n\n\n<p class=\"wp-block-paragraph\">Pour la premi\u00e8re fois en 32 ans, l&#8217;ONU a ainsi reconnu le massacre de 1988 comme un &#8220;crime contre l&#8217;humanit\u00e9&#8221; et a demand\u00e9 une enqu\u00eate &#8220;approfondie et ind\u00e9pendante&#8221; sur ce g\u00e9nocide.<\/p>\n\n\n\n<p class=\"wp-block-paragraph\">Les experts ont r\u00e9it\u00e9r\u00e9 : \u00ab&nbsp;Nous sommes pr\u00e9occup\u00e9s par le fait que cette situation puisse constituer un crime contre l&#8217;humanit\u00e9&#8221;. Ils ont d\u00e9clar\u00e9 que si les autorit\u00e9s iraniennes &#8220;continuent \u00e0 refuser de se conformer \u00e0 leurs obligations en vertu du droit international des droits humains, nous appelons la communaut\u00e9 internationale \u00e0 prendre des mesures pour enqu\u00eater sur ces affaires, notamment en mettant en place une enqu\u00eate internationale.&nbsp;\u00bb<\/p>\n\n\n\n<h3 class=\"wp-block-heading\"><strong>Une avanc\u00e9e majeure dans la qu\u00eate de la justice &nbsp;&nbsp;<\/strong><\/h3>\n\n\n\n<p class=\"wp-block-paragraph\"><strong>&nbsp;<\/strong>\u00ab&nbsp;Cette communication des expert.es des Nations unies est une avanc\u00e9e capitale. Il s\u2019agit une \u00e9tape d\u00e9cisive pour le combat de longue date que m\u00e8nent les familles de victimes et les survivant.es, avec le soutien d\u2019organisations iraniennes de d\u00e9fense des droits humains et d\u2019Amnesty International, pour mettre un point final \u00e0 ces crimes et obtenir v\u00e9rit\u00e9, justice et r\u00e9paration&nbsp;\u00bb, a d\u00e9clar\u00e9 Diana Eltahawy, directrice adjointe <a href=\"https:\/\/www.amnesty.org\/fr\/latest\/news\/2020\/12\/iran-un-calls-for-accountability-on-1988-prison-massacres-marks-turning-point-in-three-decade-struggle\/\" target=\"_blank\" rel=\"noreferrer noopener\">d\u2019Amnesty International<\/a> pour la r\u00e9gion Afrique du Nord et Moyen-Orient.<\/p>\n\n\n\n<p class=\"wp-block-paragraph\">Dans leur communication au autorit\u00e9s iranienne, les expert.es des Nations unies se sont dits \u00ab&nbsp;vivement pr\u00e9occup\u00e9s par les informations faisant \u00e9tat du refus persistant de r\u00e9v\u00e9ler le sort r\u00e9serv\u00e9 \u00e0 ces personnes et le lieu o\u00f9 elles se trouvent. Ils se sont \u00e9galement dits alarm\u00e9s de constater le refus des autorit\u00e9s de fournir aux familles des certificats de d\u00e9c\u00e8s pr\u00e9cis et complets, la destruction de fosses communes, la persistance de menaces et de harc\u00e8lement \u00e0 l\u2019\u00e9gard des familles, l\u2019absence d\u2019enqu\u00eates et de poursuites relatives \u00e0 ces homicides, ainsi que les d\u00e9clarations des autorit\u00e9s niant ou minimisant ces affaires et assimilant le fait de critiquer ces homicides \u00e0 un soutien au terrorisme.&nbsp;\u00bb<\/p>\n\n\n\n<p class=\"wp-block-paragraph\">Ils ont soulign\u00e9 \u00ab&nbsp;qu&#8217;une disparition forc\u00e9e se poursuit jusqu&#8217;\u00e0 ce que le sort de la personne concern\u00e9e et le lieu o\u00f9 elle se trouve soient \u00e9tablis, quel que soit le temps \u00e9coul\u00e9, et que les membres de la famille ont droit \u00e0 la v\u00e9rit\u00e9, ce qui signifie le droit de conna\u00eetre le d\u00e9roulement et les r\u00e9sultats d&#8217;une enqu\u00eate, le sort des personnes disparues ou le lieu o\u00f9 elles se trouvent, ainsi que les circonstances des disparitions et l&#8217;identit\u00e9 des auteurs. Nous soulignons que cette obligation est applicable \u00e0 toute personne qui aurait \u00e9t\u00e9 victime d&#8217;une disparition forc\u00e9e ou d&#8217;un assassinat ill\u00e9gal, qu&#8217;elle soit civile ou d\u00e9finie comme &#8220;terroriste&#8221; ou menace \u00e0 la s\u00e9curit\u00e9 nationale en vertu du droit national.&nbsp;\u00bb<\/p>\n\n\n\n<h3 class=\"wp-block-heading\"><strong>Les auteurs doivent faire face \u00e0 la justice<\/strong><\/h3>\n\n\n\n<p class=\"wp-block-paragraph\">Bien que la lettre des principaux experts des Nations unies en mati\u00e8re de droits humains l&#8217;homme soit un pas dans la bonne direction, l&#8217;ONU doit faire plus pour tenir les dirigeants iraniens responsables, \u00e0 la fois en raison de la nature odieuse du crime et des hautes fonctions qu&#8217;occupent actuellement certains des responsables qui ont jou\u00e9 un r\u00f4le cl\u00e9 dans l&#8217;orchestration du massacre.<\/p>\n\n\n\n<p class=\"wp-block-paragraph\">Les survivants des victimes, le peuple d&#8217;Iran et la R\u00e9sistance iranienne demandent que l&#8217;affaire de ce crime soit port\u00e9e devant le Conseil de s\u00e9curit\u00e9 des Nations unies et un tribunal international.<\/p>\n\n\n\n<p class=\"wp-block-paragraph\">Nous demandons \u00e0 tous les pays de soutenir le renvoi du dossier du massacre de 1988 devant le Conseil de s\u00e9curit\u00e9 de l&#8217;ONU.<\/p>\n\n\n\n<p class=\"wp-block-paragraph\">L&#8217;impunit\u00e9 de Khamenei et des autres responsables du r\u00e9gime doit cesser. Khamenei et son pr\u00e9sident Hassan Rohani, le chef du pouvoir judiciaire Ra\u00efssi, les hauts responsables du minist\u00e8re du renseignement, les commandants des pasdarans et de nombreux autres officiels et agents de ce r\u00e9gime ont tous \u00e9t\u00e9 impliqu\u00e9s dans le massacre des prisonniers politiques en 1988 et dans toutes les ex\u00e9cutions des ann\u00e9es 1980. Ils doivent faire face \u00e0 la justice pour avoir commis des crimes contre l&#8217;humanit\u00e9.<\/p>\n\n\n\n<p class=\"wp-block-paragraph\">Nous demandons au Conseil des droits de l&#8217;homme de mener une enqu\u00eate internationale sur le massacre de 1988. Ce serait la premi\u00e8re \u00e9tape pour mettre fin \u00e0 l&#8217;impunit\u00e9 des auteurs du plus grand crime politique du si\u00e8cle.<\/p>\n\n\n\n<p class=\"wp-block-paragraph\">Le mouvement pour la justice se poursuivra jusqu&#8217;\u00e0 ce que tous les d\u00e9tails de ce grand crime, en particulier la liste de toutes les victimes et des lieux d&#8217;inhumation, soit rendue publique. Il se poursuivra jusqu&#8217;\u00e0 ce que toutes les individus impliqu\u00e9es dans ce massacre soient traduits en justice.<\/p>\n","protected":false},"excerpt":{"rendered":"<p>Des experts de l&#8217;ONU demandent au r\u00e9gime iranien des comptes sur le massacre de 1988 Trente-deux ans apr\u00e8s, les experts des droits humains des Nations Unies ont enfin demand\u00e9 au r\u00e9gime iranien de rendre des comptes sur le massacre de 1988. Ils ont d\u00e9crit le massacre des prisonniers politiques en Iran comme un &#8220;crime contre [&hellip;]<\/p>\n","protected":false},"author":4,"featured_media":12685,"comment_status":"closed","ping_status":"closed","sticky":false,"template":"","format":"standard","meta":{"jnews-multi-image_gallery":[],"jnews_single_post":{"subtitle":"","format":"standard","video":"","gallery":"","source_name":"","source_url":"","via_name":"","via_url":"","override":[{"single_blog_custom":"","sidebar":"","second_sidebar":"","share_position":"","share_float_style":"","post_date_format":"","post_date_format_custom":"","post_reading_time_wpm":"","zoom_button_out_step":"1","zoom_button_in_step":"1","number_popup_post":"1"}],"image_override":[{"single_post_thumbnail_size":"","single_post_gallery_size":""}],"trending_post_position":"","trending_post_label":"","sponsored_post_label":"","sponsored_post_name":"","sponsored_post_url":"","sponsored_post_logo":"","sponsored_post_desc":""},"jnews_primary_category":{"id":""},"jnews_social_meta":[],"jnews_override_counter":{"view_counter_number":"0","share_counter_number":"0","like_counter_number":"0","dislike_counter_number":"0"},"footnotes":""},"categories":[8],"tags":[367,370,376],"class_list":["post-12684","post","type-post","status-publish","format-standard","has-post-thumbnail","hentry","category-articles","tag-execution","tag-prisonnieres","tag-violence-contre-les-femmes"],"_links":{"self":[{"href":"https:\/\/wncri.org\/fr\/wp-json\/wp\/v2\/posts\/12684","targetHints":{"allow":["GET"]}}],"collection":[{"href":"https:\/\/wncri.org\/fr\/wp-json\/wp\/v2\/posts"}],"about":[{"href":"https:\/\/wncri.org\/fr\/wp-json\/wp\/v2\/types\/post"}],"author":[{"embeddable":true,"href":"https:\/\/wncri.org\/fr\/wp-json\/wp\/v2\/users\/4"}],"replies":[{"embeddable":true,"href":"https:\/\/wncri.org\/fr\/wp-json\/wp\/v2\/comments?post=12684"}],"version-history":[{"count":0,"href":"https:\/\/wncri.org\/fr\/wp-json\/wp\/v2\/posts\/12684\/revisions"}],"wp:featuredmedia":[{"embeddable":true,"href":"https:\/\/wncri.org\/fr\/wp-json\/wp\/v2\/media\/12685"}],"wp:attachment":[{"href":"https:\/\/wncri.org\/fr\/wp-json\/wp\/v2\/media?parent=12684"}],"wp:term":[{"taxonomy":"category","embeddable":true,"href":"https:\/\/wncri.org\/fr\/wp-json\/wp\/v2\/categories?post=12684"},{"taxonomy":"post_tag","embeddable":true,"href":"https:\/\/wncri.org\/fr\/wp-json\/wp\/v2\/tags?post=12684"}],"curies":[{"name":"wp","href":"https:\/\/api.w.org\/{rel}","templated":true}]}}