{"id":12636,"date":"2021-01-16T15:20:00","date_gmt":"2021-01-16T14:20:00","guid":{"rendered":"https:\/\/wncri.org\/fr\/?p=12636"},"modified":"2021-01-18T15:24:28","modified_gmt":"2021-01-18T14:24:28","slug":"la-prisonniere-politique-raheleh-ahmadi","status":"publish","type":"post","link":"https:\/\/wncri.org\/fr\/2021\/01\/16\/la-prisonniere-politique-raheleh-ahmadi\/","title":{"rendered":"La prisonni\u00e8re politique Raheleh Ahmadi risque d&#8217;\u00eatre paralys\u00e9e"},"content":{"rendered":"\n<p>CNRI Femmes \u2013 La prisonni\u00e8re politique Raheleh Ahmadi est en tr\u00e8s mauvaise sant\u00e9 et risque d\u2019\u00eatre paralys\u00e9e.<\/p>\n\n\n\n<p>&#8220;Malgr\u00e9 l&#8217;inqui\u00e9tude croissante des m\u00e9decins quant \u00e0 la possibilit\u00e9 qu&#8217;elle devienne paralys\u00e9e, aucune d\u00e9cision n&#8217;a \u00e9t\u00e9 prise pour commencer le traitement m\u00e9dical de cette prisonni\u00e8re&#8221;, a d\u00e9clar\u00e9 l&#8217;avocat Mostafa Nili \u00e0 propos de la situation de la prisonni\u00e8re politique Raheleh Ahmadi. Il faut lui accorder d&#8217;urgence un cong\u00e9 m\u00e9dical, mais rien de tel n&#8217;a encore \u00e9t\u00e9 fait&#8221;.<\/p>\n\n\n\n<p>Raheleh Ahmadi a subi un choc nerveux apr\u00e8s que sa fille, <a href=\"https:\/\/wncri.org\/fr\/2020\/11\/10\/24-ans-de-prison\/\" target=\"_blank\" rel=\"noreferrer noopener\">Saba Kord Afshari<\/a>, ait \u00e9t\u00e9 brusquement transf\u00e9r\u00e9e dans la sinistre prison de Qarchak. Elle a eu des probl\u00e8mes de mobilit\u00e9 et a \u00e9t\u00e9 envoy\u00e9e \u00e0 l&#8217;h\u00f4pital \u00e0 deux reprises, dont le 5 janvier 2021, d\u2019o\u00f9 elle a \u00e9t\u00e9 envoy\u00e9e \u00e0 l&#8217;h\u00f4pital de Tajrish. Les m\u00e9decins sp\u00e9cialistes disent qu&#8217;elle pourrait \u00eatre paralys\u00e9e. Aucune d\u00e9cision n&#8217;a \u00e9t\u00e9 prise quant \u00e0 son traitement alors qu&#8217;il s&#8217;agit d&#8217;une d\u00e9cision d&#8217;urgence.<\/p>\n\n\n\n<p>Les services de renseignement <a href=\"https:\/\/wncri.org\/fr\/2019\/07\/11\/raheleh-ahmadi-arretee-quarante-jours-apres-sa-fille-en-iran\/\" target=\"_blank\" rel=\"noreferrer noopener\">ont arr\u00eat\u00e9<\/a> Mme Raheleh Ahmadi \u00e0 son domicile le 10 juillet 2019 et l&#8217;ont emmen\u00e9e \u00e0 la prison de Qarchak. Elle a \u00e9t\u00e9 lib\u00e9r\u00e9e temporairement 4 jours plus tard moyennant une caution de 700 millions de Tomans, jusqu&#8217;\u00e0 ce que son proc\u00e8s. Par la suite, elle a \u00e9t\u00e9 condamn\u00e9e \u00e0 une peine de 2 ans et 7 mois de prison. Le 1er f\u00e9vrier 2020, elle a \u00e9t\u00e9 convoqu\u00e9e et emmen\u00e9e dans le quartier des femmes d&#8217;Evine pour y purger sa peine.\u00a0<\/p>\n\n\n\n<p>Priver les prisonniers politiques de soins m\u00e9dicaux est une pratique courante du r\u00e9gime cl\u00e9rical.<\/p>\n\n\n\n<p>Dans les cas o\u00f9 une ou un prisonnier politique a besoin d&#8217;un traitement m\u00e9dical urgent, les autorit\u00e9s de la prison d&#8217;Evin obligent les familles et les avocats \u00e0 passer par diff\u00e9rentes \u00e9tapes de renvoi vers diff\u00e9rents responsables et organes. La proc\u00e9dure devient g\u00e9n\u00e9ralement longue et ne m\u00e8ne nulle part.<\/p>\n\n\n\n<p>Le chef du dispensaire de la prison et ses m\u00e9decins ont \u00e9galement le pouvoir d\u2019envoyer une ou un d\u00e9tenu \u00e0 l\u2019h\u00f4pital en cas d\u2019urgence, mais ils ne le font pas. Parfois, les h\u00f4pitaux qui ont sign\u00e9 des contrats avec les prisons ne fournissent pas de services sp\u00e9cialis\u00e9s. Et le ou la malade ne re\u00e7oit pas le traitement sp\u00e9cialis\u00e9 dont il a besoin.<\/p>\n\n\n\n<p>Dans d\u2019autres cas, lorsqu&#8217;un m\u00e9decin ordonne l\u2019hospitalisation d\u2019un ou d\u2019une d\u00e9tenu, le procureur adjoint de la prison ne lui permet pas de reste \u00e0 l\u2019h\u00f4pital.<\/p>\n\n\n\n<p>Le manque de coop\u00e9ration des autorit\u00e9s p\u00e9nitentiaires entra\u00eene une d\u00e9t\u00e9rioration de la sant\u00e9 des malades, entrainant parfois la mort.<\/p>\n","protected":false},"excerpt":{"rendered":"<p>CNRI Femmes \u2013 La prisonni\u00e8re politique Raheleh Ahmadi est en tr\u00e8s mauvaise sant\u00e9 et risque d\u2019\u00eatre paralys\u00e9e. &#8220;Malgr\u00e9 l&#8217;inqui\u00e9tude croissante des m\u00e9decins quant \u00e0 la possibilit\u00e9 qu&#8217;elle devienne paralys\u00e9e, aucune d\u00e9cision n&#8217;a \u00e9t\u00e9 prise pour commencer le traitement m\u00e9dical de cette prisonni\u00e8re&#8221;, a d\u00e9clar\u00e9 l&#8217;avocat Mostafa Nili \u00e0 propos de la situation de la prisonni\u00e8re [&hellip;]<\/p>\n","protected":false},"author":4,"featured_media":12637,"comment_status":"closed","ping_status":"closed","sticky":false,"template":"","format":"standard","meta":{"jnews-multi-image_gallery":[],"jnews_single_post":{"subtitle":"","format":"standard","video":"","gallery":"","source_name":"","source_url":"","via_name":"","via_url":"","override":[{"single_blog_custom":"","sidebar":"","second_sidebar":"","share_position":"","share_float_style":"","post_date_format":"","post_date_format_custom":"","post_reading_time_wpm":"","zoom_button_out_step":"1","zoom_button_in_step":"1","number_popup_post":"1"}],"image_override":[{"single_post_thumbnail_size":"","single_post_gallery_size":""}],"trending_post_position":"","trending_post_label":"","sponsored_post_label":"","sponsored_post_name":"","sponsored_post_url":"","sponsored_post_logo":"","sponsored_post_desc":""},"jnews_primary_category":{"id":""},"jnews_social_meta":[],"jnews_override_counter":{"view_counter_number":"0","share_counter_number":"0","like_counter_number":"0","dislike_counter_number":"0"},"footnotes":""},"categories":[3],"tags":[370,376],"class_list":["post-12636","post","type-post","status-publish","format-standard","has-post-thumbnail","hentry","category-infos-des-femmes","tag-prisonnieres","tag-violence-contre-les-femmes"],"_links":{"self":[{"href":"https:\/\/wncri.org\/fr\/wp-json\/wp\/v2\/posts\/12636","targetHints":{"allow":["GET"]}}],"collection":[{"href":"https:\/\/wncri.org\/fr\/wp-json\/wp\/v2\/posts"}],"about":[{"href":"https:\/\/wncri.org\/fr\/wp-json\/wp\/v2\/types\/post"}],"author":[{"embeddable":true,"href":"https:\/\/wncri.org\/fr\/wp-json\/wp\/v2\/users\/4"}],"replies":[{"embeddable":true,"href":"https:\/\/wncri.org\/fr\/wp-json\/wp\/v2\/comments?post=12636"}],"version-history":[{"count":0,"href":"https:\/\/wncri.org\/fr\/wp-json\/wp\/v2\/posts\/12636\/revisions"}],"wp:featuredmedia":[{"embeddable":true,"href":"https:\/\/wncri.org\/fr\/wp-json\/wp\/v2\/media\/12637"}],"wp:attachment":[{"href":"https:\/\/wncri.org\/fr\/wp-json\/wp\/v2\/media?parent=12636"}],"wp:term":[{"taxonomy":"category","embeddable":true,"href":"https:\/\/wncri.org\/fr\/wp-json\/wp\/v2\/categories?post=12636"},{"taxonomy":"post_tag","embeddable":true,"href":"https:\/\/wncri.org\/fr\/wp-json\/wp\/v2\/tags?post=12636"}],"curies":[{"name":"wp","href":"https:\/\/api.w.org\/{rel}","templated":true}]}}