{"id":12621,"date":"2021-01-13T14:21:00","date_gmt":"2021-01-13T13:21:00","guid":{"rendered":"https:\/\/wncri.org\/fr\/?p=12621"},"modified":"2021-01-15T14:33:50","modified_gmt":"2021-01-15T13:33:50","slug":"toujours-pas-dinformations-sur-golrokh-iraee-apres-plus-dun-mois-dinterrogatoire","status":"publish","type":"post","link":"https:\/\/wncri.org\/fr\/2021\/01\/13\/toujours-pas-dinformations-sur-golrokh-iraee-apres-plus-dun-mois-dinterrogatoire\/","title":{"rendered":"Toujours pas d&#8217;informations sur Golrokh Iraee apr\u00e8s plus d&#8217;un mois d&#8217;interrogatoire"},"content":{"rendered":"\n<p>Toujours pas d&#8217;informations sur Golrokh Iraee apr\u00e8s plus d&#8217;un mois d&#8217;interrogatoire<\/p>\n\n\n\n<p> Plus d&#8217;un mois apr\u00e8s le transfert forc\u00e9 de la prisonni\u00e8re politique Golrokh Ebrahimi Iraee au <a href=\"https:\/\/wncri.org\/fr\/2021\/01\/02\/aucune-nouvelle-de-golrokh-iraee\/\" target=\"_blank\" rel=\"noreferrer noopener\">quartier 2A de la prison d&#8217;Evine<\/a>, il n&#8217;y a toujours pas d&#8217;information sur ses conditions de d\u00e9tention.<\/p>\n\n\n\n<p>Un des interrogateurs notoires des services de renseignement des gradiens de la r\u00e9volution a d\u00e9clar\u00e9 \u00e0 sa famille qu&#8217;ils n&#8217;\u00e9taient pas autoris\u00e9s \u00e0 informer les m\u00e9dias sur les conditions de vie de leur fille.<\/p>\n\n\n\n<p>Le 13 janvier 2021, le mari de Golrokh, Arash Sadeghi, prisonnier politique \u00e0 la prison Gohardasht de Karadj, a envoy\u00e9 une lettre ouverte. Il \u00e9crit que \u00ab&nbsp;la semaine derni\u00e8re, ma belle-m\u00e8re a eu une attaque cardiaque et a \u00e9t\u00e9 hospitalis\u00e9e apr\u00e8s avoir appris que sa fille avait \u00e9t\u00e9 battue \u00e0 coups de matraque et de pistolet paralysant. La question est de savoir quel est le pouvoir de man\u0153uvre dont jouit un interrogateur sous le pouvoir judiciaire de la R\u00e9publique islamique ? A-t-il le pouvoir de menacer et de harceler la famille d&#8217;un prisonnier ? L&#8217;intimidation et le harc\u00e8lement des familles de prisonniers politiques sont devenus une pratique courante pour la R\u00e9publique islamique ces derni\u00e8res d\u00e9cennies. Il semble que la structure du pouvoir judiciaire et ses m\u00e9thodes de torture soient revenues \u00e0 celles des ann\u00e9es 1980, et sont largement pratiqu\u00e9es avec une cruaut\u00e9 particuli\u00e8re.&nbsp;\u00bb&nbsp;<\/p>\n\n\n\n<p>Auparavant, apr\u00e8s que la famille Iraee ait \u00e9t\u00e9 renvoy\u00e9e \u00e0 plusieurs reprises s&#8217;adresser au tribunal d&#8217;Evine, Amine Vaziri, qui supervise les conditions des prisonniers politiques, leur avait dit : \u00ab&nbsp;L&#8217;\u00e9meute de Qarchak avait \u00e9t\u00e9 organis\u00e9e par Golrokh Iraee et quoi qu&#8217;il lui arrive, elle le m\u00e9rite.&nbsp;\u00bb Il avait ajout\u00e9 : \u00ab&nbsp;Vous ne devez pas attendre votre fille pour l&#8217;instant.&nbsp;\u00bb&nbsp;<\/p>\n\n\n\n<p>Les services de renseignement sont connus pour leur fabrication de d\u2019accusations et pour d\u00e9poser de nouvelles mises en examen contre des d\u00e9tenus sur le point de terminer leur peine.<\/p>\n\n\n\n<p>Le 7 d\u00e9cembre 2020, les services de renseignement de gardiens de la r\u00e9volution avaient <a href=\"https:\/\/wncri.org\/fr\/2020\/12\/09\/la-prisonniere-politique-golrokh-iraee-convoquee-au-quartier-2a-devine\/\" target=\"_blank\" rel=\"noreferrer noopener\">convoqu\u00e9 la prisonni\u00e8re politique<\/a> Golrokh Iraee au quartier 2A de la prison d&#8217;Evine, sans en mentionner la raison. D\u00e9tenue \u00e0 Qarchak, Golrokh avait refus\u00e9 d\u2019y aller estimeant que cette mesure \u00e9tait ill\u00e9gale.<\/p>\n\n\n\n<p>Le dimanche 13 d\u00e9cembre, la nouvelle directrice de la prison de Qarchak \u00e0 la t\u00eate de 20 gardes anti-\u00e9meutes, hommes et femmes, a fait <a href=\"https:\/\/wncri.org\/fr\/2020\/12\/19\/plus-de-details-sur-lattaque\/\" target=\"_blank\" rel=\"noreferrer noopener\">une descente dans le quartier 8<\/a> des prisonni\u00e8res politiques. Ils ont brutalis\u00e9 les d\u00e9tenues du quartier 8 et les ont battues avec des pistolets paralysants et des matraques. Les gardes ont attrap\u00e9 la prisonni\u00e8re politique Golrokh Iraee par les cheveux et l&#8217;ont tra\u00een\u00e9e hors du quartier pour l&#8217;envoyer dans le quartier 2A des services de renseignement des pasdarans \u00e0 la prison d&#8217;Evine.<\/p>\n","protected":false},"excerpt":{"rendered":"<p>Toujours pas d&#8217;informations sur Golrokh Iraee apr\u00e8s plus d&#8217;un mois d&#8217;interrogatoire Plus d&#8217;un mois apr\u00e8s le transfert forc\u00e9 de la prisonni\u00e8re politique Golrokh Ebrahimi Iraee au quartier 2A de la prison d&#8217;Evine, il n&#8217;y a toujours pas d&#8217;information sur ses conditions de d\u00e9tention. Un des interrogateurs notoires des services de renseignement des gradiens de la [&hellip;]<\/p>\n","protected":false},"author":4,"featured_media":12622,"comment_status":"closed","ping_status":"closed","sticky":false,"template":"","format":"standard","meta":{"jnews-multi-image_gallery":[],"jnews_single_post":{"subtitle":"","format":"standard","video":"","gallery":"","source_name":"","source_url":"","via_name":"","via_url":"","override":[{"single_blog_custom":"","sidebar":"","second_sidebar":"","share_position":"","share_float_style":"","post_date_format":"","post_date_format_custom":"","post_reading_time_wpm":"","zoom_button_out_step":"1","zoom_button_in_step":"1","number_popup_post":"1"}],"image_override":[{"single_post_thumbnail_size":"","single_post_gallery_size":""}],"trending_post_position":"","trending_post_label":"","sponsored_post_label":"","sponsored_post_name":"","sponsored_post_url":"","sponsored_post_logo":"","sponsored_post_desc":""},"jnews_primary_category":{"id":""},"jnews_social_meta":[],"jnews_override_counter":{"view_counter_number":"0","share_counter_number":"0","like_counter_number":"0","dislike_counter_number":"0"},"footnotes":""},"categories":[3],"tags":[],"class_list":["post-12621","post","type-post","status-publish","format-standard","has-post-thumbnail","hentry","category-infos-des-femmes"],"_links":{"self":[{"href":"https:\/\/wncri.org\/fr\/wp-json\/wp\/v2\/posts\/12621","targetHints":{"allow":["GET"]}}],"collection":[{"href":"https:\/\/wncri.org\/fr\/wp-json\/wp\/v2\/posts"}],"about":[{"href":"https:\/\/wncri.org\/fr\/wp-json\/wp\/v2\/types\/post"}],"author":[{"embeddable":true,"href":"https:\/\/wncri.org\/fr\/wp-json\/wp\/v2\/users\/4"}],"replies":[{"embeddable":true,"href":"https:\/\/wncri.org\/fr\/wp-json\/wp\/v2\/comments?post=12621"}],"version-history":[{"count":0,"href":"https:\/\/wncri.org\/fr\/wp-json\/wp\/v2\/posts\/12621\/revisions"}],"wp:featuredmedia":[{"embeddable":true,"href":"https:\/\/wncri.org\/fr\/wp-json\/wp\/v2\/media\/12622"}],"wp:attachment":[{"href":"https:\/\/wncri.org\/fr\/wp-json\/wp\/v2\/media?parent=12621"}],"wp:term":[{"taxonomy":"category","embeddable":true,"href":"https:\/\/wncri.org\/fr\/wp-json\/wp\/v2\/categories?post=12621"},{"taxonomy":"post_tag","embeddable":true,"href":"https:\/\/wncri.org\/fr\/wp-json\/wp\/v2\/tags?post=12621"}],"curies":[{"name":"wp","href":"https:\/\/api.w.org\/{rel}","templated":true}]}}