{"id":12601,"date":"2021-01-06T10:30:00","date_gmt":"2021-01-06T09:30:00","guid":{"rendered":"https:\/\/wncri.org\/fr\/?p=12601"},"modified":"2021-01-11T10:34:29","modified_gmt":"2021-01-11T09:34:29","slug":"forough-taghipour","status":"publish","type":"post","link":"https:\/\/wncri.org\/fr\/2021\/01\/06\/forough-taghipour\/","title":{"rendered":"Forough Taghipour et sa m\u00e8re accus\u00e9es de \u00ab propagande contre l\u2019Etat \u00bb"},"content":{"rendered":"\n<p>CNRI Femmes &#8211; La 28e chambre du tribunal r\u00e9volutionnaire de T\u00e9h\u00e9ran s&#8217;est r\u00e9unie le mardi 6 janvier 2021 pour examiner les accusations port\u00e9es contre la prisonni\u00e8re politique Forough Taghipour, 25 ans, et sa m\u00e8re, Nassim Jabbari, 58 ans. Elles ont \u00e9t\u00e9 inculp\u00e9es de &#8220;propagande contre l&#8217;\u00c9tat&#8221;.<\/p>\n\n\n\n<p>Le juge qui pr\u00e9sidait le tribunal a menac\u00e9 porter l&#8217;accusation au niveau de \u00ab\u00a0Moharebeh (ou guerre contre Dieu)\u00a0\u00bb contre Forough Taghipour, <a href=\"https:\/\/wncri.org\/fr\/2020\/09\/15\/les-prisonnieres-politiques-de-la-prison-de-qarchak-attaquees-a-leau-bouillante\/\" target=\"_blank\" rel=\"noreferrer noopener\">actuellement d\u00e9tenue \u00e0 la prison de Qarchak<\/a>, et sa m\u00e8re, Nassim Jabbari, qui est en libert\u00e9 sous caution pour le moment. Leur avocat \u00e9tait pr\u00e9sent lors du proc\u00e8s.<\/p>\n\n\n\n<p>Forough Taghipour a rejet\u00e9 l&#8217;accusation, d\u00e9clarant qu&#8217;elle \u00e9tait innocente.<\/p>\n\n\n\n<p>Le juge Amouzad a menac\u00e9 de convoquer son interrogateur au tribunal.<\/p>\n\n\n\n<p>Selon les lois du r\u00e9gime cl\u00e9rical, faire \u00ab&nbsp;la guerre contre Dieu&nbsp;\u00bb est passible de la peine de mort. On soup\u00e7onne Amouzad d&#8217;avoir l&#8217;intention de faire avancer l&#8217;affaire dans cette direction.<\/p>\n\n\n\n<p>Des agents du minist\u00e8re du renseignement ont arr\u00eat\u00e9 Forough Taghipour et sa m\u00e8re, Nassim Jabbari, ainsi que Zahra Safa\u2019i et sa fille, Parastou Mo\u00efni, le 24 f\u00e9vrier 2020. Leurs interrogatoires ont pris fin \u00e0 la mi-avril. Elles ont \u00e9t\u00e9 transf\u00e9r\u00e9es du quartier 209 d&#8217;Evine \u00e0 la prison de Qarchak.<\/p>\n\n\n\n<p>Mme Jabbari a \u00e9t\u00e9 lib\u00e9r\u00e9e sous caution \u00e0 la veille du Nouvel An persan qui est c\u00e9l\u00e9br\u00e9 le 20 mars avec l\u2019arriv\u00e9e du printemps.<\/p>\n\n\n\n<p>Ces prisonniers politiques ont toujours \u00e9t\u00e9 <a href=\"https:\/\/wncri.org\/fr\/2020\/12\/09\/persecution-des-defenseurs-des-droits-humains-et-execution-de-femmes-en-iran\/\" target=\"_blank\" rel=\"noreferrer noopener\">sous la pression des services de s\u00e9curit\u00e9<\/a> et de renseignement \u00e0 Qarchak. Des d\u00e9tenues ordinaires engag\u00e9es par <a href=\"https:\/\/wncri.org\/fr\/2020\/12\/21\/la-nouvelle-directrice-de-la-prison-de-qarchak\/\" target=\"_blank\" rel=\"noreferrer noopener\">la direction de la prison<\/a> les ont attaqu\u00e9es \u00e0 plusieurs reprises.<\/p>\n\n\n\n<p>Forough Taghipour a contract\u00e9 le COVID-19 in Qarchak Prison.<\/p>\n","protected":false},"excerpt":{"rendered":"<p>CNRI Femmes &#8211; La 28e chambre du tribunal r\u00e9volutionnaire de T\u00e9h\u00e9ran s&#8217;est r\u00e9unie le mardi 6 janvier 2021 pour examiner les accusations port\u00e9es contre la prisonni\u00e8re politique Forough Taghipour, 25 ans, et sa m\u00e8re, Nassim Jabbari, 58 ans. Elles ont \u00e9t\u00e9 inculp\u00e9es de &#8220;propagande contre l&#8217;\u00c9tat&#8221;. Le juge qui pr\u00e9sidait le tribunal a menac\u00e9 porter [&hellip;]<\/p>\n","protected":false},"author":4,"featured_media":12602,"comment_status":"closed","ping_status":"closed","sticky":false,"template":"","format":"standard","meta":{"jnews-multi-image_gallery":[],"jnews_single_post":{"subtitle":"","format":"standard","video":"","gallery":"","source_name":"","source_url":"","via_name":"","via_url":"","override":[{"single_blog_custom":"","sidebar":"","second_sidebar":"","share_position":"","share_float_style":"","post_date_format":"","post_date_format_custom":"","post_reading_time_wpm":"","zoom_button_out_step":"1","zoom_button_in_step":"1","number_popup_post":"1"}],"image_override":[{"single_post_thumbnail_size":"","single_post_gallery_size":""}],"trending_post_position":"","trending_post_label":"","sponsored_post_label":"","sponsored_post_name":"","sponsored_post_url":"","sponsored_post_logo":"","sponsored_post_desc":""},"jnews_primary_category":{"id":""},"jnews_social_meta":[],"jnews_override_counter":{"view_counter_number":"0","share_counter_number":"0","like_counter_number":"0","dislike_counter_number":"0"},"footnotes":""},"categories":[3],"tags":[370,376],"class_list":["post-12601","post","type-post","status-publish","format-standard","has-post-thumbnail","hentry","category-infos-des-femmes","tag-prisonnieres","tag-violence-contre-les-femmes"],"_links":{"self":[{"href":"https:\/\/wncri.org\/fr\/wp-json\/wp\/v2\/posts\/12601","targetHints":{"allow":["GET"]}}],"collection":[{"href":"https:\/\/wncri.org\/fr\/wp-json\/wp\/v2\/posts"}],"about":[{"href":"https:\/\/wncri.org\/fr\/wp-json\/wp\/v2\/types\/post"}],"author":[{"embeddable":true,"href":"https:\/\/wncri.org\/fr\/wp-json\/wp\/v2\/users\/4"}],"replies":[{"embeddable":true,"href":"https:\/\/wncri.org\/fr\/wp-json\/wp\/v2\/comments?post=12601"}],"version-history":[{"count":0,"href":"https:\/\/wncri.org\/fr\/wp-json\/wp\/v2\/posts\/12601\/revisions"}],"wp:featuredmedia":[{"embeddable":true,"href":"https:\/\/wncri.org\/fr\/wp-json\/wp\/v2\/media\/12602"}],"wp:attachment":[{"href":"https:\/\/wncri.org\/fr\/wp-json\/wp\/v2\/media?parent=12601"}],"wp:term":[{"taxonomy":"category","embeddable":true,"href":"https:\/\/wncri.org\/fr\/wp-json\/wp\/v2\/categories?post=12601"},{"taxonomy":"post_tag","embeddable":true,"href":"https:\/\/wncri.org\/fr\/wp-json\/wp\/v2\/tags?post=12601"}],"curies":[{"name":"wp","href":"https:\/\/api.w.org\/{rel}","templated":true}]}}