{"id":12561,"date":"2021-01-02T13:15:00","date_gmt":"2021-01-02T12:15:00","guid":{"rendered":"https:\/\/wncri.org\/fr\/?p=12561"},"modified":"2021-01-04T13:21:37","modified_gmt":"2021-01-04T12:21:37","slug":"aucune-nouvelle-de-golrokh-iraee","status":"publish","type":"post","link":"https:\/\/wncri.org\/fr\/2021\/01\/02\/aucune-nouvelle-de-golrokh-iraee\/","title":{"rendered":"Aucune nouvelle de Golrokh Iraee 20 jours apr\u00e8s son transfert forc\u00e9 \u00e0 Evine"},"content":{"rendered":"\n<p>Aucune nouvelle de Golrokh Iraee 20 jours apr\u00e8s son transfert forc\u00e9 \u00e0 Evine<\/p>\n\n\n\n<p> Plus de 20 jours apr\u00e8s son <a href=\"https:\/\/wncri.org\/fr\/2020\/12\/14\/golrokh-iraee-brutalisee\/\" target=\"_blank\" rel=\"noreferrer noopener\">transfert forc\u00e9<\/a> au quartier 2A de la prison d&#8217;Evine, sa famille est sans nouvelles de Golrokh Iraee et de ses conditions de d\u00e9tention.<\/p>\n\n\n\n<p>La famille de Golrokh Iraee est extr\u00eamement inqui\u00e8te pour sa sant\u00e9 et la possibilit\u00e9 de voir la fabrication d&#8217;une nouvelle mise en examen contre elle. Ce stresse a caus\u00e9 \u00e0 sa m\u00e8re une attaque nerveuse qui l\u2019a conduite \u00e0 l\u2019h\u00f4pital o\u00f9 elle est toujours sous observation.<\/p>\n\n\n\n<p>Golrokh Iraee n&#8217;a eu aucun contact ou visite avec sa famille depuis qu&#8217;elle a \u00e9t\u00e9 emmen\u00e9e au centre de d\u00e9tention des services de renseignement des pasdarans dans le quartier 2A de la prison d&#8217;Evine.<\/p>\n\n\n\n<p>Apr\u00e8s des requ\u00eates r\u00e9p\u00e9t\u00e9es de la famille Iraee au tribunal d&#8217;Evine, Amin Vaziri, qui supervise la situation des prisonni\u00e8res politiques, leur a dit : \u00ab&nbsp;L&#8217;\u00e9meute de Qarchak avait \u00e9t\u00e9 organis\u00e9e par Golrokh Iraee et quoi qu&#8217;il lui arrive, elle le m\u00e9rite.&nbsp;\u00bb Il a ajout\u00e9 : \u00ab&nbsp;Pour l&#8217;instant, vous ne devez pas attendre votre fille.&nbsp;\u00bb&nbsp;<\/p>\n\n\n\n<p>Les services de renseignement sont cependant connus pour fabriquer de fausses accusations et d\u00e9poser de nouvelles plaintes contre des d\u00e9tenus sur le point de terminer leur peine.<\/p>\n\n\n\n<p>Le 7 d\u00e9cembre 2020, les services de renseignement <a href=\"https:\/\/wncri.org\/fr\/2020\/12\/09\/la-prisonniere-politique-golrokh-iraee-convoquee-au-quartier-2a-devine\/\" target=\"_blank\" rel=\"noreferrer noopener\">avaient convoqu\u00e9<\/a> Golrokh Iraee au quartier 2A de la prison d&#8217;Evine, sans mentionner de raison.<\/p>\n\n\n\n<p>Aucune nouvelle de Golrokh Iraee 20 jours apr\u00e8s son transfert forc\u00e9 \u00e0 Evine<\/p>\n\n\n\n<p>La prisonni\u00e8re politique, qui \u00e9tait d\u00e9tenue \u00e0 <a href=\"https:\/\/wncri.org\/fr\/2020\/11\/04\/zahra-safai-et-golrokh-iraee\/\" target=\"_blank\" rel=\"noreferrer noopener\">la prison de Qarchak<\/a>, avait qualifi\u00e9 cette mesure d&#8217;ill\u00e9gale et avait refus\u00e9 de se rendre au centre de d\u00e9tention des pasdarans.<\/p>\n\n\n\n<p>Le dimanche 13 d\u00e9cembre, la nouvelle directrice de la prison de Qarchak avait supervis\u00e9 20 gardes anti-\u00e9meutes, hommes et femmes, dans un raid contre le quartier 8 des prisonni\u00e8res politiques. Ils avaient <a href=\"https:\/\/wncri.org\/fr\/2020\/12\/19\/plus-de-details-sur-lattaque\/\" target=\"_blank\" rel=\"noreferrer noopener\">brutalis\u00e9 les d\u00e9tenues<\/a> et les avaient battues avec des pistolets paralysants et des matraques.<\/p>\n\n\n\n<p>Les gardes avaient attrap\u00e9 Golrokh Iraee par les cheveux et l&#8217;avaient tra\u00een\u00e9e hors de la section pour l&#8217;envoyer au quartier 2A des services de renseignement \u00e0 la prison d&#8217;Evine.<\/p>\n\n\n\n<p>Golrolkh Ebrahimi Iraee a \u00e9t\u00e9 emprisonn\u00e9e \u00e0 Evine le 16 octobre 2015, pour avoir \u00e9crit un livre jamais publi\u00e9 contre la lapidation. Pendant son s\u00e9jour en prison, un nouveau dossier a \u00e9t\u00e9 mont\u00e9 contre elle, sur la base duquel elle a \u00e9t\u00e9 condamn\u00e9e \u00e0 une nouvelle peine d&#8217;emprisonnement.<\/p>\n\n\n\n<p>Apr\u00e8s une gr\u00e8ve de la faim de 81 jours, Golrokh Iraee a finalement \u00e9t\u00e9 lib\u00e9r\u00e9e de prison le 8 avril 2019, apr\u00e8s avoir purg\u00e9 sa premi\u00e8re peine. Cependant, elle a d\u00fb verser une caution pour sa nouvelle peine de prison. Peu de temps apr\u00e8s, Mme Iraee a \u00e9t\u00e9 \u00e0 nouveau arr\u00eat\u00e9e et conduite \u00e0 la prison de Qarchak pour y purger une peine de 3 ans et 7 mois de prison.&nbsp;&nbsp;<\/p>\n","protected":false},"excerpt":{"rendered":"<p>Aucune nouvelle de Golrokh Iraee 20 jours apr\u00e8s son transfert forc\u00e9 \u00e0 Evine Plus de 20 jours apr\u00e8s son transfert forc\u00e9 au quartier 2A de la prison d&#8217;Evine, sa famille est sans nouvelles de Golrokh Iraee et de ses conditions de d\u00e9tention. La famille de Golrokh Iraee est extr\u00eamement inqui\u00e8te pour sa sant\u00e9 et la [&hellip;]<\/p>\n","protected":false},"author":4,"featured_media":12562,"comment_status":"closed","ping_status":"closed","sticky":false,"template":"","format":"standard","meta":{"jnews-multi-image_gallery":[],"jnews_single_post":{"subtitle":"","format":"standard","video":"","gallery":"","source_name":"","source_url":"","via_name":"","via_url":"","override":[{"single_blog_custom":"","sidebar":"","second_sidebar":"","share_position":"","share_float_style":"","post_date_format":"","post_date_format_custom":"","post_reading_time_wpm":"","zoom_button_out_step":"1","zoom_button_in_step":"1","number_popup_post":"1"}],"image_override":[{"single_post_thumbnail_size":"","single_post_gallery_size":""}],"trending_post_position":"","trending_post_label":"","sponsored_post_label":"","sponsored_post_name":"","sponsored_post_url":"","sponsored_post_logo":"","sponsored_post_desc":""},"jnews_primary_category":{"id":""},"jnews_social_meta":[],"jnews_override_counter":{"view_counter_number":"0","share_counter_number":"0","like_counter_number":"0","dislike_counter_number":"0"},"footnotes":""},"categories":[3],"tags":[370,376],"class_list":["post-12561","post","type-post","status-publish","format-standard","has-post-thumbnail","hentry","category-infos-des-femmes","tag-prisonnieres","tag-violence-contre-les-femmes"],"_links":{"self":[{"href":"https:\/\/wncri.org\/fr\/wp-json\/wp\/v2\/posts\/12561","targetHints":{"allow":["GET"]}}],"collection":[{"href":"https:\/\/wncri.org\/fr\/wp-json\/wp\/v2\/posts"}],"about":[{"href":"https:\/\/wncri.org\/fr\/wp-json\/wp\/v2\/types\/post"}],"author":[{"embeddable":true,"href":"https:\/\/wncri.org\/fr\/wp-json\/wp\/v2\/users\/4"}],"replies":[{"embeddable":true,"href":"https:\/\/wncri.org\/fr\/wp-json\/wp\/v2\/comments?post=12561"}],"version-history":[{"count":0,"href":"https:\/\/wncri.org\/fr\/wp-json\/wp\/v2\/posts\/12561\/revisions"}],"wp:featuredmedia":[{"embeddable":true,"href":"https:\/\/wncri.org\/fr\/wp-json\/wp\/v2\/media\/12562"}],"wp:attachment":[{"href":"https:\/\/wncri.org\/fr\/wp-json\/wp\/v2\/media?parent=12561"}],"wp:term":[{"taxonomy":"category","embeddable":true,"href":"https:\/\/wncri.org\/fr\/wp-json\/wp\/v2\/categories?post=12561"},{"taxonomy":"post_tag","embeddable":true,"href":"https:\/\/wncri.org\/fr\/wp-json\/wp\/v2\/tags?post=12561"}],"curies":[{"name":"wp","href":"https:\/\/api.w.org\/{rel}","templated":true}]}}