{"id":12542,"date":"2020-12-28T15:09:00","date_gmt":"2020-12-28T14:09:00","guid":{"rendered":"https:\/\/wncri.org\/fr\/?p=12542"},"modified":"2020-12-30T15:50:41","modified_gmt":"2020-12-30T14:50:41","slug":"nejat-anvar-hamidi-se-voit-refuser-un-conge-medical-par-les-services-de-renseignements","status":"publish","type":"post","link":"https:\/\/wncri.org\/fr\/2020\/12\/28\/nejat-anvar-hamidi-se-voit-refuser-un-conge-medical-par-les-services-de-renseignements\/","title":{"rendered":"Nejat Anvar Hamidi se voit refuser un cong\u00e9 m\u00e9dical par les services de renseignements"},"content":{"rendered":"\n<p>Nejat Anvar Hamidi se voit refuser un cong\u00e9 m\u00e9dical par les services de renseignements<\/p>\n\n\n\n<p>CNRI Femmes \u2013 la prisonni\u00e8re politique Nejat Anvar-Hamidi-Karoun, 62 ans, s\u2019est vu refuser un cong\u00e9 m\u00e9dical par les services de renseignements d&#8217;Ahwaz, dans le sud-ouest de l\u2019Iran, malgr\u00e9 son \u00e9tat physique d\u00e9plorable.<\/p>\n\n\n\n<p>Cette d\u00e9tenue politique souffre d&#8217;un dysfonctionnement de la thyro\u00efde, d&#8217;hypertension, d&#8217;un taux \u00e9lev\u00e9 de lipides sanguins, de probl\u00e8mes oculaires et <a href=\"https:\/\/wncri.org\/fr\/2020\/02\/12\/nejat-anvar-hamidi-prisonniere-politique-en-iran-risque-de-perdre-la-vue\/\" target=\"_blank\" rel=\"noreferrer noopener\">risque de perdre la vue<\/a>. Mais les services de renseignements d&#8217;Ahwaz s&#8217;y opposent et bloque son autorisation de sortie m\u00e9dicale.<\/p>\n\n\n\n<p>Nejat Anvar Hamidi se voit refuser un cong\u00e9 m\u00e9dical par les services de renseignements<\/p>\n\n\n\n<p>La semaine derni\u00e8re, une d\u00e9l\u00e9gation judiciaire a visit\u00e9 la prison de Sepidar \u00e0 Ahwaz. L&#8217;un des responsables a d\u00e9clar\u00e9 \u00e0 cette prisonni\u00e8re politique qu&#8217;en raison des charges pesant contre elle, les services de renseignement ne veulent pas lui accorder de cong\u00e9 m\u00e9dical.<\/p>\n\n\n\n<p>Nejat Anvar-Hamidi-Karoun a \u00e9t\u00e9 <a href=\"https:\/\/wncri.org\/fr\/2020\/05\/05\/la-prisonniere-politique-nejat-anvar-hamidi-positive-au-covid19-a-la-prison-de-sepidar\/\" target=\"_blank\" rel=\"noreferrer noopener\">infect\u00e9e par le coronavirus<\/a> en avril 2020. Elle a \u00e9t\u00e9 emprisonn\u00e9e pendant deux ans sans un jour de cong\u00e9 pour traitement m\u00e9dical, malgr\u00e9 ses diff\u00e9rentes maladies graves.<\/p>\n\n\n\n<p>Elle avait \u00e9t\u00e9 arr\u00eat\u00e9e et d\u00e9tenue pendant 2 ans et 4 mois dans les ann\u00e9es 1980 pour avoir soutenu l&#8217;Organisation des Moudjahidine du peuple d&#8217;Iran (OMPI\/MEK), l\u2019opposition d\u00e9mocratique au r\u00e9gime des mollahs.<\/p>\n\n\n\n<p>Elle a \u00e9t\u00e9 arr\u00eat\u00e9e pour la deuxi\u00e8me fois en 2017, avec son mari et sa fille, pour avoir soutenu l&#8217;OMPI\/MEK. Elle a \u00e9t\u00e9 interrog\u00e9e puis condamn\u00e9e \u00e0 5 ans de prison pour &#8220;appartenance \u00e0 des groupes dissidents sur internet&#8221; et pour &#8220;propagande contre l&#8217;Etat&#8221;.<\/p>\n\n\n\n<p>En mars 2018, elle a \u00e9t\u00e9 incarc\u00e9r\u00e9e \u00e0 la prison de Sepidar pour y purger sa peine de 5 ans de prison.<\/p>\n\n\n\n<p>Elle a ensuite \u00e9t\u00e9 inform\u00e9e qu&#8217;elle et son mari, Akbar Mohammadi, <a href=\"https:\/\/wncri.org\/fr\/2020\/10\/17\/prisonniere-politique-nejat\/\" target=\"_blank\" rel=\"noreferrer noopener\">ont \u00e9t\u00e9 condamn\u00e9s \u00e0 15 ans<\/a> de prison suppl\u00e9mentaires pour &#8220;appartenance \u00e0 l&#8217;OMPI\/MEK&#8221; et &#8220;propagande contre l&#8217;\u00c9tat&#8221;. Les accusations ne sont pas diff\u00e9rentes de la premi\u00e8re affaire.<\/p>\n\n\n\n<p>Ils ont fait appel pour la peine de 15 ans et leur cas est examin\u00e9 par la Cour supr\u00eame du r\u00e9gime cl\u00e9rical depuis plusieurs mois.<\/p>\n","protected":false},"excerpt":{"rendered":"<p>Nejat Anvar Hamidi se voit refuser un cong\u00e9 m\u00e9dical par les services de renseignements CNRI Femmes \u2013 la prisonni\u00e8re politique Nejat Anvar-Hamidi-Karoun, 62 ans, s\u2019est vu refuser un cong\u00e9 m\u00e9dical par les services de renseignements d&#8217;Ahwaz, dans le sud-ouest de l\u2019Iran, malgr\u00e9 son \u00e9tat physique d\u00e9plorable. Cette d\u00e9tenue politique souffre d&#8217;un dysfonctionnement de la thyro\u00efde, [&hellip;]<\/p>\n","protected":false},"author":4,"featured_media":12543,"comment_status":"closed","ping_status":"closed","sticky":false,"template":"","format":"standard","meta":{"jnews-multi-image_gallery":[],"jnews_single_post":{"subtitle":"","format":"standard","video":"","gallery":"","source_name":"","source_url":"","via_name":"","via_url":"","override":[{"single_blog_custom":"","sidebar":"","second_sidebar":"","share_position":"","share_float_style":"","post_date_format":"","post_date_format_custom":"","post_reading_time_wpm":"","zoom_button_out_step":"1","zoom_button_in_step":"1","number_popup_post":"1"}],"image_override":[{"single_post_thumbnail_size":"","single_post_gallery_size":""}],"trending_post_position":"","trending_post_label":"","sponsored_post_label":"","sponsored_post_name":"","sponsored_post_url":"","sponsored_post_logo":"","sponsored_post_desc":""},"jnews_primary_category":{"id":""},"jnews_social_meta":[],"jnews_override_counter":{"view_counter_number":"0","share_counter_number":"0","like_counter_number":"0","dislike_counter_number":"0"},"footnotes":""},"categories":[3],"tags":[370],"class_list":["post-12542","post","type-post","status-publish","format-standard","has-post-thumbnail","hentry","category-infos-des-femmes","tag-prisonnieres"],"_links":{"self":[{"href":"https:\/\/wncri.org\/fr\/wp-json\/wp\/v2\/posts\/12542","targetHints":{"allow":["GET"]}}],"collection":[{"href":"https:\/\/wncri.org\/fr\/wp-json\/wp\/v2\/posts"}],"about":[{"href":"https:\/\/wncri.org\/fr\/wp-json\/wp\/v2\/types\/post"}],"author":[{"embeddable":true,"href":"https:\/\/wncri.org\/fr\/wp-json\/wp\/v2\/users\/4"}],"replies":[{"embeddable":true,"href":"https:\/\/wncri.org\/fr\/wp-json\/wp\/v2\/comments?post=12542"}],"version-history":[{"count":0,"href":"https:\/\/wncri.org\/fr\/wp-json\/wp\/v2\/posts\/12542\/revisions"}],"wp:featuredmedia":[{"embeddable":true,"href":"https:\/\/wncri.org\/fr\/wp-json\/wp\/v2\/media\/12543"}],"wp:attachment":[{"href":"https:\/\/wncri.org\/fr\/wp-json\/wp\/v2\/media?parent=12542"}],"wp:term":[{"taxonomy":"category","embeddable":true,"href":"https:\/\/wncri.org\/fr\/wp-json\/wp\/v2\/categories?post=12542"},{"taxonomy":"post_tag","embeddable":true,"href":"https:\/\/wncri.org\/fr\/wp-json\/wp\/v2\/tags?post=12542"}],"curies":[{"name":"wp","href":"https:\/\/api.w.org\/{rel}","templated":true}]}}