{"id":12468,"date":"2020-12-19T18:50:00","date_gmt":"2020-12-19T17:50:00","guid":{"rendered":"https:\/\/wncri.org\/fr\/?p=12468"},"modified":"2020-12-20T18:56:38","modified_gmt":"2020-12-20T17:56:38","slug":"plus-de-details-sur-lattaque","status":"publish","type":"post","link":"https:\/\/wncri.org\/fr\/2020\/12\/19\/plus-de-details-sur-lattaque\/","title":{"rendered":"Plus de d\u00e9tails sur l&#8217;attaque contre les prisonni\u00e8res politiques \u00e0 la prison de Qarchak"},"content":{"rendered":"\n<p>Plus de d\u00e9tails sur l&#8217;attaque contre les prisonni\u00e8res politiques \u00e0 la prison de Qarchak<\/p>\n\n\n\n<p>CNRI Femmes &#8211; Plus de d\u00e9tails ont \u00e9t\u00e9 publi\u00e9s sur l&#8217;attaque contre les prisonni\u00e8res politiques \u00e0 la prison de Qarchak, le dimanche 13 d\u00e9cembre 2020.<\/p>\n\n\n\n<p>Selon ces informations, au moins 20 gardiens, hommes et femmes, ont accompagn\u00e9 la nouvelle directrice de Qarchak, Soghra Khodadadi, pour lancer une attaque contre les prisonni\u00e8res politiques d\u00e9tenues dans le quartier 8 de la prison de Qarchak.<\/p>\n\n\n\n<p>Le raid des gardes anti-\u00e9meute a eu lieu \u00e0 l&#8217;heure du d\u00e9jeuner, alors que la tenue vestimentaire des prisonni\u00e8res n\u2019\u00e9tait pas celle pour \u00eatre vue par des hommes. Parmi les gardiennes impliqu\u00e9es dans cette attaque, figurent Samira Ilkhani, Khoshraftar, Karami et Gharegozlou. Les gardes anti-\u00e9meute ont brutalis\u00e9 toutes les d\u00e9tenues du quartier 8 \u00e0 coups de matraque et de pistolet paralysant.<\/p>\n\n\n\n<p>Dans ce raid violent, <a href=\"https:\/\/wncri.org\/fr\/2020\/09\/02\/appel-a-une-action-urgente-pour-sauver-les-prisonnieres-politiques-a-qarchak\/\" target=\"_blank\" rel=\"noreferrer noopener\">Zahra Safa\u2019i, Parastou Mo\u00efni, Forough Taghipour<\/a>, Golrokh Ebrahimi Iraee, et plusieurs autres prisonni\u00e8res politiques ont \u00e9t\u00e9 gravement bless\u00e9es.<\/p>\n\n\n\n<p>La prisonni\u00e8re politique Zahra Safa\u2019i a \u00e9t\u00e9 frapp\u00e9e \u00e0 la t\u00eate \u00e0 coups de matraques. Ses avant-bras sont meurtris de partout.<\/p>\n\n\n\n<p>Parastou Mo\u00efni qui \u00e9tait all\u00e9e aider Golrokh Iraee et sa m\u00e8re, Zahra Safa\u2019i, a \u00e9t\u00e9 attrap\u00e9e par les cheveux et tra\u00een\u00e9e sur le sol. Les gardiens ont tent\u00e9 de la sortir du quartier, mais d&#8217;autres prisonni\u00e8res sont intervenus et l&#8217;ont lib\u00e9r\u00e9e des griffes des gardiens. Parastou Mo\u00efni a \u00e9galement \u00e9t\u00e9 bless\u00e9e aux deux mollets. Elle ressent \u00e9galement une douleur \u00e0 la poitrine due au fait qu&#8217;elle a \u00e9t\u00e9 touch\u00e9e par des pistolets paralysants.<\/p>\n\n\n\n<p>Les gardiens de prison ont \u00e9galement retenu la prisonni\u00e8re politique <a href=\"https:\/\/wncri.org\/fr\/2020\/09\/15\/les-prisonnieres-politiques-de-la-prison-de-qarchak-attaquees-a-leau-bouillante\/\" target=\"_blank\" rel=\"noreferrer noopener\">Forough Taghipour<\/a> par les mains et les pieds et l&#8217;ont projet\u00e9e d&#8217;un c\u00f4t\u00e9 de la cellule \u00e0 l&#8217;autre.<\/p>\n\n\n\n<p>Marzieh Farsi, qui \u00e9tait malade et sous la surveillance d&#8217;un m\u00e9decin, a \u00e9galement \u00e9t\u00e9 bless\u00e9e \u00e0 la poitrine suite aux passages \u00e0 tabac par les gardiens.<\/p>\n\n\n\n<p><a href=\"https:\/\/wncri.org\/fr\/2020\/11\/10\/24-ans-de-prison\/\" target=\"_blank\" rel=\"noreferrer noopener\">Saba Kordafshari<\/a> a \u00e9t\u00e9 bless\u00e9 aux dents, et son \u00e9paule et son dos sont meurtris.<\/p>\n\n\n\n<p>Maryam Ebrahimvand, une autre d\u00e9tenue de cette unit\u00e9, a \u00e9t\u00e9 bless\u00e9e au mollet gauche et a eu le dos meurtri.<\/p>\n\n\n\n<p>Les gardiens ont aussi durement brutalis\u00e9 <a href=\"https:\/\/wncri.org\/fr\/2020\/12\/14\/golrokh-iraee-brutalisee\/\" target=\"_blank\" rel=\"noreferrer noopener\">Golrokh Ebrahimi Iraee<\/a> pour finalement la tra\u00eener de force hors du quartier et la transf\u00e9rer au quartier 2A de la prison d&#8217;Evine.<\/p>\n\n\n\n<p>Des informations indiquent que les t\u00e9l\u00e9phones du quartier 8 ont \u00e9t\u00e9 d\u00e9connect\u00e9s de samedi \u00e0 mardi, afin d&#8217;\u00e9viter que la nouvelle de cette attaque sur les prisonni\u00e8res politiques ne se r\u00e9pande.<\/p>\n\n\n\n<p>Les familles des d\u00e9tenues se sont rendues en personne \u00e0 la prison pour obtenir des nouvelles de leurs proches, mais on leur a dit \u00e0 tort que ces derni\u00e8res ne voulaient pas avoir de visites.<\/p>\n\n\n\n<p>Lors de la descente des gardiens dans le quartier 8, les prisonni\u00e8res des autres quartiers ont frapp\u00e9 sur les murs en scandant \u00ab&nbsp;A bas le dictateur&nbsp;\u00bb.<\/p>\n\n\n\n<p>Suite \u00e0 cette attaque au quartier 8, aucun soin m\u00e9dical n&#8217;a \u00e9t\u00e9 fourni aux d\u00e9tenues qui ont \u00e9t\u00e9 gravement bless\u00e9es.<\/p>\n\n\n\n<p>Political prisoners Zahra Safaei, Parastou Mo\u2019ini, Forough Taghipour, Marzieh Farsi, Maryam Nassiri, Saba Kord Afshari, <a href=\"https:\/\/wncri.org\/fr\/2020\/12\/10\/deux-militantes-arretees-en-iran-et-deux-prisonnieres-transferees-a-qarchak\/\" target=\"_blank\" rel=\"noreferrer noopener\">Mojgan Keshavarz, Sepideh Farhan<\/a>, et les manifestantes du soul\u00e8vement de novembre 2019 Mojgan Eskandari, Samira Hadian, Zohreh Sarv, Parizad Hamidi Shafaq, Raha Ahmadi, Sara Amjad et Shaqayeq Zamanian sont d\u00e9tenues dans le quartier 8 de la\u00a0 <a href=\"https:\/\/wncri.org\/fr\/2020\/04\/20\/regard-sur-la-situation-tragique-a-la-prison-pour-femmes-de-qarchak-en-iran\/\" target=\"_blank\" rel=\"noreferrer noopener\">prison de Qarchak <\/a>\u00a0avec des prisonni\u00e8res de droit commune en violation du principe de la s\u00e9paration des cat\u00e9gories de d\u00e9lits.<\/p>\n\n\n\n<p>La nouvelle directrice de la prison de Qarchak, Soghra Khodadadi, a augment\u00e9 la pression sur les prisonni\u00e8res politiques depuis son entr\u00e9e en fonction. Sur son ordre, les autorit\u00e9s de la prison ont pris le cadavre d&#8217;un mort de la guerre Iran-Irak et l&#8217;ont exhib\u00e9 tout autour de la prison le 18 d\u00e9cembre. Elles ont \u00e9galement affich\u00e9 des photos des morts de guerre sur les murs du couloir principal et organis\u00e9 une c\u00e9r\u00e9monie \u00e0 laquelle le personnel de la prison a particip\u00e9.<\/p>\n","protected":false},"excerpt":{"rendered":"<p>Plus de d\u00e9tails sur l&#8217;attaque contre les prisonni\u00e8res politiques \u00e0 la prison de Qarchak CNRI Femmes &#8211; Plus de d\u00e9tails ont \u00e9t\u00e9 publi\u00e9s sur l&#8217;attaque contre les prisonni\u00e8res politiques \u00e0 la prison de Qarchak, le dimanche 13 d\u00e9cembre 2020. Selon ces informations, au moins 20 gardiens, hommes et femmes, ont accompagn\u00e9 la nouvelle directrice de [&hellip;]<\/p>\n","protected":false},"author":4,"featured_media":12469,"comment_status":"closed","ping_status":"closed","sticky":false,"template":"","format":"standard","meta":{"jnews-multi-image_gallery":[],"jnews_single_post":{"subtitle":"","format":"standard","video":"","gallery":"","source_name":"","source_url":"","via_name":"","via_url":"","override":[{"single_blog_custom":"","sidebar":"","second_sidebar":"","share_position":"","share_float_style":"","post_date_format":"","post_date_format_custom":"","post_reading_time_wpm":"","zoom_button_out_step":"1","zoom_button_in_step":"1","number_popup_post":"1"}],"image_override":[{"single_post_thumbnail_size":"","single_post_gallery_size":""}],"trending_post_position":"","trending_post_label":"","sponsored_post_label":"","sponsored_post_name":"","sponsored_post_url":"","sponsored_post_logo":"","sponsored_post_desc":""},"jnews_primary_category":{"id":""},"jnews_social_meta":[],"jnews_override_counter":{"view_counter_number":"0","share_counter_number":"0","like_counter_number":"0","dislike_counter_number":"0"},"footnotes":""},"categories":[3],"tags":[370,376],"class_list":["post-12468","post","type-post","status-publish","format-standard","has-post-thumbnail","hentry","category-infos-des-femmes","tag-prisonnieres","tag-violence-contre-les-femmes"],"_links":{"self":[{"href":"https:\/\/wncri.org\/fr\/wp-json\/wp\/v2\/posts\/12468","targetHints":{"allow":["GET"]}}],"collection":[{"href":"https:\/\/wncri.org\/fr\/wp-json\/wp\/v2\/posts"}],"about":[{"href":"https:\/\/wncri.org\/fr\/wp-json\/wp\/v2\/types\/post"}],"author":[{"embeddable":true,"href":"https:\/\/wncri.org\/fr\/wp-json\/wp\/v2\/users\/4"}],"replies":[{"embeddable":true,"href":"https:\/\/wncri.org\/fr\/wp-json\/wp\/v2\/comments?post=12468"}],"version-history":[{"count":0,"href":"https:\/\/wncri.org\/fr\/wp-json\/wp\/v2\/posts\/12468\/revisions"}],"wp:featuredmedia":[{"embeddable":true,"href":"https:\/\/wncri.org\/fr\/wp-json\/wp\/v2\/media\/12469"}],"wp:attachment":[{"href":"https:\/\/wncri.org\/fr\/wp-json\/wp\/v2\/media?parent=12468"}],"wp:term":[{"taxonomy":"category","embeddable":true,"href":"https:\/\/wncri.org\/fr\/wp-json\/wp\/v2\/categories?post=12468"},{"taxonomy":"post_tag","embeddable":true,"href":"https:\/\/wncri.org\/fr\/wp-json\/wp\/v2\/tags?post=12468"}],"curies":[{"name":"wp","href":"https:\/\/api.w.org\/{rel}","templated":true}]}}