{"id":12463,"date":"2020-12-18T16:59:00","date_gmt":"2020-12-18T15:59:00","guid":{"rendered":"https:\/\/wncri.org\/fr\/?p=12463"},"modified":"2020-12-19T17:02:43","modified_gmt":"2020-12-19T16:02:43","slug":"une-femme-executee","status":"publish","type":"post","link":"https:\/\/wncri.org\/fr\/2020\/12\/18\/une-femme-executee\/","title":{"rendered":"Une femme ex\u00e9cut\u00e9e \u00e0 la prison de Sepidar ; la 110\u00e8me femme ex\u00e9cut\u00e9e sous Rohani"},"content":{"rendered":"\n<p>CNRI Femmes &#8211; Une femme a \u00e9t\u00e9 ex\u00e9cut\u00e9e \u00e0 la prison de Sepidar d\u2019Ahwaz, capitale de la province du Khouzistan, dans le sud-ouest de l\u2019Iran. C&#8217;est la 110\u00e8me femme ex\u00e9cut\u00e9e sous le mandat de Rohani, pr\u00e9sident des mollahs misogyne.<\/p>\n\n\n\n<p>Des informations de l&#8217;int\u00e9rieur de la prison de Sepidar indiquent qu&#8217;une des femmes emprisonn\u00e9es dans cette prison a \u00e9t\u00e9 ex\u00e9cut\u00e9e au d\u00e9but de la semaine. Le nom de la femme n&#8217;a pas \u00e9t\u00e9 pr\u00e9cis\u00e9.<\/p>\n\n\n\n<p>Les informations pr\u00e9cisent que la femme ex\u00e9cut\u00e9e travaillait comme soignante pour les personnes malades. Sa patiente est morte pour une raison inconnue, et elle a \u00e9t\u00e9 accus\u00e9e de meurtre et condamn\u00e9e \u00e0 mort.<\/p>\n\n\n\n<p>Sa condamnation \u00e0 mort a \u00e9t\u00e9 ex\u00e9cut\u00e9e il y a plusieurs jours \u00e0 la prison de Sepidar \u00e0 Ahwaz.<\/p>\n\n\n\n<p>Il s&#8217;agit de la 110\u00e8me femme ex\u00e9cut\u00e9e sous le mandat de Hassan Rohani pr\u00e9sident du r\u00e9gime cl\u00e9rical.<\/p>\n\n\n\n<h3 class=\"wp-block-heading\">Record d\u2019ex\u00e9cutions dans le monde<\/h3>\n\n\n\n<p>Plus de 4300 personnes ont \u00e9t\u00e9 ex\u00e9cut\u00e9es en Iran sous la pr\u00e9sidence de Rohani. Parmi elles, 110 femmes.<\/p>\n\n\n\n<p>Le nombre r\u00e9el d&#8217;ex\u00e9cutions, et en particulier de femmes, est beaucoup plus \u00e9lev\u00e9. Le r\u00e9gime cl\u00e9rical proc\u00e8de \u00e0 la plupart des ex\u00e9cutions en secret et hors de la vue du public. Aucun t\u00e9moin n&#8217;est pr\u00e9sent au moment de l&#8217;ex\u00e9cution sauf ceux qui la pratiquent.<\/p>\n\n\n\n<p>L&#8217;Iran d\u00e9tient le record <a href=\"https:\/\/wncri.org\/fr\/2020\/10\/08\/la-peine-de-mort-en-iran\/\" target=\"_blank\" rel=\"noreferrer noopener\">des ex\u00e9cutions dans le monde<\/a> avec le plus grand nombre de citoyens ex\u00e9cut\u00e9s par habitant. L&#8217;Iran d\u00e9tient \u00e9galement le record mondial des ex\u00e9cutions de femmes. Ces pendaisons sont cruellement injustes.<\/p>\n\n\n\n<p>La commission des Femmes du CNRI a pr\u00e9c\u00e9demment not\u00e9 que de nombreuses femmes condamn\u00e9es pour meurtre en Iran sont victimes de violence domestique. Elles ont tu\u00e9 en \u00e9tat de l\u00e9gitime d\u00e9fense.<\/p>\n\n\n\n<p>La commission des Femmes du CNRI a publi\u00e9 <a href=\"https:\/\/wncri.org\/fr\/2020\/01\/20\/93-femmes-executees-en-iran-sous-rohani\/\" target=\"_blank\" rel=\"noreferrer noopener\">une liste des femmes<\/a> ex\u00e9cut\u00e9es sous le mandat de Rohani. Ces informations sont bas\u00e9es sur faits publi\u00e9s dans les m\u00e9dias publics en Iran et d&#8217;autres sources fiables \u00e0 l&#8217;int\u00e9rieur du pays.<\/p>\n\n\n\n<p>La R\u00e9sistance iranienne appelle \u00e0 <a href=\"http:\/\/maryam-rajavi.com\/fr\/points-de-vue\/abolition-peine-mort-iran\" target=\"_blank\" rel=\"noreferrer noopener\">l&#8217;abolition de la peine de mort<\/a> en Iran.<\/p>\n","protected":false},"excerpt":{"rendered":"<p>CNRI Femmes &#8211; Une femme a \u00e9t\u00e9 ex\u00e9cut\u00e9e \u00e0 la prison de Sepidar d\u2019Ahwaz, capitale de la province du Khouzistan, dans le sud-ouest de l\u2019Iran. C&#8217;est la 110\u00e8me femme ex\u00e9cut\u00e9e sous le mandat de Rohani, pr\u00e9sident des mollahs misogyne. Des informations de l&#8217;int\u00e9rieur de la prison de Sepidar indiquent qu&#8217;une des femmes emprisonn\u00e9es dans cette [&hellip;]<\/p>\n","protected":false},"author":4,"featured_media":12464,"comment_status":"closed","ping_status":"closed","sticky":false,"template":"","format":"standard","meta":{"jnews-multi-image_gallery":[],"jnews_single_post":{"subtitle":"","format":"standard","video":"","gallery":"","source_name":"","source_url":"","via_name":"","via_url":"","override":[{"single_blog_custom":"","sidebar":"","second_sidebar":"","share_position":"","share_float_style":"","post_date_format":"","post_date_format_custom":"","post_reading_time_wpm":"","zoom_button_out_step":"1","zoom_button_in_step":"1","number_popup_post":"1"}],"image_override":[{"single_post_thumbnail_size":"","single_post_gallery_size":""}],"trending_post_position":"","trending_post_label":"","sponsored_post_label":"","sponsored_post_name":"","sponsored_post_url":"","sponsored_post_logo":"","sponsored_post_desc":""},"jnews_primary_category":{"id":""},"jnews_social_meta":[],"jnews_override_counter":{"view_counter_number":"0","share_counter_number":"0","like_counter_number":"0","dislike_counter_number":"0"},"footnotes":""},"categories":[3],"tags":[367,376],"class_list":["post-12463","post","type-post","status-publish","format-standard","has-post-thumbnail","hentry","category-infos-des-femmes","tag-execution","tag-violence-contre-les-femmes"],"_links":{"self":[{"href":"https:\/\/wncri.org\/fr\/wp-json\/wp\/v2\/posts\/12463","targetHints":{"allow":["GET"]}}],"collection":[{"href":"https:\/\/wncri.org\/fr\/wp-json\/wp\/v2\/posts"}],"about":[{"href":"https:\/\/wncri.org\/fr\/wp-json\/wp\/v2\/types\/post"}],"author":[{"embeddable":true,"href":"https:\/\/wncri.org\/fr\/wp-json\/wp\/v2\/users\/4"}],"replies":[{"embeddable":true,"href":"https:\/\/wncri.org\/fr\/wp-json\/wp\/v2\/comments?post=12463"}],"version-history":[{"count":0,"href":"https:\/\/wncri.org\/fr\/wp-json\/wp\/v2\/posts\/12463\/revisions"}],"wp:featuredmedia":[{"embeddable":true,"href":"https:\/\/wncri.org\/fr\/wp-json\/wp\/v2\/media\/12464"}],"wp:attachment":[{"href":"https:\/\/wncri.org\/fr\/wp-json\/wp\/v2\/media?parent=12463"}],"wp:term":[{"taxonomy":"category","embeddable":true,"href":"https:\/\/wncri.org\/fr\/wp-json\/wp\/v2\/categories?post=12463"},{"taxonomy":"post_tag","embeddable":true,"href":"https:\/\/wncri.org\/fr\/wp-json\/wp\/v2\/tags?post=12463"}],"curies":[{"name":"wp","href":"https:\/\/api.w.org\/{rel}","templated":true}]}}