{"id":12460,"date":"2020-12-18T16:50:00","date_gmt":"2020-12-18T15:50:00","guid":{"rendered":"https:\/\/wncri.org\/fr\/?p=12460"},"modified":"2020-12-19T16:58:18","modified_gmt":"2020-12-19T15:58:18","slug":"refus-de-soins-medicaux","status":"publish","type":"post","link":"https:\/\/wncri.org\/fr\/2020\/12\/18\/refus-de-soins-medicaux\/","title":{"rendered":"Refus de soins m\u00e9dicaux aux d\u00e9tenues des prisons de Kachouii et de Sepidar"},"content":{"rendered":"\n<h2 class=\"wp-block-heading\"><em>Une prisonni\u00e8re meurt dans la prison de Sepidar apr\u00e8s avoir \u00e9t\u00e9 abandonn\u00e9e sans traitement<\/em><\/h2>\n\n\n\n<p>Refus de soins m\u00e9dicaux aux d\u00e9tenues des prisons de Kachouii et de Sepidar<\/p>\n\n\n\n<p> L&#8217;une des pratiques courantes du r\u00e9gime cl\u00e9rical est le refus de soins m\u00e9dicaux aux prisonniers, et en particulier aux prisonniers politiques.<\/p>\n\n\n\n<p>Les rapports de la prison de Kachou\u2019i \u00e0 Karaj et de la <a href=\"https:\/\/wncri.org\/fr\/2020\/09\/10\/situation-tragique-des-femmes-a-la-prison-sepidar-dahwaz\/\" target=\"_blank\" rel=\"noreferrer noopener\">prison de Sepidar<\/a> \u00e0 Ahwaz indiquent deux nouveaux cas de refus de traitement m\u00e9dical \u00e0 des prisonni\u00e8res politiques. Dans le dernier cas, cela a entra\u00een\u00e9 la mort d\u2019une prisonni\u00e8re.<\/p>\n\n\n\n<p>Selon des informations de la prison Sepidar d&#8217;Ahwaz, dans la province du Khouzistan, une prisonni\u00e8re, identifi\u00e9e uniquement par son nom Neissi, a \u00e9t\u00e9 transf\u00e9r\u00e9e en quarantaine dans la nuit du lundi 14 d\u00e9cembre. Elle hurlait de douleur et suppliait d&#8217;\u00eatre emmen\u00e9e dans un h\u00f4pital municipal. Mais les gardiens et les autorit\u00e9s de la prison ne l&#8217;ont pas fait et l&#8217;ont abandonn\u00e9e dans le service sans s&#8217;occuper d&#8217;elle. Elle est donc d\u00e9c\u00e9d\u00e9e le mardi 15 d\u00e9cembre au matin.<\/p>\n\n\n\n<p>Dans un autre cas, \u00e0 la <a href=\"https:\/\/wncri.org\/fr\/2020\/02\/17\/les-conditions-de-vie-des-femmes-a-la-prison-agahi-de-karadj-et-a-la-prison-de-kachoui\/\" target=\"_blank\" rel=\"noreferrer noopener\">prison de Kachoui<\/a>, \u00e0 Karadj, les autorit\u00e9s p\u00e9nitentiaires ont refus\u00e9 de prendre des mesures concernant un test urgent pour Monireh Arabshahi qui a des difficult\u00e9s \u00e0 respirer en raison du gonflement de sa gorge.<\/p>\n\n\n\n<p>Le 13 d\u00e9cembre 2020, un m\u00e9decin sp\u00e9cialiste de la prison de Kachoui a ordonn\u00e9 qu&#8217;un test soit effectu\u00e9 dans les 48 heures. Ce test n&#8217;a toujours pas \u00e9t\u00e9 effectu\u00e9 six jours apr\u00e8s.<\/p>\n\n\n\n<p>Monireh Arabshahi doit subir un scanner de la glande thyro\u00efde et \u00eatre op\u00e9r\u00e9e selon le diagnostic du m\u00e9decin, mais elle a \u00e9t\u00e9 priv\u00e9e des soins m\u00e9dicaux dont elle a besoin.<\/p>\n\n\n\n<p><a href=\"https:\/\/wncri.org\/fr\/2020\/10\/22\/les-autorites-devine\/\" target=\"_blank\" rel=\"noreferrer noopener\">Monireh Arabshahi et sa fille, Yasaman Aryani<\/a>, sont emprisonn\u00e9es pour s&#8217;\u00eatre oppos\u00e9es au port obligatoire du voile. Elles purgent leur peine de 5 ans et 6 mois.<\/p>\n\n\n\n<p>Yasaman Ayrani a \u00e9t\u00e9 test\u00e9e positive au COVID-19. Elle a \u00e9t\u00e9 isol\u00e9e et abandonn\u00e9e avec plusieurs autres d\u00e9tenues sans recevoir de soins m\u00e9dicaux.<\/p>\n\n\n\n<p>Cette m\u00e8re et sa fille sont priv\u00e9es d\u2019autoirisation de sortie parce que les autorit\u00e9s de la prison d&#8217;Evine n&#8217;ont pas encore transf\u00e9r\u00e9 leurs dossiers \u00e0 celle de Kachoui.<\/p>\n\n\n\n<p>La 28e branche du tribunal r\u00e9volutionnaire de T\u00e9h\u00e9ran a condamn\u00e9 Monireh Arabshahi et sa fille, Yasaman Aryani, \u00e0 16 ans de prison chacune, pour \u00ab&nbsp;rassemblement et collusion contre la s\u00e9curit\u00e9 nationale, propagande contre l&#8217;\u00c9tat, et encouragement \u00e0 la corruption et \u00e0 la prostitution&nbsp;\u00bb. La Cour de r\u00e9vision a commu\u00e9 leur peine \u00e0 9 ans et 7 mois, dont 5 ans et 6 mois seront appliqu\u00e9s pour chacune d&#8217;entre elles.<\/p>\n","protected":false},"excerpt":{"rendered":"<p>Une prisonni\u00e8re meurt dans la prison de Sepidar apr\u00e8s avoir \u00e9t\u00e9 abandonn\u00e9e sans traitement Refus de soins m\u00e9dicaux aux d\u00e9tenues des prisons de Kachouii et de Sepidar L&#8217;une des pratiques courantes du r\u00e9gime cl\u00e9rical est le refus de soins m\u00e9dicaux aux prisonniers, et en particulier aux prisonniers politiques. Les rapports de la prison de Kachou\u2019i [&hellip;]<\/p>\n","protected":false},"author":4,"featured_media":12461,"comment_status":"closed","ping_status":"closed","sticky":false,"template":"","format":"standard","meta":{"jnews-multi-image_gallery":[],"jnews_single_post":{"subtitle":"","format":"standard","video":"","gallery":"","source_name":"","source_url":"","via_name":"","via_url":"","override":[{"single_blog_custom":"","sidebar":"","second_sidebar":"","share_position":"","share_float_style":"","post_date_format":"","post_date_format_custom":"","post_reading_time_wpm":"","zoom_button_out_step":"1","zoom_button_in_step":"1","number_popup_post":"1"}],"image_override":[{"single_post_thumbnail_size":"","single_post_gallery_size":""}],"trending_post_position":"","trending_post_label":"","sponsored_post_label":"","sponsored_post_name":"","sponsored_post_url":"","sponsored_post_logo":"","sponsored_post_desc":""},"jnews_primary_category":{"id":""},"jnews_social_meta":[],"jnews_override_counter":{"view_counter_number":"0","share_counter_number":"0","like_counter_number":"0","dislike_counter_number":"0"},"footnotes":""},"categories":[3],"tags":[370,376],"class_list":["post-12460","post","type-post","status-publish","format-standard","has-post-thumbnail","hentry","category-infos-des-femmes","tag-prisonnieres","tag-violence-contre-les-femmes"],"_links":{"self":[{"href":"https:\/\/wncri.org\/fr\/wp-json\/wp\/v2\/posts\/12460","targetHints":{"allow":["GET"]}}],"collection":[{"href":"https:\/\/wncri.org\/fr\/wp-json\/wp\/v2\/posts"}],"about":[{"href":"https:\/\/wncri.org\/fr\/wp-json\/wp\/v2\/types\/post"}],"author":[{"embeddable":true,"href":"https:\/\/wncri.org\/fr\/wp-json\/wp\/v2\/users\/4"}],"replies":[{"embeddable":true,"href":"https:\/\/wncri.org\/fr\/wp-json\/wp\/v2\/comments?post=12460"}],"version-history":[{"count":0,"href":"https:\/\/wncri.org\/fr\/wp-json\/wp\/v2\/posts\/12460\/revisions"}],"wp:featuredmedia":[{"embeddable":true,"href":"https:\/\/wncri.org\/fr\/wp-json\/wp\/v2\/media\/12461"}],"wp:attachment":[{"href":"https:\/\/wncri.org\/fr\/wp-json\/wp\/v2\/media?parent=12460"}],"wp:term":[{"taxonomy":"category","embeddable":true,"href":"https:\/\/wncri.org\/fr\/wp-json\/wp\/v2\/categories?post=12460"},{"taxonomy":"post_tag","embeddable":true,"href":"https:\/\/wncri.org\/fr\/wp-json\/wp\/v2\/tags?post=12460"}],"curies":[{"name":"wp","href":"https:\/\/api.w.org\/{rel}","templated":true}]}}