{"id":12457,"date":"2020-12-17T11:49:00","date_gmt":"2020-12-17T10:49:00","guid":{"rendered":"https:\/\/wncri.org\/fr\/?p=12457"},"modified":"2022-09-06T00:08:16","modified_gmt":"2022-09-05T22:08:16","slug":"afsaneh-azimzadeh","status":"publish","type":"post","link":"https:\/\/wncri.org\/fr\/2020\/12\/17\/afsaneh-azimzadeh\/","title":{"rendered":"Deux militantes des droits Afsaneh Azimzadeh et Shohreh Hosseini arr\u00eat\u00e9es en Iran"},"content":{"rendered":"\n<p>CNRI Femmes Afsaneh Azimzadeh, une militante des droits de l&#8217;enfant, et Shohreh Hosseini, une militante des droits civils et interpr\u00e8te, ont \u00e9t\u00e9 arbitrairement arr\u00eat\u00e9es \u00e0 T\u00e9h\u00e9ran.<\/p>\n\n\n\n<p>Des agents des services de renseignement ont arr\u00eat\u00e9 la militante des droits de l&#8217;enfant Afsaneh Azimzadeh le 14 d\u00e9cembre 2020 et l&#8217;ont emmen\u00e9e dans un lieu inconnu.<\/p>\n\n\n\n<p>Mme Azimzadeh a \u00e9t\u00e9 arr\u00eat\u00e9e \u00e0 l&#8217;h\u00f4pital Milad de T\u00e9h\u00e9ran alors qu&#8217;elle suivait la maladie cardiaque de sa m\u00e8re. Elle a \u00e9t\u00e9 arr\u00eat\u00e9e devant ses parents.<\/p>\n\n\n\n<p>Afsaneh Azimzadeh est l&#8217;un des fondateurs de l&#8217;Association pour <a href=\"https:\/\/wncri.org\/fr\/2020\/09\/19\/la-tragedie-amere-des-enfants-au-travail-une-consequence-de-la-pauvrete-en-iran\/\" target=\"_blank\" rel=\"noreferrer noopener\">la d\u00e9fense des enfants<\/a> travailleurs et des enfants des rues depuis 2004. Elle est active depuis plus de 15 ans dans l&#8217;\u00e9ducation et l&#8217;assistance aux enfants travailleurs en Iran.<\/p>\n\n\n\n<p>Shohreh Hosseini, interpr\u00e8te et militante des droits civiques, a \u00e9t\u00e9 arr\u00eat\u00e9e le 28 novembre 2020, apr\u00e8s s&#8217;\u00eatre pr\u00e9sent\u00e9e au tribunal de la sinistre prison d&#8217;Evine. Le tribunal avait augment\u00e9 sa caution et elle a \u00e9t\u00e9 incarc\u00e9r\u00e9e \u00e0 Evine, o\u00f9 elle est d\u00e9tenue depuis.<\/p>\n\n\n\n<p>Les autorit\u00e9s de la prison d&#8217;Evine ont rejet\u00e9 sa demande de d\u00e9p\u00f4t de caution et de lib\u00e9ration. L&#8217;interrogateur de Mme Hosseini s&#8217;est abstenu d&#8217;accepter de la lib\u00e9rer sous caution, bien qu&#8217;une caution ait \u00e9t\u00e9 fix\u00e9e pour elle depuis le 30 novembre.<\/p>\n\n\n\n<p>Lors d&#8217;un bref appel t\u00e9l\u00e9phonique \u00e0 sa famille la semaine derni\u00e8re, Shohreh Hosseini a d\u00e9clar\u00e9 qu&#8217;elle devrait rester en prison jusqu&#8217;\u00e0 la tenue de son proc\u00e8s.<\/p>\n\n\n\n<p>Des agents des services de renseignement des pasdarans ont arr\u00eat\u00e9 Shohreh Hosseini le 2 octobre 2020 et l&#8217;ont d\u00e9tenue dans leur centre de d\u00e9tention au <a href=\"https:\/\/wncri.org\/fr\/2020\/07\/06\/le-quartier-des-femmes-de-la-prison-devine-conditions-inhumaines-en-pandemie\/\" target=\"_blank\" rel=\"noreferrer noopener\">quartier 2A de la prison d&#8217;Evine<\/a>. Elle a \u00e9t\u00e9 temporairement lib\u00e9r\u00e9e le 6 octobre, moyennant une caution de 500 millions de tomans, jusqu&#8217;\u00e0 ce que les poursuites judiciaires soient termin\u00e9es.<\/p>\n\n\n\n<p>Le 28 novembre 2020, elle a de nouveau \u00e9t\u00e9 convoqu\u00e9e \u00e0 la deuxi\u00e8me section d&#8217;interrogatoire du <a href=\"https:\/\/fr.wikipedia.org\/wiki\/Evin_(prison)\" target=\"_blank\" rel=\"noreferrer noopener nofollow\">tribunal d&#8217;Evine<\/a>. Lors de son arriv\u00e9e au tribunal, elle a \u00e9t\u00e9 inform\u00e9e que sa caution avait \u00e9t\u00e9 port\u00e9e \u00e0 1 milliard de tomans. Elle a \u00e9t\u00e9 imm\u00e9diatement arr\u00eat\u00e9e et incarc\u00e9r\u00e9e.<\/p>\n\n\n\n<p>Mme Hosseini est accus\u00e9e de coop\u00e9rer avec un groupe d&#8217;opposition et de diffuser de la propagande contre l&#8217;\u00c9tat.<\/p>\n","protected":false},"excerpt":{"rendered":"<p>CNRI Femmes Afsaneh Azimzadeh, une militante des droits de l&#8217;enfant, et Shohreh Hosseini, une militante des droits civils et interpr\u00e8te, ont \u00e9t\u00e9 arbitrairement arr\u00eat\u00e9es \u00e0 T\u00e9h\u00e9ran. Des agents des services de renseignement ont arr\u00eat\u00e9 la militante des droits de l&#8217;enfant Afsaneh Azimzadeh le 14 d\u00e9cembre 2020 et l&#8217;ont emmen\u00e9e dans un lieu inconnu. Mme Azimzadeh [&hellip;]<\/p>\n","protected":false},"author":4,"featured_media":12458,"comment_status":"closed","ping_status":"closed","sticky":false,"template":"","format":"standard","meta":{"jnews-multi-image_gallery":[],"jnews_single_post":{"subtitle":"","format":"standard","video":"","gallery":"","source_name":"","source_url":"","via_name":"","via_url":"","override_template":"0","override":[{"template":"7","single_blog_custom":"","parallax":"1","fullscreen":"1","layout":"right-sidebar","sidebar":"","second_sidebar":"","sticky_sidebar":"1","share_position":"","share_float_style":"","show_share_counter":"1","show_view_counter":"1","show_featured":"1","show_post_meta":"1","show_post_author":"0","show_post_author_image":"1","show_post_date":"1","post_date_format":"","post_date_format_custom":"","show_post_category":"1","show_post_reading_time":"0","post_reading_time_wpm":"","show_zoom_button":"0","zoom_button_out_step":"1","zoom_button_in_step":"1","show_post_tag":"1","show_prev_next_post":"0","show_popup_post":"1","number_popup_post":"1","show_author_box":"0","show_post_related":"1","show_inline_post_related":"0"}],"override_image_size":"0","image_override":[{"single_post_thumbnail_size":"","single_post_gallery_size":""}],"trending_post":"0","trending_post_position":"","trending_post_label":"","sponsored_post":"0","sponsored_post_label":"","sponsored_post_name":"","sponsored_post_url":"","sponsored_post_logo_enable":"0","sponsored_post_logo":"","sponsored_post_desc":"","disable_ad":"0"},"jnews_primary_category":{"id":""},"jnews_social_meta":{"fb_title":"","fb_description":"","fb_image":"","twitter_title":"","twitter_description":"","twitter_image":""},"jnews_override_counter":{"override_view_counter":"0","view_counter_number":"0","override_share_counter":"0","share_counter_number":"0","override_like_counter":"0","like_counter_number":"0","override_dislike_counter":"0","dislike_counter_number":"0"},"footnotes":""},"categories":[3],"tags":[370,376],"class_list":["post-12457","post","type-post","status-publish","format-standard","has-post-thumbnail","hentry","category-infos-des-femmes","tag-prisonnieres","tag-violence-contre-les-femmes"],"_links":{"self":[{"href":"https:\/\/wncri.org\/fr\/wp-json\/wp\/v2\/posts\/12457","targetHints":{"allow":["GET"]}}],"collection":[{"href":"https:\/\/wncri.org\/fr\/wp-json\/wp\/v2\/posts"}],"about":[{"href":"https:\/\/wncri.org\/fr\/wp-json\/wp\/v2\/types\/post"}],"author":[{"embeddable":true,"href":"https:\/\/wncri.org\/fr\/wp-json\/wp\/v2\/users\/4"}],"replies":[{"embeddable":true,"href":"https:\/\/wncri.org\/fr\/wp-json\/wp\/v2\/comments?post=12457"}],"version-history":[{"count":1,"href":"https:\/\/wncri.org\/fr\/wp-json\/wp\/v2\/posts\/12457\/revisions"}],"predecessor-version":[{"id":16482,"href":"https:\/\/wncri.org\/fr\/wp-json\/wp\/v2\/posts\/12457\/revisions\/16482"}],"wp:featuredmedia":[{"embeddable":true,"href":"https:\/\/wncri.org\/fr\/wp-json\/wp\/v2\/media\/12458"}],"wp:attachment":[{"href":"https:\/\/wncri.org\/fr\/wp-json\/wp\/v2\/media?parent=12457"}],"wp:term":[{"taxonomy":"category","embeddable":true,"href":"https:\/\/wncri.org\/fr\/wp-json\/wp\/v2\/categories?post=12457"},{"taxonomy":"post_tag","embeddable":true,"href":"https:\/\/wncri.org\/fr\/wp-json\/wp\/v2\/tags?post=12457"}],"curies":[{"name":"wp","href":"https:\/\/api.w.org\/{rel}","templated":true}]}}