{"id":12445,"date":"2020-11-15T16:11:00","date_gmt":"2020-11-15T15:11:00","guid":{"rendered":"https:\/\/wncri.org\/fr\/?p=12445"},"modified":"2020-12-17T16:15:39","modified_gmt":"2020-12-17T15:15:39","slug":"mahnaz-mehdizadeh-nader","status":"publish","type":"post","link":"https:\/\/wncri.org\/fr\/2020\/11\/15\/mahnaz-mehdizadeh-nader\/","title":{"rendered":"Mahnaz Mehdizadeh Nader"},"content":{"rendered":"\n<p>CNRI Femmes &#8211; Mahnaz Mehdizadeh Nader \u00e9tait originaire de Karadj, dans la province d&#8217;Alborz.<\/p>\n\n\n\n<p>Elle a \u00e9t\u00e9 abattue par les unit\u00e9s sp\u00e9ciales du Corps des gardiens de la r\u00e9volution (pasdaran) lors du soul\u00e8vement en Iran de novembre 2019.<\/p>\n\n\n\n<p>Apr\u00e8s avoir remis son corps \u00e0 sa famille, les autorit\u00e9s ont averti ses proches qu\u2019ils ne devaient pas diffuser la nouvelle ni donner d&#8217;interviews aux m\u00e9dias.<\/p>\n\n\n\n<p>Des responsables du r\u00e9gime cl\u00e9rical ont reconnu que sur les <a href=\"https:\/\/wncri.org\/fr\/2019\/12\/23\/1500-personnes-dont-400-femmes-tuees-dans-le-soulevement-en-iran-reuters\/\" target=\"_blank\" rel=\"noreferrer noopener\">1 500 martyrs<\/a> tu\u00e9s au cours du soul\u00e8vement iranien, environ <a href=\"https:\/\/wncri.org\/fr\/2020\/09\/21\/liste-de-femmes-tuees\/\" target=\"_blank\" rel=\"noreferrer noopener\">400 \u00e9taient des femmes<\/a>.<\/p>\n","protected":false},"excerpt":{"rendered":"<p>CNRI Femmes &#8211; Mahnaz Mehdizadeh Nader \u00e9tait originaire de Karadj, dans la province d&#8217;Alborz. Elle a \u00e9t\u00e9 abattue par les unit\u00e9s sp\u00e9ciales du Corps des gardiens de la r\u00e9volution (pasdaran) lors du soul\u00e8vement en Iran de novembre 2019. Apr\u00e8s avoir remis son corps \u00e0 sa famille, les autorit\u00e9s ont averti ses proches qu\u2019ils ne devaient [&hellip;]<\/p>\n","protected":false},"author":4,"featured_media":12446,"comment_status":"closed","ping_status":"closed","sticky":false,"template":"","format":"standard","meta":{"jnews-multi-image_gallery":[],"jnews_single_post":{"subtitle":"","format":"standard","video":"","gallery":"","source_name":"","source_url":"","via_name":"","via_url":"","override":[{"single_blog_custom":"","sidebar":"","second_sidebar":"","share_position":"","share_float_style":"","post_date_format":"","post_date_format_custom":"","post_reading_time_wpm":"","zoom_button_out_step":"1","zoom_button_in_step":"1","number_popup_post":"1"}],"image_override":[{"single_post_thumbnail_size":"","single_post_gallery_size":""}],"trending_post_position":"","trending_post_label":"","sponsored_post_label":"","sponsored_post_name":"","sponsored_post_url":"","sponsored_post_logo":"","sponsored_post_desc":""},"jnews_primary_category":{"id":""},"jnews_social_meta":[],"jnews_override_counter":{"view_counter_number":"0","share_counter_number":"0","like_counter_number":"0","dislike_counter_number":"0"},"footnotes":""},"categories":[25],"tags":[369,376],"class_list":["post-12445","post","type-post","status-publish","format-standard","has-post-thumbnail","hentry","category-tombees-pour-la-liberte","tag-manifestations","tag-violence-contre-les-femmes"],"_links":{"self":[{"href":"https:\/\/wncri.org\/fr\/wp-json\/wp\/v2\/posts\/12445","targetHints":{"allow":["GET"]}}],"collection":[{"href":"https:\/\/wncri.org\/fr\/wp-json\/wp\/v2\/posts"}],"about":[{"href":"https:\/\/wncri.org\/fr\/wp-json\/wp\/v2\/types\/post"}],"author":[{"embeddable":true,"href":"https:\/\/wncri.org\/fr\/wp-json\/wp\/v2\/users\/4"}],"replies":[{"embeddable":true,"href":"https:\/\/wncri.org\/fr\/wp-json\/wp\/v2\/comments?post=12445"}],"version-history":[{"count":0,"href":"https:\/\/wncri.org\/fr\/wp-json\/wp\/v2\/posts\/12445\/revisions"}],"wp:featuredmedia":[{"embeddable":true,"href":"https:\/\/wncri.org\/fr\/wp-json\/wp\/v2\/media\/12446"}],"wp:attachment":[{"href":"https:\/\/wncri.org\/fr\/wp-json\/wp\/v2\/media?parent=12445"}],"wp:term":[{"taxonomy":"category","embeddable":true,"href":"https:\/\/wncri.org\/fr\/wp-json\/wp\/v2\/categories?post=12445"},{"taxonomy":"post_tag","embeddable":true,"href":"https:\/\/wncri.org\/fr\/wp-json\/wp\/v2\/tags?post=12445"}],"curies":[{"name":"wp","href":"https:\/\/api.w.org\/{rel}","templated":true}]}}