{"id":12442,"date":"2020-11-14T15:49:00","date_gmt":"2020-11-14T14:49:00","guid":{"rendered":"https:\/\/wncri.org\/fr\/?p=12442"},"modified":"2020-12-17T15:58:58","modified_gmt":"2020-12-17T14:58:58","slug":"ameneh-shahbazifard","status":"publish","type":"post","link":"https:\/\/wncri.org\/fr\/2020\/11\/14\/ameneh-shahbazifard\/","title":{"rendered":"Ameneh Shahbazifard"},"content":{"rendered":"\n<p>CNRI Femmes &#8211; Ameneh Shahbazifard \u00e9tait une femme au foyer de 34 ans, m\u00e8re de trois enfants, une fille de 4 ans et deux gar\u00e7ons de 12 et 14 ans.<\/p>\n\n\n\n<p>Elle a \u00e9t\u00e9 tu\u00e9e d&#8217;une balle dans la nuque par les forces de s\u00e9curit\u00e9 \u00e0 Karaj le 18 novembre 2019.<\/p>\n\n\n\n<p>Ameneh Shahbazifard avait quitt\u00e9 la maison pour acheter des m\u00e9dicaments pour son enfant malade. Sur le chemin du retour, elle a vu les affrontements dans la rue et les forces des pasdarans tirer sur les gens. Elle s&#8217;est pench\u00e9e pour aider un manifestant bless\u00e9 tomb\u00e9 \u00e0 terre, mais un sniper lui a tir\u00e9 dans la nuque par derri\u00e8re.<\/p>\n\n\n\n<p>La famille d&#8217;Ameneh n&#8217;a pas su o\u00f9 elle se trouvait pendant toute une journ\u00e9e. Apr\u00e8s 24 heures de recherche, son mari a finalement identifi\u00e9 son corps au laboratoire m\u00e9dico-l\u00e9gal de la morgue \u00e0 T\u00e9h\u00e9ran.<\/p>\n\n\n\n<p>Le corps d&#8217;Ameneh a ensuite \u00e9t\u00e9 transf\u00e9r\u00e9 au cimeti\u00e8re de Behesht Zahra, mais lorsque la famille a demand\u00e9 son le corps, on lui a dit que l&#8217;ordre du gouvernement \u00e9tait de ne pas restituer les corps qui avaient \u00e9t\u00e9 abattus.<\/p>\n\n\n\n<p>Le fr\u00e8re d&#8217;Ameneh s&#8217;est adress\u00e9 au directeur du cimeti\u00e8re, qui a demand\u00e9 de l&#8217;argent afin de remettre le corps. Finalement, ils ont pay\u00e9 4,5 millions de tomans (environ 400 dollars).<\/p>\n\n\n\n<p>Dans le certificat de d\u00e9c\u00e8s, il \u00e9tait indiqu\u00e9 qu&#8217;elle \u00e9tait morte d&#8217;une fracture du cr\u00e2ne alors qu&#8217;en r\u00e9alit\u00e9, elle avait \u00e9t\u00e9 touch\u00e9e au cou et sa t\u00eate et son visage \u00e9taient intacts.<\/p>\n\n\n\n<p>Ameneh Shahbazifard est l&#8217;une des <a href=\"https:\/\/wncri.org\/fr\/2020\/09\/21\/liste-de-femmes-tuees\/\" target=\"_blank\" rel=\"noreferrer noopener\">400 femmes<\/a> parmi les <a href=\"https:\/\/wncri.org\/fr\/2019\/12\/23\/1500-personnes-dont-400-femmes-tuees-dans-le-soulevement-en-iran-reuters\/\" target=\"_blank\" rel=\"noreferrer noopener\">1500 manifestants<\/a> au moins qui ont \u00e9t\u00e9 tu\u00e9s lors du <a href=\"https:\/\/wncri.org\/fr\/2019\/12\/23\/1500-personnes-dont-400-femmes-tuees-dans-le-soulevement-en-iran-reuters\/\" target=\"_blank\" rel=\"noreferrer noopener\">soul\u00e8vement de novembre 2019<\/a> en Iran.<\/p>\n","protected":false},"excerpt":{"rendered":"<p>CNRI Femmes &#8211; Ameneh Shahbazifard \u00e9tait une femme au foyer de 34 ans, m\u00e8re de trois enfants, une fille de 4 ans et deux gar\u00e7ons de 12 et 14 ans. Elle a \u00e9t\u00e9 tu\u00e9e d&#8217;une balle dans la nuque par les forces de s\u00e9curit\u00e9 \u00e0 Karaj le 18 novembre 2019. Ameneh Shahbazifard avait quitt\u00e9 la [&hellip;]<\/p>\n","protected":false},"author":4,"featured_media":12443,"comment_status":"closed","ping_status":"closed","sticky":false,"template":"","format":"standard","meta":{"jnews-multi-image_gallery":[],"jnews_single_post":{"subtitle":"","format":"standard","video":"","gallery":"","source_name":"","source_url":"","via_name":"","via_url":"","override":[{"single_blog_custom":"","sidebar":"","second_sidebar":"","share_position":"","share_float_style":"","post_date_format":"","post_date_format_custom":"","post_reading_time_wpm":"","zoom_button_out_step":"1","zoom_button_in_step":"1","number_popup_post":"1"}],"image_override":[{"single_post_thumbnail_size":"","single_post_gallery_size":""}],"trending_post_position":"","trending_post_label":"","sponsored_post_label":"","sponsored_post_name":"","sponsored_post_url":"","sponsored_post_logo":"","sponsored_post_desc":""},"jnews_primary_category":{"id":""},"jnews_social_meta":[],"jnews_override_counter":{"view_counter_number":"0","share_counter_number":"0","like_counter_number":"0","dislike_counter_number":"0"},"footnotes":""},"categories":[25],"tags":[369,376],"class_list":["post-12442","post","type-post","status-publish","format-standard","has-post-thumbnail","hentry","category-tombees-pour-la-liberte","tag-manifestations","tag-violence-contre-les-femmes"],"_links":{"self":[{"href":"https:\/\/wncri.org\/fr\/wp-json\/wp\/v2\/posts\/12442","targetHints":{"allow":["GET"]}}],"collection":[{"href":"https:\/\/wncri.org\/fr\/wp-json\/wp\/v2\/posts"}],"about":[{"href":"https:\/\/wncri.org\/fr\/wp-json\/wp\/v2\/types\/post"}],"author":[{"embeddable":true,"href":"https:\/\/wncri.org\/fr\/wp-json\/wp\/v2\/users\/4"}],"replies":[{"embeddable":true,"href":"https:\/\/wncri.org\/fr\/wp-json\/wp\/v2\/comments?post=12442"}],"version-history":[{"count":0,"href":"https:\/\/wncri.org\/fr\/wp-json\/wp\/v2\/posts\/12442\/revisions"}],"wp:featuredmedia":[{"embeddable":true,"href":"https:\/\/wncri.org\/fr\/wp-json\/wp\/v2\/media\/12443"}],"wp:attachment":[{"href":"https:\/\/wncri.org\/fr\/wp-json\/wp\/v2\/media?parent=12442"}],"wp:term":[{"taxonomy":"category","embeddable":true,"href":"https:\/\/wncri.org\/fr\/wp-json\/wp\/v2\/categories?post=12442"},{"taxonomy":"post_tag","embeddable":true,"href":"https:\/\/wncri.org\/fr\/wp-json\/wp\/v2\/tags?post=12442"}],"curies":[{"name":"wp","href":"https:\/\/api.w.org\/{rel}","templated":true}]}}