{"id":12435,"date":"2020-12-16T14:40:00","date_gmt":"2020-12-16T13:40:00","guid":{"rendered":"https:\/\/wncri.org\/fr\/?p=12435"},"modified":"2020-12-17T14:43:54","modified_gmt":"2020-12-17T13:43:54","slug":"prisonniere-politique-sakineh-parvaneh","status":"publish","type":"post","link":"https:\/\/wncri.org\/fr\/2020\/12\/16\/prisonniere-politique-sakineh-parvaneh\/","title":{"rendered":"La prisonni\u00e8re politique Sakineh Parvaneh transf\u00e9r\u00e9e \u00e0 la prison de Machad"},"content":{"rendered":"\n<p>CNRI Femmes &#8211; La prisonni\u00e8re politique Sakineh Parvaneh a \u00e9t\u00e9 transf\u00e9r\u00e9e \u00e0 la prison centrale de Machad, \u00e9galement connue sous le nom de Vakilabad.<\/p>\n\n\n\n<p>Sakineh Parvaneh a \u00e9t\u00e9 emmen\u00e9e hors de la prison de Qouchan \u00e0 22 heures dimanche soir, le 13 d\u00e9cembre 2020. Elle a \u00e9t\u00e9 emmen\u00e9e au parquet public et r\u00e9volutionnaire de Machad, capitale de la province de Khorassan-Razavi, dans le nord-est de l&#8217;Iran. Puis, le lundi 14 d\u00e9cembre au matin, elle a \u00e9t\u00e9 emmen\u00e9e au quartier de quarantaine de la prison centrale.<\/p>\n\n\n\n<p>La prisonni\u00e8re politique kurde Sakineh Parvaneh a \u00e9t\u00e9 priv\u00e9e de visites de sa famille pendant son incarc\u00e9ration <a href=\"https:\/\/wncri.org\/fr\/?s=sakineh+parvaneh\" target=\"_blank\" rel=\"noreferrer noopener\">\u00e0 la prison de Quchan<\/a>.<\/p>\n\n\n\n<p>Sakineh Parvaneh est n\u00e9e en 1988. Au d\u00e9but de l&#8217;automne 2019, des agents de s\u00e9curit\u00e9 l&#8217;ont arr\u00eat\u00e9e parce qu&#8217;elle avait rendu visite \u00e0 sa famille \u00e0 Soleimanieh, dans le Kurdistan d&#8217;Irak. Ils l&#8217;ont emmen\u00e9e \u00e0 la fronti\u00e8re irano-irakienne. Elle a \u00e9t\u00e9 d\u00e9tenue pendant 10 jours dans les centres de d\u00e9tention de Marivan et de Sanandaj. Elle a ensuite \u00e9t\u00e9 transf\u00e9r\u00e9e \u00e0 la prison d&#8217;Evine \u00e0 T\u00e9h\u00e9ran.<\/p>\n\n\n\n<p>Elle a subi de durs interrogatoires sous la torture psychologique et physique dans les quartiers 2A, 209 et le quartier des femmes d&#8217;Evine. Pendant cette p\u00e9riode, elle a \u00e9t\u00e9 priv\u00e9e de visites.<\/p>\n\n\n\n<p>En mars 2020, apr\u00e8s avoir \u00e9crit des graffitis sur les murs d&#8217;Evine, elle a \u00e9t\u00e9 envoy\u00e9e \u00e0 la sinistre prison de Qarchak o\u00f9 elle a \u00e9t\u00e9 d\u00e9tenue \u00e0 l&#8217;isolement pendant quatre jours avec des menottes aux poings et des entraves aux chevilles. Ensuite, les gardiens de la prison l&#8217;ont emmen\u00e9e \u00e0 <a href=\"https:\/\/wncri.org\/fr\/2020\/06\/21\/une-prisonniere-politique-kurde-tabassee-a-la-prison-de-qarchak\/\" target=\"_blank\" rel=\"noreferrer noopener\">l&#8217;h\u00f4pital psychiatrique d&#8217;Aminabad<\/a> \u00e0 Shahr-e Rey. Apr\u00e8s 25 jours \u00e0 Aminabad, la prisonni\u00e8re politique Sakineh Parvaneh a \u00e9t\u00e9 renvoy\u00e9e dans le quartier de quarantaine de la prison de Qarchak.<\/p>\n\n\n\n<p>Le 25 mai 2020, elle a entam\u00e9 une gr\u00e8ve de la faim pour protester contre sa condamnation \u00e0 5 ans de prison, son interdiction d&#8217;appartenir \u00e0 des groupes politiques pendant deux ans et sa d\u00e9tention dans des conditions o\u00f9 les prisonni\u00e8res ne sont pas s\u00e9par\u00e9es par cat\u00e9gorie de d\u00e9lits.<\/p>\n\n\n\n<p>Le 4 juillet 2020, elle a \u00e9t\u00e9 renvoy\u00e9e \u00e0 la prison d&#8217;Evine alors qu&#8217;elle portait des blessures et des bleus suite aux coups qu&#8217;elle avait re\u00e7us. En ao\u00fbt, elle a \u00e9t\u00e9 condamn\u00e9e \u00e0 deux ans de prison suppl\u00e9mentaires pour &#8220;\u00e9meutes en prison&#8221;.<\/p>\n\n\n\n<p>Sakineh Parvaneh a entam\u00e9 plusieurs gr\u00e8ves de la faim \u00e0 Evine.<\/p>\n\n\n\n<p>Le 27 octobre 2020, elle a \u00e9t\u00e9 transf\u00e9r\u00e9e \u00e0 la prison de Qouchan. Le mois dernier, elle s&#8217;est cousu les l\u00e8vres et a entam\u00e9 une gr\u00e8ve de la faim de 20 jours pour protester contre la probabilit\u00e9 d&#8217;\u00eatre bannie \u00e0 la prison d&#8217;Ispahan. M\u00eame dans ces conditions, elle a \u00e9t\u00e9 brutalis\u00e9e et battue par les gardiens.<\/p>\n","protected":false},"excerpt":{"rendered":"<p>CNRI Femmes &#8211; La prisonni\u00e8re politique Sakineh Parvaneh a \u00e9t\u00e9 transf\u00e9r\u00e9e \u00e0 la prison centrale de Machad, \u00e9galement connue sous le nom de Vakilabad. Sakineh Parvaneh a \u00e9t\u00e9 emmen\u00e9e hors de la prison de Qouchan \u00e0 22 heures dimanche soir, le 13 d\u00e9cembre 2020. Elle a \u00e9t\u00e9 emmen\u00e9e au parquet public et r\u00e9volutionnaire de Machad, [&hellip;]<\/p>\n","protected":false},"author":4,"featured_media":12436,"comment_status":"closed","ping_status":"closed","sticky":false,"template":"","format":"standard","meta":{"jnews-multi-image_gallery":[],"jnews_single_post":{"subtitle":"","format":"standard","video":"","gallery":"","source_name":"","source_url":"","via_name":"","via_url":"","override":[{"single_blog_custom":"","sidebar":"","second_sidebar":"","share_position":"","share_float_style":"","post_date_format":"","post_date_format_custom":"","post_reading_time_wpm":"","zoom_button_out_step":"1","zoom_button_in_step":"1","number_popup_post":"1"}],"image_override":[{"single_post_thumbnail_size":"","single_post_gallery_size":""}],"trending_post_position":"","trending_post_label":"","sponsored_post_label":"","sponsored_post_name":"","sponsored_post_url":"","sponsored_post_logo":"","sponsored_post_desc":""},"jnews_primary_category":{"id":""},"jnews_social_meta":[],"jnews_override_counter":{"view_counter_number":"0","share_counter_number":"0","like_counter_number":"0","dislike_counter_number":"0"},"footnotes":""},"categories":[3],"tags":[373,370],"class_list":["post-12435","post","type-post","status-publish","format-standard","has-post-thumbnail","hentry","category-infos-des-femmes","tag-le-leadership-des-femmes","tag-prisonnieres"],"_links":{"self":[{"href":"https:\/\/wncri.org\/fr\/wp-json\/wp\/v2\/posts\/12435","targetHints":{"allow":["GET"]}}],"collection":[{"href":"https:\/\/wncri.org\/fr\/wp-json\/wp\/v2\/posts"}],"about":[{"href":"https:\/\/wncri.org\/fr\/wp-json\/wp\/v2\/types\/post"}],"author":[{"embeddable":true,"href":"https:\/\/wncri.org\/fr\/wp-json\/wp\/v2\/users\/4"}],"replies":[{"embeddable":true,"href":"https:\/\/wncri.org\/fr\/wp-json\/wp\/v2\/comments?post=12435"}],"version-history":[{"count":0,"href":"https:\/\/wncri.org\/fr\/wp-json\/wp\/v2\/posts\/12435\/revisions"}],"wp:featuredmedia":[{"embeddable":true,"href":"https:\/\/wncri.org\/fr\/wp-json\/wp\/v2\/media\/12436"}],"wp:attachment":[{"href":"https:\/\/wncri.org\/fr\/wp-json\/wp\/v2\/media?parent=12435"}],"wp:term":[{"taxonomy":"category","embeddable":true,"href":"https:\/\/wncri.org\/fr\/wp-json\/wp\/v2\/categories?post=12435"},{"taxonomy":"post_tag","embeddable":true,"href":"https:\/\/wncri.org\/fr\/wp-json\/wp\/v2\/tags?post=12435"}],"curies":[{"name":"wp","href":"https:\/\/api.w.org\/{rel}","templated":true}]}}