{"id":12426,"date":"2020-12-15T11:29:00","date_gmt":"2020-12-15T10:29:00","guid":{"rendered":"https:\/\/wncri.org\/fr\/?p=12426"},"modified":"2020-12-16T15:47:11","modified_gmt":"2020-12-16T14:47:11","slug":"fatemeh-karimi","status":"publish","type":"post","link":"https:\/\/wncri.org\/fr\/2020\/12\/15\/fatemeh-karimi\/","title":{"rendered":"Fatemeh Karimi s&#8217;\u00e9teint apr\u00e8s 50 ans de lutte pour la libert\u00e9"},"content":{"rendered":"\n<p>CNRI Femmes &#8211; Fatemeh Karimi, mieux connue de tous sous le nom de M\u00e8re Farzanesa, est d\u00e9c\u00e9d\u00e9e le dimanche 13 d\u00e9cembre 2020 dans un h\u00f4pital de Cologne, en Allemagne. Elle a succomb\u00e9 \u00e0 une attaque c\u00e9r\u00e9brale qui l&#8217;a laiss\u00e9e dans le coma pendant trois jours. Elle avait lutt\u00e9 contre deux dictatures en Iran pendant 50 ans.<\/p>\n\n\n\n<p>Fatemeh Karimi est n\u00e9e en f\u00e9vrier 1930 \u00e0 T\u00e9h\u00e9ran dans une famille religieuse et politique. Elle \u00e9tait enseignante de profession. Elle et son mari, Mahmoud Farzanesa, \u00e9taient de fervents partisans du d\u00e9funt leader du mouvement de lib\u00e9ration de l&#8217;Iran, <a href=\"https:\/\/www.maryam-rajavi.com\/fr\/item\/saluons-grand-mossadegh-dirigeant-mouvement-national-iranien\" target=\"_blank\" rel=\"noreferrer noopener\">le Dr. Mohammad Mossadegh<\/a>. Ils avaient d\u00e9ploy\u00e9 de nombreuses activit\u00e9s sociales en son soutien dans les ann\u00e9es 1950.<\/p>\n\n\n\n<div class=\"wp-block-image\"><figure class=\"aligncenter size-large is-resized\"><img decoding=\"async\" src=\"data:image\/gif;base64,R0lGODlhAQABAIAAAAAAAP\/\/\/yH5BAEAAAAALAAAAAABAAEAAAIBRAA7\" data-src=\"https:\/\/wncri.org\/fr\/wp-content\/uploads\/2020\/12\/Alireza-Mahmoud-Majid-Farzanesa.jpg\" alt=\"Son mari, Mahmoud Farzanesa (au milieu), et ses fils Majid (\u00e0 droite) et Alireza (\u00e0 gauche).\" class=\"wp-image-12427 lazyload\" width=\"919\" height=\"377\"\/><noscript><img decoding=\"async\" src=\"https:\/\/wncri.org\/fr\/wp-content\/uploads\/2020\/12\/Alireza-Mahmoud-Majid-Farzanesa.jpg\" alt=\"Son mari, Mahmoud Farzanesa (au milieu), et ses fils Majid (\u00e0 droite) et Alireza (\u00e0 gauche).\" class=\"wp-image-12427 lazyload\" width=\"919\" height=\"377\" srcset=\"https:\/\/wncri.org\/fr\/wp-content\/uploads\/2020\/12\/Alireza-Mahmoud-Majid-Farzanesa.jpg 750w, https:\/\/wncri.org\/fr\/wp-content\/uploads\/2020\/12\/Alireza-Mahmoud-Majid-Farzanesa-300x123.jpg 300w\" sizes=\"(max-width: 919px) 100vw, 919px\" \/><\/noscript><figcaption>Son mari, Mahmoud Farzanesa (au milieu), et ses fils Majid (\u00e0 droite) et Alireza (\u00e0 gauche).<\/figcaption><\/figure><\/div>\n\n\n\n<p>M\u00e8re Farzanesa est devenue une partisane de <a href=\"https:\/\/www.ncr-iran.org\/fr\/publications\/rapports-speciaux\/moudjahidine-du-peuple-nuisance-ou-menace-pour-le-regime-en-iran\/\" target=\"_blank\" rel=\"noreferrer noopener\">l&#8217;Organisation des Moudjahidines du peuple<\/a> d&#8217;Iran (OMPI\/MEK) d\u00e8s les premiers jours o\u00f9 ils ont commenc\u00e9 leur lutte contre la dictature du Shah. Pendant 50 ans, elle n\u2019a cess\u00e9 de soutenir l\u2019OMPI sous le chah et tout au long des ann\u00e9es de la turannie cl\u00e9ricale.<\/p>\n\n\n\n<p>Son fils, Majid Farzanesa, a \u00e9t\u00e9 arr\u00eat\u00e9 en 1977 par la police secr\u00e8te du chah, la SAVAK. \u00c0 cette \u00e9poque, Fatemeh Karimi a rejoint les m\u00e8res et les familles des prisonniers politiques. Elle a particip\u00e9 \u00e0 des activit\u00e9s d\u00e9non\u00e7ant les atrocit\u00e9s du chah et a rendu visite aux prisonniers politiques dans les prisons.<\/p>\n\n\n\n<p>Elle a particip\u00e9 activement \u00e0 toutes les manifestations de la <a href=\"https:\/\/wncri.org\/fr\/2020\/02\/09\/le-bond-en-avant-des-iraniennes-dans-la-revolution-de-1979-2\/\" target=\"_blank\" rel=\"noreferrer noopener\">r\u00e9volution anti-monarchique.<\/a> Elle \u00e9tait pr\u00e9sente lors de la manifestation du 8 septembre 1978, qui a tourn\u00e9 au bain de sang en bain de sang quand les troupes du chah ont ouvert le feu.<\/p>\n\n\n\n<div class=\"wp-block-image\"><figure class=\"aligncenter size-large is-resized\"><img decoding=\"async\" src=\"data:image\/gif;base64,R0lGODlhAQABAIAAAAAAAP\/\/\/yH5BAEAAAAALAAAAAABAAEAAAIBRAA7\" data-src=\"https:\/\/wncri.org\/fr\/wp-content\/uploads\/2020\/12\/Fatemeh-Karimi-5.jpg\" alt=\"Fatemeh Karimi a lutt\u00e9 sans rel\u00e2che toute sa vie pour la libert\u00e9 de son peuple et de son pays\" class=\"wp-image-12430 lazyload\" width=\"919\" height=\"460\"\/><noscript><img decoding=\"async\" src=\"https:\/\/wncri.org\/fr\/wp-content\/uploads\/2020\/12\/Fatemeh-Karimi-5.jpg\" alt=\"Fatemeh Karimi a lutt\u00e9 sans rel\u00e2che toute sa vie pour la libert\u00e9 de son peuple et de son pays\" class=\"wp-image-12430 lazyload\" width=\"919\" height=\"460\" srcset=\"https:\/\/wncri.org\/fr\/wp-content\/uploads\/2020\/12\/Fatemeh-Karimi-5.jpg 750w, https:\/\/wncri.org\/fr\/wp-content\/uploads\/2020\/12\/Fatemeh-Karimi-5-300x150.jpg 300w, https:\/\/wncri.org\/fr\/wp-content\/uploads\/2020\/12\/Fatemeh-Karimi-5-360x180.jpg 360w\" sizes=\"(max-width: 919px) 100vw, 919px\" \/><\/noscript><figcaption>Fatemeh Karimi a lutt\u00e9 sans rel\u00e2che toute sa vie pour la libert\u00e9 de son peuple et de son pays<\/figcaption><\/figure><\/div>\n\n\n\n<p>Fatemeh Karimi a \u00e9galement particip\u00e9 \u00e0 la lutte pour la lib\u00e9ration des prisonniers politiques. Elle a particip\u00e9 aux sit-in des m\u00e8res et des familles de prisonniers politiques et a lu leurs d\u00e9clarations lors de leurs rassemblements. Le 20 janvier 1979, lorsque <a href=\"https:\/\/wncri.org\/fr\/2020\/02\/06\/les-etoiles-brillantes-et-les-heroines-de-la-resistance-iranienne-2\/\" target=\"_blank\" rel=\"noreferrer noopener\">le dernier groupe de prisonniers politiques<\/a> a \u00e9t\u00e9 lib\u00e9r\u00e9, elle \u00e9tait avec la foule devant les portes de la sinistre prison de Qasr \u00e0 T\u00e9h\u00e9ran, pour les accueillir.<\/p>\n\n\n\n<p>Apr\u00e8s le renversement du chah, Fatemeh Karimi m\u00e8ne ses activit\u00e9s directement avec l&#8217;OMPI\/MEK. Elle s\u2019active aupr\u00e8s du monde du travail et endosse la responsabilit\u00e9 du bureau des travailleurs au sein de l&#8217;organisation.<\/p>\n\n\n\n<p>Lors de la campagne pour la premi\u00e8re \u00e9lection pr\u00e9sidentielle apr\u00e8s la chute du chah, elle m\u00e8ne une campagne dynamique pour pr\u00e9senter au public le candidat de l&#8217;OMPI\/MEK Massoud Radjavi. Infatigable, elle se rend dans les villes d&#8217;Abadan et d&#8217;Ahwaz, ans le sud-ouest et a prend la parole lors de rassemblements en sa faveur.<\/p>\n\n\n\n<p>Elle va ensuite rejoindre l&#8217;Association des m\u00e8res musulmanes, partisanes de l&#8217;OMPI\/MEK. Elle est de toutes les r\u00e9unions et a assume diverses responsabilit\u00e9s. Elle participe activement \u00e0 la <a href=\"https:\/\/wncri.org\/fr\/2020\/04\/27\/des-meres-courage-se-levent-pour-denoncer-les-crimes-des-gardiens-de-la-revolution-en-iran-2\/\" target=\"_blank\" rel=\"noreferrer noopener\">manifestation des m\u00e8res de l&#8217;OMPI<\/a> le 27 avril 1981.<\/p>\n\n\n\n<p>Elle a \u00e9galement particip\u00e9 \u00e0 la <a href=\"https:\/\/wncri.org\/fr\/2020\/07\/02\/massoumeh-malek-mohammadi-une-formidable-resistance-contre-un-ennemi-cruel\/\" target=\"_blank\" rel=\"noreferrer noopener\">manifestation historique du 20 juin 1981<\/a>. Elle a \u00e9t\u00e9 arr\u00eat\u00e9e par les pasdarans de Khomeiny, mais a r\u00e9ussi \u00e0 \u00e9chapper \u00e0 la d\u00e9tention, disant qu&#8217;elle \u00e9tait une voyageuse et qu&#8217;elle ne faisait que passer.<\/p>\n\n\n\n<div class=\"wp-block-image\"><figure class=\"aligncenter size-large is-resized\"><img decoding=\"async\" src=\"data:image\/gif;base64,R0lGODlhAQABAIAAAAAAAP\/\/\/yH5BAEAAAAALAAAAAABAAEAAAIBRAA7\" data-src=\"https:\/\/wncri.org\/fr\/wp-content\/uploads\/2020\/12\/Mahshid-Farzanesa-and-her-husband-Mohammad-Moghaddam.jpg\" alt=\"Sa fille, Mahshid, et son gendre, Mohammad Moghaddam\" class=\"wp-image-12431 lazyload\" width=\"925\" height=\"463\"\/><noscript><img decoding=\"async\" src=\"https:\/\/wncri.org\/fr\/wp-content\/uploads\/2020\/12\/Mahshid-Farzanesa-and-her-husband-Mohammad-Moghaddam.jpg\" alt=\"Sa fille, Mahshid, et son gendre, Mohammad Moghaddam\" class=\"wp-image-12431 lazyload\" width=\"925\" height=\"463\" srcset=\"https:\/\/wncri.org\/fr\/wp-content\/uploads\/2020\/12\/Mahshid-Farzanesa-and-her-husband-Mohammad-Moghaddam.jpg 750w, https:\/\/wncri.org\/fr\/wp-content\/uploads\/2020\/12\/Mahshid-Farzanesa-and-her-husband-Mohammad-Moghaddam-300x150.jpg 300w, https:\/\/wncri.org\/fr\/wp-content\/uploads\/2020\/12\/Mahshid-Farzanesa-and-her-husband-Mohammad-Moghaddam-360x180.jpg 360w\" sizes=\"(max-width: 925px) 100vw, 925px\" \/><\/noscript><figcaption>Sa fille, Mahshid, et son gendre, Mohammad Moghaddam<\/figcaption><\/figure><\/div>\n\n\n\n<p>La torture et le martyre de ses enfants n&#8217;ont fait qu&#8217;ajouter \u00e0 sa d\u00e9termination et \u00e0 sa foi dans la voie qu\u2019elle avait choisie. Sa fille, <a href=\"https:\/\/wncri.org\/fr\/2020\/02\/06\/les-etoiles-brillantes-et-les-heroines-de-la-resistance-iranienne-2\/\" target=\"_blank\" rel=\"noreferrer noopener\">Mahshid Farzanesa<\/a>, a \u00e9t\u00e9 tu\u00e9e le 8 f\u00e9vrier 1982 lors de l&#8217;attaque des pasdarans de Khomeiny contre le si\u00e8ge de la direction de l&#8217;OMPI \u00e0 T\u00e9h\u00e9ran. Son fils, Majid Farzanesa, a \u00e9t\u00e9 ex\u00e9cut\u00e9 en juin 1982 \u00e0 T\u00e9h\u00e9ran. Elle a perdu un autre fils, Alireza, lors de l&#8217;op\u00e9ration Lumi\u00e8re \u00e9ternelle en 1988. Fatemeh Karimi a \u00e9galement perdu plusieurs autres parents au cours de la lutte.<\/p>\n\n\n\n<p>En racontant un de ses souvenirs, M\u00e8re Farzanesa a confi\u00e9 : \u00ab&nbsp;Le journal Mojahed a \u00e9t\u00e9 imprim\u00e9 \u00e0 notre domicile. C&#8217;\u00e9tait un honneur pour nous. Mon mari a \u00e9t\u00e9 arr\u00eat\u00e9 \u00e0 cause de cela en novembre 1981. Il a fait un infarctus du myocarde apr\u00e8s avoir subi de nombreuses tortures physiques et psychologiques en prison, et apr\u00e8s que notre fille Mahshid et son mari Mohammad aient \u00e9t\u00e9 tu\u00e9s le 8 f\u00e9vrier 1982, et que leur b\u00e9b\u00e9 de sept mois ait \u00e9t\u00e9 emmen\u00e9 par des pasdarans, et apr\u00e8s que notre fils Majid ait \u00e9t\u00e9 tu\u00e9.&nbsp;\u00bb<\/p>\n\n\n\n<p>Elle s&#8217;est appuy\u00e9e sur son amour et sa foi dans la cause de la libert\u00e9 de l&#8217;Iran pour supporter toutes les souffrances qu&#8217;elle a connues sur ce chemin.<\/p>\n\n\n\n<p>Pendant ses ann\u00e9es d&#8217;exil, elle ne s&#8217;est jamais plainte de ces difficult\u00e9s. Elle \u00e9tait toujours heureuse, vivante et participait activement \u00e0 toutes les activit\u00e9s, c\u00e9r\u00e9monies et campagnes de l&#8217;OMPI.<\/p>\n\n\n\n<div class=\"wp-block-image\"><figure class=\"aligncenter size-large is-resized\"><img decoding=\"async\" src=\"data:image\/gif;base64,R0lGODlhAQABAIAAAAAAAP\/\/\/yH5BAEAAAAALAAAAAABAAEAAAIBRAA7\" data-src=\"https:\/\/wncri.org\/fr\/wp-content\/uploads\/2020\/12\/Fatemeh-Karimi-4.jpg\" alt=\"M\u00e8re Farzanesa dans un rassemblement de l'opposition en Allemagne.\" class=\"wp-image-12429 lazyload\" width=\"929\" height=\"465\"\/><noscript><img decoding=\"async\" src=\"https:\/\/wncri.org\/fr\/wp-content\/uploads\/2020\/12\/Fatemeh-Karimi-4.jpg\" alt=\"M\u00e8re Farzanesa dans un rassemblement de l'opposition en Allemagne.\" class=\"wp-image-12429 lazyload\" width=\"929\" height=\"465\" srcset=\"https:\/\/wncri.org\/fr\/wp-content\/uploads\/2020\/12\/Fatemeh-Karimi-4.jpg 750w, https:\/\/wncri.org\/fr\/wp-content\/uploads\/2020\/12\/Fatemeh-Karimi-4-300x150.jpg 300w, https:\/\/wncri.org\/fr\/wp-content\/uploads\/2020\/12\/Fatemeh-Karimi-4-360x180.jpg 360w\" sizes=\"(max-width: 929px) 100vw, 929px\" \/><\/noscript><figcaption>M\u00e8re Farzanesa dans un rassemblement de l&#8217;opposition en Allemagne.<\/figcaption><\/figure><\/div>\n","protected":false},"excerpt":{"rendered":"<p>CNRI Femmes &#8211; Fatemeh Karimi, mieux connue de tous sous le nom de M\u00e8re Farzanesa, est d\u00e9c\u00e9d\u00e9e le dimanche 13 d\u00e9cembre 2020 dans un h\u00f4pital de Cologne, en Allemagne. Elle a succomb\u00e9 \u00e0 une attaque c\u00e9r\u00e9brale qui l&#8217;a laiss\u00e9e dans le coma pendant trois jours. Elle avait lutt\u00e9 contre deux dictatures en Iran pendant 50 [&hellip;]<\/p>\n","protected":false},"author":4,"featured_media":12428,"comment_status":"closed","ping_status":"closed","sticky":false,"template":"","format":"standard","meta":{"jnews-multi-image_gallery":[],"jnews_single_post":{"subtitle":"","format":"standard","video":"","gallery":"","source_name":"","source_url":"","via_name":"","via_url":"","override":[{"single_blog_custom":"","sidebar":"","second_sidebar":"","share_position":"","share_float_style":"","post_date_format":"","post_date_format_custom":"","post_reading_time_wpm":"","zoom_button_out_step":"1","zoom_button_in_step":"1","number_popup_post":"1"}],"image_override":[{"single_post_thumbnail_size":"","single_post_gallery_size":""}],"trending_post_position":"","trending_post_label":"","sponsored_post_label":"","sponsored_post_name":"","sponsored_post_url":"","sponsored_post_logo":"","sponsored_post_desc":""},"jnews_primary_category":{"id":""},"jnews_social_meta":[],"jnews_override_counter":{"view_counter_number":"0","share_counter_number":"0","like_counter_number":"0","dislike_counter_number":"0"},"footnotes":""},"categories":[25],"tags":[373],"class_list":["post-12426","post","type-post","status-publish","format-standard","has-post-thumbnail","hentry","category-tombees-pour-la-liberte","tag-le-leadership-des-femmes"],"_links":{"self":[{"href":"https:\/\/wncri.org\/fr\/wp-json\/wp\/v2\/posts\/12426","targetHints":{"allow":["GET"]}}],"collection":[{"href":"https:\/\/wncri.org\/fr\/wp-json\/wp\/v2\/posts"}],"about":[{"href":"https:\/\/wncri.org\/fr\/wp-json\/wp\/v2\/types\/post"}],"author":[{"embeddable":true,"href":"https:\/\/wncri.org\/fr\/wp-json\/wp\/v2\/users\/4"}],"replies":[{"embeddable":true,"href":"https:\/\/wncri.org\/fr\/wp-json\/wp\/v2\/comments?post=12426"}],"version-history":[{"count":0,"href":"https:\/\/wncri.org\/fr\/wp-json\/wp\/v2\/posts\/12426\/revisions"}],"wp:featuredmedia":[{"embeddable":true,"href":"https:\/\/wncri.org\/fr\/wp-json\/wp\/v2\/media\/12428"}],"wp:attachment":[{"href":"https:\/\/wncri.org\/fr\/wp-json\/wp\/v2\/media?parent=12426"}],"wp:term":[{"taxonomy":"category","embeddable":true,"href":"https:\/\/wncri.org\/fr\/wp-json\/wp\/v2\/categories?post=12426"},{"taxonomy":"post_tag","embeddable":true,"href":"https:\/\/wncri.org\/fr\/wp-json\/wp\/v2\/tags?post=12426"}],"curies":[{"name":"wp","href":"https:\/\/api.w.org\/{rel}","templated":true}]}}