{"id":12422,"date":"2020-12-14T11:51:00","date_gmt":"2020-12-14T10:51:00","guid":{"rendered":"https:\/\/wncri.org\/fr\/?p=12422"},"modified":"2020-12-17T15:07:14","modified_gmt":"2020-12-17T14:07:14","slug":"golrokh-iraee-brutalisee","status":"publish","type":"post","link":"https:\/\/wncri.org\/fr\/2020\/12\/14\/golrokh-iraee-brutalisee\/","title":{"rendered":"Golrokh Iraee brutalis\u00e9e et emmen\u00e9e de force dans le quartier 2A d&#8217;Evine"},"content":{"rendered":"\n<p>CNRI Femmes \u2013 La prisonni\u00e8re politique Golrokh Iraee a \u00e9t\u00e9 brutalis\u00e9e et emmen\u00e9e de force dans le quartier 2A d&#8217;Evine.<\/p>\n\n\n\n<p>Les autorit\u00e9s de la prison de Qarchak, accompagn\u00e9es d&#8217;une vingtaine de gardiens et de gardiennes, sont entr\u00e9es dans le quartier 8 le dimanche 13 d\u00e9cembre 2020. Ils ont brutalis\u00e9 les prisonni\u00e8res politiques \u00e0 coups de matraques et de pistolets paralysants. Ensuite, plusieurs gardiens ont pris Golrokh Ebrahimi Iraee par les cheveux et l&#8217;ont tra\u00een\u00e9e sur le sol, en disant qu&#8217;elle devait \u00eatre transf\u00e9r\u00e9e au quartier 2A des services de renseignement des pasdarans de la prison d&#8217;Evine.<\/p>\n\n\n\n<p>Les services de renseignement des pasdarans <a href=\"https:\/\/wncri.org\/fr\/2020\/12\/09\/la-prisonniere-politique-golrokh-iraee-convoquee-au-quartier-2a-devine\/\" target=\"_blank\" rel=\"noreferrer noopener\">ont convoqu\u00e9<\/a> la prisonni\u00e8re politique Golrokh Iraee au quartier 2A de la prison d&#8217;Evine le lundi 7 d\u00e9cembre 2020, sans en mentionner de raison.<\/p>\n\n\n\n<p>La prisonni\u00e8re politique Golrokh Iraee, actuellement d\u00e9tenue \u00e0 <a href=\"https:\/\/wncri.org\/fr\/2020\/11\/04\/zahra-safai-et-golrokh-iraee\/\" target=\"_blank\" rel=\"noreferrer noopener\">la prison de Qarchak<\/a>, a qualifi\u00e9 cette mesure d&#8217;ill\u00e9gale et a refus\u00e9 de se rendre au quartier 2A de la prison d&#8217;Evine.<\/p>\n\n\n\n<p>Les services de renseignement des pasdarans ont d\u00e9clar\u00e9 dans la convocation que Golrokh Ebrahimi Iraee doit \u00eatre transf\u00e9r\u00e9e pendant une semaine pour y \u00eatre soumise \u00e0 des investigations.<\/p>\n\n\n\n<p>Golrolkh Ebrahimi Iraee a \u00e9t\u00e9 emprisonn\u00e9e \u00e0 Evine le 16 octobre 2015, pour avoir \u00e9crit un livre non publi\u00e9 contre la lapidation. Pendant son s\u00e9jour en prison, un nouveau dossier a \u00e9t\u00e9 mont\u00e9 contre elle, selon lequel elle a \u00e9t\u00e9 condamn\u00e9e \u00e0 une nouvelle peine d&#8217;emprisonnement.<\/p>\n\n\n\n<p>Apr\u00e8s une gr\u00e8ve de la faim de 81 jours, Golrokh Iraee a finalement \u00e9t\u00e9 lib\u00e9r\u00e9e de prison le 8 avril 2019, apr\u00e8s avoir purg\u00e9 sa premi\u00e8re peine, mais a d\u00fb verser une caution pour sa nouvelle peine de prison. Peu de temps apr\u00e8s, Mme Iraee a \u00e9t\u00e9 \u00e0 nouveau arr\u00eat\u00e9e et conduite \u00e0 la prison de Qarchak pour y purger sa peine de 3 ans et 7 mois de prison.&nbsp;&nbsp;<\/p>\n\n\n\n<p>La famille de Mme Iraee est extr\u00eamement pr\u00e9occup\u00e9e par la convocation de leur fille, en particulier par le fait qu&#8217;il ne lui reste qu&#8217;un an \u00e0 purger.<\/p>\n\n\n\n<p>La prisonni\u00e8re politique Golrokh Iraee a \u00e9t\u00e9 <a href=\"https:\/\/wncri.org\/fr\/2019\/03\/03\/la-prisonniere-politique-golrokh-ebrahimi-iraee-et-son-mari-toujours-prives-de-se-voir-en-iran\/\" target=\"_blank\" rel=\"noreferrer noopener\">priv\u00e9e d&#8217;appeler ou de rendre visite<\/a> \u00e0 son mari lors de son nouveau cycle d&#8217;emprisonnement \u00e0 la prison de Qarchak. Le prisonnier politique <a href=\"https:\/\/wncri.org\/fr\/2018\/11\/19\/golrokh-iraee-appelle-a-l-aide-dans-une-lettre-ouverte-pour-sauver-son-mari-en-iran\/\" target=\"_blank\" rel=\"noreferrer noopener\">Arash Sadeghi,<\/a> qui souffre d&#8217;un chondrosarcome (cancer des os), est d\u00e9tenu \u00e0 la prison Gohardasht de Karadj (alias Rajaishahr). Selon les lois du r\u00e9gime, les membres des familles qui sont simultan\u00e9ment d\u00e9tenus sont autoris\u00e9s \u00e0 recevoir des visites familiales m\u00eame s&#8217;ils sont d\u00e9tenus dans des prisons diff\u00e9rentes.<\/p>\n","protected":false},"excerpt":{"rendered":"<p>CNRI Femmes \u2013 La prisonni\u00e8re politique Golrokh Iraee a \u00e9t\u00e9 brutalis\u00e9e et emmen\u00e9e de force dans le quartier 2A d&#8217;Evine. Les autorit\u00e9s de la prison de Qarchak, accompagn\u00e9es d&#8217;une vingtaine de gardiens et de gardiennes, sont entr\u00e9es dans le quartier 8 le dimanche 13 d\u00e9cembre 2020. Ils ont brutalis\u00e9 les prisonni\u00e8res politiques \u00e0 coups de [&hellip;]<\/p>\n","protected":false},"author":4,"featured_media":12423,"comment_status":"closed","ping_status":"closed","sticky":false,"template":"","format":"standard","meta":{"jnews-multi-image_gallery":[],"jnews_single_post":{"subtitle":"","format":"standard","video":"","gallery":"","source_name":"","source_url":"","via_name":"","via_url":"","override":[{"single_blog_custom":"","sidebar":"","second_sidebar":"","share_position":"","share_float_style":"","post_date_format":"","post_date_format_custom":"","post_reading_time_wpm":"","zoom_button_out_step":"1","zoom_button_in_step":"1","number_popup_post":"1"}],"image_override":[{"single_post_thumbnail_size":"","single_post_gallery_size":""}],"trending_post_position":"","trending_post_label":"","sponsored_post_label":"","sponsored_post_name":"","sponsored_post_url":"","sponsored_post_logo":"","sponsored_post_desc":""},"jnews_primary_category":{"id":""},"jnews_social_meta":[],"jnews_override_counter":{"view_counter_number":"0","share_counter_number":"0","like_counter_number":"0","dislike_counter_number":"0"},"footnotes":""},"categories":[3],"tags":[370,376],"class_list":["post-12422","post","type-post","status-publish","format-standard","has-post-thumbnail","hentry","category-infos-des-femmes","tag-prisonnieres","tag-violence-contre-les-femmes"],"_links":{"self":[{"href":"https:\/\/wncri.org\/fr\/wp-json\/wp\/v2\/posts\/12422","targetHints":{"allow":["GET"]}}],"collection":[{"href":"https:\/\/wncri.org\/fr\/wp-json\/wp\/v2\/posts"}],"about":[{"href":"https:\/\/wncri.org\/fr\/wp-json\/wp\/v2\/types\/post"}],"author":[{"embeddable":true,"href":"https:\/\/wncri.org\/fr\/wp-json\/wp\/v2\/users\/4"}],"replies":[{"embeddable":true,"href":"https:\/\/wncri.org\/fr\/wp-json\/wp\/v2\/comments?post=12422"}],"version-history":[{"count":0,"href":"https:\/\/wncri.org\/fr\/wp-json\/wp\/v2\/posts\/12422\/revisions"}],"wp:featuredmedia":[{"embeddable":true,"href":"https:\/\/wncri.org\/fr\/wp-json\/wp\/v2\/media\/12423"}],"wp:attachment":[{"href":"https:\/\/wncri.org\/fr\/wp-json\/wp\/v2\/media?parent=12422"}],"wp:term":[{"taxonomy":"category","embeddable":true,"href":"https:\/\/wncri.org\/fr\/wp-json\/wp\/v2\/categories?post=12422"},{"taxonomy":"post_tag","embeddable":true,"href":"https:\/\/wncri.org\/fr\/wp-json\/wp\/v2\/tags?post=12422"}],"curies":[{"name":"wp","href":"https:\/\/api.w.org\/{rel}","templated":true}]}}