{"id":12389,"date":"2020-12-09T12:22:00","date_gmt":"2020-12-09T11:22:00","guid":{"rendered":"https:\/\/wncri.org\/fr\/?p=12389"},"modified":"2020-12-10T12:25:30","modified_gmt":"2020-12-10T11:25:30","slug":"rendre-des-comptes-pour-le-massacre-de-1988","status":"publish","type":"post","link":"https:\/\/wncri.org\/fr\/2020\/12\/09\/rendre-des-comptes-pour-le-massacre-de-1988\/","title":{"rendered":"Des experts de l&#8217;ONU appellent le r\u00e9gime iranien \u00e0 rendre des comptes pour le massacre de 1988"},"content":{"rendered":"\n<p>Les Nations Unies <a href=\"https:\/\/spcommreports.ohchr.org\/TMResultsBase\/DownLoadPublicCommunicationFile?gId=25503\" target=\"_blank\" rel=\"noreferrer noopener\">ont rendu public<\/a> le texte d&#8217;une communication de sept experts des droits humains appelant le r\u00e9gime iranien \u00e0 rendre compte pour le massacre des prisonniers politiques en Iran en 1988.<\/p>\n\n\n\n<p>Dans leur communication au r\u00e9gime iranien du 3 septembre 2020, les experts de l&#8217;ONU ont exprim\u00e9 leur vive inqui\u00e9tude face au refus pr\u00e9sum\u00e9 de r\u00e9v\u00e9ler le sort et le lieu o\u00f9 se trouvent des milliers de personnes qui ont disparu de force puis qui ont \u00e9t\u00e9 ex\u00e9cut\u00e9es extrajudiciairement en 1988.<\/p>\n\n\n\n<p>Les rapporteurs sp\u00e9ciaux des Nations unies ont donn\u00e9 <a href=\"https:\/\/wncri.org\/fr\/2019\/07\/28\/maryam-akbari-les-criminels-du-massacre-de-1988-sont-au-pouvoir-en-iran\/\" target=\"_blank\" rel=\"noreferrer noopener\">aux autorit\u00e9s iraniennes<\/a> 60 jours pour clarifier tous les cas port\u00e9s \u00e0 leur connaissance. Apr\u00e8s 60 jours, ils ont d\u00e9clar\u00e9 que la communication et toute r\u00e9ponse re\u00e7ue seraient rendues publiques via le site de notification des communications. Elles seront ensuite toutes rendues publiques dans le rapport habituel qui sera pr\u00e9sent\u00e9 au Conseil des droits de l&#8217;homme.<\/p>\n\n\n\n<p>Les experts ont r\u00e9it\u00e9r\u00e9 : \u00ab\u00a0Nous sommes pr\u00e9occup\u00e9s par le fait que la situation pourrait s&#8217;apparenter \u00e0 des crimes contre l&#8217;humanit\u00e9.\u00a0\u00bb Ils ont d\u00e9clar\u00e9 que si les autorit\u00e9s iraniennes \u00ab\u00a0continuent \u00e0 refuser de respecter leurs obligations en vertu du droit international des droits de l&#8217;homme, nous appelons la communaut\u00e9 internationale \u00e0 prendre des mesures pour enqu\u00eater sur ces affaires, notamment en mettant en place une enqu\u00eate internationale\u00a0\u00bb. Cette mesure des experts de l&#8217;ONU fait suite \u00e0 des d\u00e9cennies d&#8217;efforts de la <a href=\"https:\/\/wncri.org\/fr\/2020\/07\/27\/le-massacre-de-1988-le-plus-grand-crime-contre-lhumanite-reste-impuni\/\" target=\"_blank\" rel=\"noreferrer noopener\">R\u00e9sistance iranienne<\/a> pour que le r\u00e9gime rende compte du <a href=\"https:\/\/www.maryam-rajavi.com\/fr\/item\/maryam-radjavi-mettre-fin-30-ans-impunite-regime-mollahs\" target=\"_blank\" rel=\"noreferrer noopener\">massacre<\/a> de 30 000 prisonniers politiques en 1988 en Iran.<\/p>\n\n\n\n<p>&#8220;La communication des experts de l&#8217;ONU est une perc\u00e9e capitale. Elle marque un tournant dans la lutte de longue date des familles de victimes et des survivants, soutenus par les organisations iraniennes de d\u00e9fense des droits de l&#8217;homme et Amnesty International, pour mettre fin \u00e0 ces crimes et obtenir v\u00e9rit\u00e9, justice et r\u00e9paration&#8221;, a d\u00e9clar\u00e9 Diana Eltahawy, Directrice adjoint pour le Moyen-Orient et l&#8217;Afrique du Nord \u00e0 <a href=\"https:\/\/www.amnesty.org\/en\/latest\/news\/2020\/12\/iran-un-calls-for-accountability-on-1988-prison-massacres-marks-turning-point-in-three-decade-struggle\" target=\"_blank\" rel=\"noreferrer noopener\">Amnesty International<\/a>.<\/p>\n\n\n\n<p>Les experts des Nations unies qui publient la communication de septembre 2020 sont Liciano Hazan, pr\u00e9sident rapporteur du groupe de travail sur les disparitions forc\u00e9es ou involontaires ; Agn\u00e8s Callamard, rapporteur sp\u00e9cial sur les ex\u00e9cutions extrajudiciaires, sommaires ou arbitraires ; Cl\u00e9ment Nyaletsossi Voule, rapporteur sp\u00e9cial sur les droits \u00e0 la libert\u00e9 de r\u00e9union pacifique et d&#8217;association ; Javaid Rehman, rapporteur sp\u00e9cial sur la situation des droits de l&#8217;homme en R\u00e9publique islamique d&#8217;Iran ; Fionnuala Ni Aolain, le rapporteur sp\u00e9cial sur la promotion et la protection des droits de l&#8217;homme et des libert\u00e9s fondamentales dans la lutte contre le terrorisme ; Nils Melzer, le rapporteur sp\u00e9cial sur la torture et autres peines ou traitements cruels, inhumains ou d\u00e9gradants ; et Fabian Salvioli, le rapporteur sp\u00e9cial sur la promotion de la v\u00e9rit\u00e9, de la justice, de la r\u00e9paration et des garanties de non-r\u00e9p\u00e9tition.<\/p>\n\n\n\n<p>Dans leur communication aux autorit\u00e9s iraniennes, les experts ont d\u00e9clar\u00e9 qu&#8217;ils \u00e9taient \u00ab&nbsp;alarm\u00e9s par les all\u00e9gations de refus des autorit\u00e9s de fournir aux familles des certificats de d\u00e9c\u00e8s pr\u00e9cis et complets, la destruction de fosses communes, les menaces et le harc\u00e8lement continu des familles, l&#8217;absence d&#8217;enqu\u00eate et de poursuites pour les meurtres et les d\u00e9clarations du gouvernement niant ou banalisant les cas et assimilant les critiques des meurtres \u00e0 un soutien au terrorisme&nbsp;\u00bb.<\/p>\n\n\n\n<p>Ils ont soulign\u00e9 qu&#8217; \u00ab&nbsp;une disparition forc\u00e9e se poursuit jusqu&#8217;\u00e0 ce que le sort de la personne concern\u00e9e et le lieu o\u00f9 elle se trouve soient \u00e9tablis, quel que soit le temps \u00e9coul\u00e9, et que les membres de la famille ont droit \u00e0 la v\u00e9rit\u00e9, ce qui signifie le droit de conna\u00eetre le d\u00e9roulement et les r\u00e9sultats d&#8217;une enqu\u00eate, le sort des personnes disparues ou le lieu o\u00f9 elles se trouvent, ainsi que les circonstances des disparitions et l&#8217;identit\u00e9 des auteurs. Nous soulignons que cette obligation est applicable \u00e0 toute personne qui aurait \u00e9t\u00e9 victime d&#8217;une disparition forc\u00e9e ou d&#8217;un assassinat ill\u00e9gal, qu&#8217;elle soit civile ou d\u00e9finie comme &#8220;terroriste&#8221; ou menace \u00e0 la s\u00e9curit\u00e9 nationale en vertu du droit national&nbsp;\u00bb.<\/p>\n","protected":false},"excerpt":{"rendered":"<p>Les Nations Unies ont rendu public le texte d&#8217;une communication de sept experts des droits humains appelant le r\u00e9gime iranien \u00e0 rendre compte pour le massacre des prisonniers politiques en Iran en 1988. Dans leur communication au r\u00e9gime iranien du 3 septembre 2020, les experts de l&#8217;ONU ont exprim\u00e9 leur vive inqui\u00e9tude face au refus [&hellip;]<\/p>\n","protected":false},"author":4,"featured_media":12390,"comment_status":"closed","ping_status":"closed","sticky":false,"template":"","format":"standard","meta":{"jnews-multi-image_gallery":[],"jnews_single_post":{"subtitle":"","format":"standard","video":"","gallery":"","source_name":"","source_url":"","via_name":"","via_url":"","override":[{"single_blog_custom":"","sidebar":"","second_sidebar":"","share_position":"","share_float_style":"","post_date_format":"","post_date_format_custom":"","post_reading_time_wpm":"","zoom_button_out_step":"1","zoom_button_in_step":"1","number_popup_post":"1"}],"image_override":[{"single_post_thumbnail_size":"","single_post_gallery_size":""}],"trending_post_position":"","trending_post_label":"","sponsored_post_label":"","sponsored_post_name":"","sponsored_post_url":"","sponsored_post_logo":"","sponsored_post_desc":""},"jnews_primary_category":{"id":""},"jnews_social_meta":[],"jnews_override_counter":{"view_counter_number":"0","share_counter_number":"0","like_counter_number":"0","dislike_counter_number":"0"},"footnotes":""},"categories":[3],"tags":[370],"class_list":["post-12389","post","type-post","status-publish","format-standard","has-post-thumbnail","hentry","category-infos-des-femmes","tag-prisonnieres"],"_links":{"self":[{"href":"https:\/\/wncri.org\/fr\/wp-json\/wp\/v2\/posts\/12389","targetHints":{"allow":["GET"]}}],"collection":[{"href":"https:\/\/wncri.org\/fr\/wp-json\/wp\/v2\/posts"}],"about":[{"href":"https:\/\/wncri.org\/fr\/wp-json\/wp\/v2\/types\/post"}],"author":[{"embeddable":true,"href":"https:\/\/wncri.org\/fr\/wp-json\/wp\/v2\/users\/4"}],"replies":[{"embeddable":true,"href":"https:\/\/wncri.org\/fr\/wp-json\/wp\/v2\/comments?post=12389"}],"version-history":[{"count":0,"href":"https:\/\/wncri.org\/fr\/wp-json\/wp\/v2\/posts\/12389\/revisions"}],"wp:featuredmedia":[{"embeddable":true,"href":"https:\/\/wncri.org\/fr\/wp-json\/wp\/v2\/media\/12390"}],"wp:attachment":[{"href":"https:\/\/wncri.org\/fr\/wp-json\/wp\/v2\/media?parent=12389"}],"wp:term":[{"taxonomy":"category","embeddable":true,"href":"https:\/\/wncri.org\/fr\/wp-json\/wp\/v2\/categories?post=12389"},{"taxonomy":"post_tag","embeddable":true,"href":"https:\/\/wncri.org\/fr\/wp-json\/wp\/v2\/tags?post=12389"}],"curies":[{"name":"wp","href":"https:\/\/api.w.org\/{rel}","templated":true}]}}