{"id":12387,"date":"2020-12-09T12:20:00","date_gmt":"2020-12-09T11:20:00","guid":{"rendered":"https:\/\/wncri.org\/fr\/?p=12387"},"modified":"2020-12-10T12:22:03","modified_gmt":"2020-12-10T11:22:03","slug":"la-prisonniere-politique-golrokh-iraee-convoquee-au-quartier-2a-devine","status":"publish","type":"post","link":"https:\/\/wncri.org\/fr\/2020\/12\/09\/la-prisonniere-politique-golrokh-iraee-convoquee-au-quartier-2a-devine\/","title":{"rendered":"La prisonni\u00e8re politique Golrokh Iraee convoqu\u00e9e au quartier 2A d&#8217;Evine"},"content":{"rendered":"\n<p>CNRI Femmes \u2013 La prisonni\u00e8re politique Golrokh Iraee convoqu\u00e9e au quartier 2A de la prison d\u2019Evine par les services de renseignement des pasdarans.<\/p>\n\n\n\n<p>Ces services l\u2019ont convoqu\u00e9e le lundi 7 d\u00e9cembre 2020, sans mentionner de raison.<\/p>\n\n\n\n<p>La <a href=\"https:\/\/wncri.org\/fr\/2020\/11\/04\/zahra-safai-et-golrokh-iraee\/\" target=\"_blank\" rel=\"noreferrer noopener\">prisonni\u00e8re politique<\/a> Golrokh Iraee, actuellement d\u00e9tenue \u00e0 la prison de Qarchak, a qualifi\u00e9 cette mesure d&#8217;ill\u00e9gale et a refus\u00e9 de se rendre au centre de d\u00e9tention des pasdarans dans le quartier 2A de la prison d&#8217;Evine. Elle a d\u00e9clar\u00e9 qu&#8217;elle purgeait actuellement sa peine \u00e0 la prison de Qarchak.<\/p>\n\n\n\n<p>Les services de renseignement ont d\u00e9clar\u00e9 dans la convocation que Golrokh Iraee doit \u00eatre transf\u00e9r\u00e9 pendant une semaine au quartier 2A de la prison d&#8217;Evine pour y \u00eatre soumise \u00e0 une enqu\u00eate.<\/p>\n\n\n\n<p>Golrolkh a \u00e9t\u00e9 emprisonn\u00e9e \u00e0 Evine le 16 octobre 2015, pour avoir \u00e9crit un livre non publi\u00e9 contre la lapidation. Pendant son s\u00e9jour en prison, un nouveau dossier a \u00e9t\u00e9 mont\u00e9 contre elle, sur la base duquel elle a \u00e9t\u00e9 condamn\u00e9e \u00e0 une nouvelle peine d&#8217;emprisonnement.<\/p>\n\n\n\n<p>Apr\u00e8s une gr\u00e8ve de la faim de 81 jours, Golrokh Iraee a finalement \u00e9t\u00e9 lib\u00e9r\u00e9e de prison le 8 avril 2019, apr\u00e8s avoir purg\u00e9 sa premi\u00e8re peine, mais a d\u00fb verser une caution pour sa nouvelle peine de prison. Peu de temps apr\u00e8s, Mme Iraee a \u00e9t\u00e9 \u00e0 nouveau arr\u00eat\u00e9e et conduite \u00e0 la prison de Qarchak pour y purger sa peine de <a href=\"https:\/\/wncri.org\/fr\/2019\/09\/06\/les-peines-de-golrokh-ebrahimi-iraee-et-atena-daemi-maintenues-en-iran\/\" target=\"_blank\" rel=\"noreferrer noopener\">3 ans et 7 mois de prison<\/a>.\u00a0\u00a0<\/p>\n\n\n\n<p>La famille de Mme Iraee est extr\u00eamement pr\u00e9occup\u00e9e par la convocation de leur fille, en particulier par le fait qu&#8217;il ne reste qu&#8217;un an avant sa lib\u00e9ration.<\/p>\n\n\n\n<p>La prisonni\u00e8re politique Golrokh Iraee a \u00e9t\u00e9 priv\u00e9e d&#8217;appeler ou de rendre visite \u00e0 son mari pendant son nouveau cycle d&#8217;emprisonnement \u00e0 la prison de Qarchak. Le prisonnier politique Arash Sadeghi, qui souffre d&#8217;un chondrosarcome (cancer des os), est d\u00e9tenu \u00e0 la prison Gohardacht de la ville de Karadj (alias Rajaishahr). Selon les lois du r\u00e9gime, les membres des familles qui sont simultan\u00e9ment d\u00e9tenus sont autoris\u00e9s \u00e0 se rencontrer m\u00eame s&#8217;ils sont d\u00e9tenus dans des prisons diff\u00e9rentes.<\/p>\n","protected":false},"excerpt":{"rendered":"<p>CNRI Femmes \u2013 La prisonni\u00e8re politique Golrokh Iraee convoqu\u00e9e au quartier 2A de la prison d\u2019Evine par les services de renseignement des pasdarans. Ces services l\u2019ont convoqu\u00e9e le lundi 7 d\u00e9cembre 2020, sans mentionner de raison. La prisonni\u00e8re politique Golrokh Iraee, actuellement d\u00e9tenue \u00e0 la prison de Qarchak, a qualifi\u00e9 cette mesure d&#8217;ill\u00e9gale et a [&hellip;]<\/p>\n","protected":false},"author":4,"featured_media":12383,"comment_status":"closed","ping_status":"closed","sticky":false,"template":"","format":"standard","meta":{"jnews-multi-image_gallery":[],"jnews_single_post":{"subtitle":"","format":"standard","video":"","gallery":"","source_name":"","source_url":"","via_name":"","via_url":"","override":[{"single_blog_custom":"","sidebar":"","second_sidebar":"","share_position":"","share_float_style":"","post_date_format":"","post_date_format_custom":"","post_reading_time_wpm":"","zoom_button_out_step":"1","zoom_button_in_step":"1","number_popup_post":"1"}],"image_override":[{"single_post_thumbnail_size":"","single_post_gallery_size":""}],"trending_post_position":"","trending_post_label":"","sponsored_post_label":"","sponsored_post_name":"","sponsored_post_url":"","sponsored_post_logo":"","sponsored_post_desc":""},"jnews_primary_category":{"id":""},"jnews_social_meta":[],"jnews_override_counter":{"view_counter_number":"0","share_counter_number":"0","like_counter_number":"0","dislike_counter_number":"0"},"footnotes":""},"categories":[3],"tags":[370],"class_list":["post-12387","post","type-post","status-publish","format-standard","has-post-thumbnail","hentry","category-infos-des-femmes","tag-prisonnieres"],"_links":{"self":[{"href":"https:\/\/wncri.org\/fr\/wp-json\/wp\/v2\/posts\/12387","targetHints":{"allow":["GET"]}}],"collection":[{"href":"https:\/\/wncri.org\/fr\/wp-json\/wp\/v2\/posts"}],"about":[{"href":"https:\/\/wncri.org\/fr\/wp-json\/wp\/v2\/types\/post"}],"author":[{"embeddable":true,"href":"https:\/\/wncri.org\/fr\/wp-json\/wp\/v2\/users\/4"}],"replies":[{"embeddable":true,"href":"https:\/\/wncri.org\/fr\/wp-json\/wp\/v2\/comments?post=12387"}],"version-history":[{"count":0,"href":"https:\/\/wncri.org\/fr\/wp-json\/wp\/v2\/posts\/12387\/revisions"}],"wp:featuredmedia":[{"embeddable":true,"href":"https:\/\/wncri.org\/fr\/wp-json\/wp\/v2\/media\/12383"}],"wp:attachment":[{"href":"https:\/\/wncri.org\/fr\/wp-json\/wp\/v2\/media?parent=12387"}],"wp:term":[{"taxonomy":"category","embeddable":true,"href":"https:\/\/wncri.org\/fr\/wp-json\/wp\/v2\/categories?post=12387"},{"taxonomy":"post_tag","embeddable":true,"href":"https:\/\/wncri.org\/fr\/wp-json\/wp\/v2\/tags?post=12387"}],"curies":[{"name":"wp","href":"https:\/\/api.w.org\/{rel}","templated":true}]}}