{"id":12374,"date":"2020-12-08T14:51:00","date_gmt":"2020-12-08T13:51:00","guid":{"rendered":"https:\/\/wncri.org\/fr\/?p=12374"},"modified":"2020-12-08T14:55:50","modified_gmt":"2020-12-08T13:55:50","slug":"prisonnieres-politiques-a-qarchak","status":"publish","type":"post","link":"https:\/\/wncri.org\/fr\/2020\/12\/08\/prisonnieres-politiques-a-qarchak\/","title":{"rendered":"D\u00e9claration des prisonni\u00e8res politiques de Qarchak sur le d\u00e9c\u00e8s du Dr Maleki"},"content":{"rendered":"\n<p>D\u00e9claration des prisonni\u00e8res politiques de Qarchak sur le d\u00e9c\u00e8s du Dr Maleki<\/p>\n\n\n\n<p> Pour marquer le d\u00e9c\u00e8s le 2 d\u00e9cembre 2020 du <a href=\"https:\/\/www.maryam-rajavi.com\/fr\/item\/maryam-radjavi-mohammad-maleki-universite-de-teheran\" target=\"_blank\" rel=\"noreferrer noopener\">Dr Mohammad Maleki<\/a>, premier pr\u00e9sident de l&#8217;universit\u00e9 de T\u00e9h\u00e9ran apr\u00e8s la r\u00e9volution de 1979, un groupe de d\u00e9tenus politiques a publi\u00e9 une d\u00e9claration provenant de diverses prisons du pays. Un groupe de prisonni\u00e8res politiques de <a href=\"https:\/\/wncri.org\/fr\/2020\/04\/20\/regard-sur-la-situation-tragique-a-la-prison-pour-femmes-de-qarchak-en-iran\/\" target=\"_blank\" rel=\"noreferrer noopener\">la prison de Qarchak<\/a> figurait parmi les signataires de cette d\u00e9claration, dans laquelle elles ont \u00e9crit :<\/p>\n\n\n\n<p>Le Dr Mohammad Maleki nous a quitt\u00e9s pour l\u2019autre monde, \u00e9ternel. Il a pass\u00e9 toute sa vie \u00e0 lutter contre les dictatures du chah et des mollahs, pour la libert\u00e9 de l&#8217;Iran et des Iraniens. Il a pass\u00e9 des ann\u00e9es en prison sous la torture et a assist\u00e9 aux ex\u00e9cutions dans les ann\u00e9es 1980. Il nous a appris \u00e0 \u00ab&nbsp;rechercher la libert\u00e9 de la naissance \u00e0 la mort&nbsp;\u00bb.<\/p>\n\n\n\n<p>Ce vieux combattant de la libert\u00e9 a consacr\u00e9 toute sa vie \u00e0 la libert\u00e9 sans rien attendre en retour pour lui-m\u00eame. Il \u00e9tait un fervent d\u00e9fenseur des prisonniers politiques et des amoureux de la libert\u00e9 en Iran. Il n&#8217;a jamais recherch\u00e9 la gloire.<\/p>\n\n\n\n<p>Les institutions europ\u00e9ennes officielles qui, au cours des 40 derni\u00e8res ann\u00e9es, ont accord\u00e9 des prix politiques \u00e0 de nombreuses personnes, en fonction de leurs propres int\u00e9r\u00eats et objectifs politiques, n&#8217;en ont m\u00eame pas accord\u00e9 un \u00e0 ce premier pr\u00e9sident de la plus grande universit\u00e9 d&#8217;Iran apr\u00e8s la r\u00e9volution antimonarchique. Lui, qui a pay\u00e9 le prix fort de sa qu\u00eate de libert\u00e9, n&#8217;\u00e9tait-il pas qualifi\u00e9&nbsp;? Ou ce type de prix n&#8217;est-il pas ad\u00e9quat pour ce grand homme ? Les \u00e9tudiants iraniens et les amoureux de la libert\u00e9 connaissent clairement la r\u00e9ponse \u00e0 cette question.<\/p>\n\n\n\n<p>Vive la libert\u00e9 et gloire au Dr Mohammad Maleki, enseignant de longue date de la libert\u00e9<\/p>\n\n\n\n<p>Le 6 d\u00e9cembre 2020<\/p>\n\n\n\n<p>Un groupe de prisonni\u00e8res politiques de Qarchak \u00e0 Varamine<\/p>\n\n\n\n<p>Un groupe de prisonniers politiques du grand p\u00e9nitencier de T\u00e9h\u00e9ran, de la prison centrale de Karaj, de la prison centrale d\u2019Oroumieh, de la prison de Shayban d&#8217;Ahwaz, de la prison de Qom et de la prison d&#8217;Evine.<\/p>\n","protected":false},"excerpt":{"rendered":"<p>D\u00e9claration des prisonni\u00e8res politiques de Qarchak sur le d\u00e9c\u00e8s du Dr Maleki Pour marquer le d\u00e9c\u00e8s le 2 d\u00e9cembre 2020 du Dr Mohammad Maleki, premier pr\u00e9sident de l&#8217;universit\u00e9 de T\u00e9h\u00e9ran apr\u00e8s la r\u00e9volution de 1979, un groupe de d\u00e9tenus politiques a publi\u00e9 une d\u00e9claration provenant de diverses prisons du pays. Un groupe de prisonni\u00e8res politiques [&hellip;]<\/p>\n","protected":false},"author":4,"featured_media":12375,"comment_status":"closed","ping_status":"closed","sticky":false,"template":"","format":"standard","meta":{"jnews-multi-image_gallery":[],"jnews_single_post":{"subtitle":"","format":"standard","video":"","gallery":"","source_name":"","source_url":"","via_name":"","via_url":"","override":[{"single_blog_custom":"","sidebar":"","second_sidebar":"","share_position":"","share_float_style":"","post_date_format":"","post_date_format_custom":"","post_reading_time_wpm":"","zoom_button_out_step":"1","zoom_button_in_step":"1","number_popup_post":"1"}],"image_override":[{"single_post_thumbnail_size":"","single_post_gallery_size":""}],"trending_post_position":"","trending_post_label":"","sponsored_post_label":"","sponsored_post_name":"","sponsored_post_url":"","sponsored_post_logo":"","sponsored_post_desc":""},"jnews_primary_category":{"id":""},"jnews_social_meta":[],"jnews_override_counter":{"view_counter_number":"0","share_counter_number":"0","like_counter_number":"0","dislike_counter_number":"0"},"footnotes":""},"categories":[3],"tags":[370],"class_list":["post-12374","post","type-post","status-publish","format-standard","has-post-thumbnail","hentry","category-infos-des-femmes","tag-prisonnieres"],"_links":{"self":[{"href":"https:\/\/wncri.org\/fr\/wp-json\/wp\/v2\/posts\/12374","targetHints":{"allow":["GET"]}}],"collection":[{"href":"https:\/\/wncri.org\/fr\/wp-json\/wp\/v2\/posts"}],"about":[{"href":"https:\/\/wncri.org\/fr\/wp-json\/wp\/v2\/types\/post"}],"author":[{"embeddable":true,"href":"https:\/\/wncri.org\/fr\/wp-json\/wp\/v2\/users\/4"}],"replies":[{"embeddable":true,"href":"https:\/\/wncri.org\/fr\/wp-json\/wp\/v2\/comments?post=12374"}],"version-history":[{"count":0,"href":"https:\/\/wncri.org\/fr\/wp-json\/wp\/v2\/posts\/12374\/revisions"}],"wp:featuredmedia":[{"embeddable":true,"href":"https:\/\/wncri.org\/fr\/wp-json\/wp\/v2\/media\/12375"}],"wp:attachment":[{"href":"https:\/\/wncri.org\/fr\/wp-json\/wp\/v2\/media?parent=12374"}],"wp:term":[{"taxonomy":"category","embeddable":true,"href":"https:\/\/wncri.org\/fr\/wp-json\/wp\/v2\/categories?post=12374"},{"taxonomy":"post_tag","embeddable":true,"href":"https:\/\/wncri.org\/fr\/wp-json\/wp\/v2\/tags?post=12374"}],"curies":[{"name":"wp","href":"https:\/\/api.w.org\/{rel}","templated":true}]}}