{"id":12337,"date":"2020-11-30T16:30:00","date_gmt":"2020-11-30T15:30:00","guid":{"rendered":"https:\/\/wncri.org\/fr\/?p=12337"},"modified":"2020-12-01T16:35:34","modified_gmt":"2020-12-01T15:35:34","slug":"zeinab-jalalian-sous-pression","status":"publish","type":"post","link":"https:\/\/wncri.org\/fr\/2020\/11\/30\/zeinab-jalalian-sous-pression\/","title":{"rendered":"Zeinab Jalalian sous pression pour exprimer des remords et coop\u00e9rer en prison"},"content":{"rendered":"\n<p>Zeinab Jalalian sous pression pour exprimer des remords et coop\u00e9rer en prison<\/p>\n\n\n\n<p> \u00a0Zeinab Jalalian est sous pressions pyschologiques pour exprimer des remords et coop\u00e9rer avec le minist\u00e8re du renseignement, le Vevak.<\/p>\n\n\n\n<p>Zeinab Jalalian a \u00e9t\u00e9 transf\u00e9r\u00e9e au service de quarantaine de la <a href=\"https:\/\/wncri.org\/fr\/2020\/11\/13\/zeinab-jalalian-emmenee-a-la-prison-de-yazd\/\" target=\"_blank\" rel=\"noreferrer noopener\">prison de Yazd<\/a> \u00e0 la mi-novembre, pour la quatri\u00e8me fois en six mois. Depuis lors, elle n&#8217;a \u00e9t\u00e9 autoris\u00e9e \u00e0 appeler sa famille qu&#8217;une seule fois, afin de faire pression sur elle pour qu&#8217;elle coop\u00e8re avec le minist\u00e8re du Renseignement.<\/p>\n\n\n\n<p>Selon une source proche de Zeinab Jalalian : \u00ab&nbsp;Depuis qu&#8217;elle est d\u00e9tenue \u00e0 la prison de Yazd, elle n&#8217;a eu qu&#8217;un bref appel t\u00e9l\u00e9phonique avec sa famille. Elle a confi\u00e9 \u00e0 sa famille que la s\u00e9curit\u00e9 de la prison lui avait dit que tant qu&#8217;elle n&#8217;exprimerait pas de remords et ne collaborerait pas avec les interrogateurs, elle serait priv\u00e9e de tous ses droits de prisonni\u00e8re.&nbsp;\u00bb<\/p>\n\n\n\n<p>Zeinab Jalalian a \u00e9t\u00e9 brutalis\u00e9e, menac\u00e9e et insult\u00e9e sur le chemin de la prison de Yazd.<\/p>\n\n\n\n<p>Zeinab Jalalian sous pression pour exprimer des remords et coop\u00e9rer en prison<\/p>\n\n\n\n<p>Elle est dans un \u00e9tat de sant\u00e9 d\u00e9plorable car elle n&#8217;a pas re\u00e7u de soins m\u00e9dicaux ad\u00e9quats malgr\u00e9 son <a href=\"https:\/\/wncri.org\/fr\/2020\/06\/07\/la-prisonniere-politique-kurde-zeinab-jalalian-contaminee-par-le-covid-19\/\" target=\"_blank\" rel=\"noreferrer noopener\">infection par le COVID-19<\/a>. Elle souffrait d\u00e9j\u00e0 de diverses maladies dues \u00e0 pr\u00e8s de 15 ans d&#8217;emprisonnement et de torture. Son \u00e9tat asthmatique s&#8217;est encore d\u00e9t\u00e9rior\u00e9 apr\u00e8s avoir contract\u00e9 le COVID-19 \u00e0 la prison de Qarchak \u00e0 Varamine.<\/p>\n\n\n\n<p>Selon des informations fiables, les agences de renseignement augmentent la pression physique et psychologique exerc\u00e9e sur Mme Jalalian par ces transf\u00e9rements r\u00e9p\u00e9t\u00e9s.<\/p>\n\n\n\n<p>Lorsqu&#8217;elle \u00e9tait \u00e0 la prison de Qarchak, les services de renseignement ont approch\u00e9 Mme Jalalian sous l&#8217;apparence d&#8217;avocats des droits de l&#8217;homme pour essayer de la persuader de coop\u00e9rer avec le VEVAK et de passer \u00e0 la t\u00e9l\u00e9vision d&#8217;\u00c9tat pour une interview et une autocritique. <a href=\"https:\/\/wncri.org\/fr\/2020\/05\/08\/golrokh-ebrahimi-iraee-zeinab-jalalian-est-le-symbole-de-la-lutte\/\" target=\"_blank\" rel=\"noreferrer noopener\">Elle n&#8217;a pas accept\u00e9<\/a>.<\/p>\n\n\n\n<p>Un agent du minist\u00e8re du Renseignements qui s&#8217;est pr\u00e9sent\u00e9 sous le nom de Sirvan Rahimi, venant de Sanandaj, lui a donn\u00e9 son num\u00e9ro de t\u00e9l\u00e9phone en disant qu&#8217;elle pouvait l&#8217;appeler si elle changeait d&#8217;avis et souhaitait coop\u00e9rer avec le VEVAK.<\/p>\n\n\n\n<p>Zeinab Jalalian est condamn\u00e9e \u00e0 la prison \u00e0 vie. Elle purge sa treizi\u00e8me ann\u00e9e de prison. Elle souffre de diverses maladies, notamment d&#8217;asthme, de pt\u00e9rygion, d&#8217;un muguet buccal et de complications gastro-intestinales.<\/p>\n","protected":false},"excerpt":{"rendered":"<p>Zeinab Jalalian sous pression pour exprimer des remords et coop\u00e9rer en prison \u00a0Zeinab Jalalian est sous pressions pyschologiques pour exprimer des remords et coop\u00e9rer avec le minist\u00e8re du renseignement, le Vevak. Zeinab Jalalian a \u00e9t\u00e9 transf\u00e9r\u00e9e au service de quarantaine de la prison de Yazd \u00e0 la mi-novembre, pour la quatri\u00e8me fois en six mois. [&hellip;]<\/p>\n","protected":false},"author":4,"featured_media":12338,"comment_status":"closed","ping_status":"closed","sticky":false,"template":"","format":"standard","meta":{"jnews-multi-image_gallery":[],"jnews_single_post":{"subtitle":"","format":"standard","video":"","gallery":"","source_name":"","source_url":"","via_name":"","via_url":"","override":[{"single_blog_custom":"","sidebar":"","second_sidebar":"","share_position":"","share_float_style":"","post_date_format":"","post_date_format_custom":"","post_reading_time_wpm":"","zoom_button_out_step":"1","zoom_button_in_step":"1","number_popup_post":"1"}],"image_override":[{"single_post_thumbnail_size":"","single_post_gallery_size":""}],"trending_post_position":"","trending_post_label":"","sponsored_post_label":"","sponsored_post_name":"","sponsored_post_url":"","sponsored_post_logo":"","sponsored_post_desc":""},"jnews_primary_category":{"id":""},"jnews_social_meta":[],"jnews_override_counter":{"view_counter_number":"0","share_counter_number":"0","like_counter_number":"0","dislike_counter_number":"0"},"footnotes":""},"categories":[3],"tags":[],"class_list":["post-12337","post","type-post","status-publish","format-standard","has-post-thumbnail","hentry","category-infos-des-femmes"],"_links":{"self":[{"href":"https:\/\/wncri.org\/fr\/wp-json\/wp\/v2\/posts\/12337","targetHints":{"allow":["GET"]}}],"collection":[{"href":"https:\/\/wncri.org\/fr\/wp-json\/wp\/v2\/posts"}],"about":[{"href":"https:\/\/wncri.org\/fr\/wp-json\/wp\/v2\/types\/post"}],"author":[{"embeddable":true,"href":"https:\/\/wncri.org\/fr\/wp-json\/wp\/v2\/users\/4"}],"replies":[{"embeddable":true,"href":"https:\/\/wncri.org\/fr\/wp-json\/wp\/v2\/comments?post=12337"}],"version-history":[{"count":0,"href":"https:\/\/wncri.org\/fr\/wp-json\/wp\/v2\/posts\/12337\/revisions"}],"wp:featuredmedia":[{"embeddable":true,"href":"https:\/\/wncri.org\/fr\/wp-json\/wp\/v2\/media\/12338"}],"wp:attachment":[{"href":"https:\/\/wncri.org\/fr\/wp-json\/wp\/v2\/media?parent=12337"}],"wp:term":[{"taxonomy":"category","embeddable":true,"href":"https:\/\/wncri.org\/fr\/wp-json\/wp\/v2\/categories?post=12337"},{"taxonomy":"post_tag","embeddable":true,"href":"https:\/\/wncri.org\/fr\/wp-json\/wp\/v2\/tags?post=12337"}],"curies":[{"name":"wp","href":"https:\/\/api.w.org\/{rel}","templated":true}]}}