{"id":12328,"date":"2020-11-28T20:37:25","date_gmt":"2020-11-28T19:37:25","guid":{"rendered":"https:\/\/wncri.org\/fr\/?p=12328"},"modified":"2020-11-29T20:42:37","modified_gmt":"2020-11-29T19:42:37","slug":"maintien-en-detention-dune-infirmiere-et-dune-philosophe-a-evine","status":"publish","type":"post","link":"https:\/\/wncri.org\/fr\/2020\/11\/28\/maintien-en-detention-dune-infirmiere-et-dune-philosophe-a-evine\/","title":{"rendered":"Maintien en d\u00e9tention d&#8217;une infirmi\u00e8re et d&#8217;une philosophe \u00e0 Evine"},"content":{"rendered":"\n<h2 class=\"wp-block-heading\"><em>Bahareh Soleimani et Somayeh Kargar toujours d\u00e9tenues en isolement ; l&#8217;\u00e9tudiante en anthropologie Elham Samimi arr\u00eat\u00e9e et d\u00e9tenue<\/em><\/h2>\n\n\n\n<p>Maintien en d\u00e9tention d&#8217;une infirmi\u00e8re et d&#8217;une philosophe \u00e0 Evine<\/p>\n\n\n\n<p>CNRI Femmes &#8211; Bahareh Soleimani est toujours d\u00e9tenue dans la section 209 du minist\u00e8re du Renseignement de la prison d&#8217;Evine \u00e0 T\u00e9h\u00e9ran, pr\u00e8s d&#8217;un mois et demi apr\u00e8s son arrestation le 16 octobre 2020.<\/p>\n\n\n\n<p>Bahareh Soleimani, 43 ans, est une infirmi\u00e8re qui a travaill\u00e9 pour les r\u00e9seaux de sant\u00e9. Elle a souffert de l\u00e9sions pulmonaires au cours des dix derniers mois, pendant qu\u2019elle s&#8217;occupait de patients atteints de COVID-19. Mais depuis son arrestation, elle est priv\u00e9e des soins m\u00e9dicaux dont elle a besoin. Elle n&#8217;a pass\u00e9 que trois appels d&#8217;une minute \u00e0 sa famille depuis sa d\u00e9tention.<\/p>\n\n\n\n<p>Le 16 octobre 2020, des agents qui se sont pr\u00e9sent\u00e9s comme membres de la police de s\u00e9curit\u00e9 ont fait irruption chez elle et ont mis la maison \u00e0 sac pendant deux heures. Puis, ils ont arr\u00eat\u00e9 Bahareh Soleimani et l&#8217;ont emmen\u00e9e. Ils ont dit \u00e0 la famille de se rendre au tribunal d&#8217;Evine le 18 octobre. Mais lorsque ses proches s\u2019y sont rendus, on leur a dit que leur fille \u00e9tait en isolement et qu&#8217;elle ne pouvait pas recevoir de visites tant que son statut n&#8217;\u00e9tait pas d\u00e9termin\u00e9.<\/p>\n\n\n\n<div class=\"wp-block-image\"><figure class=\"aligncenter size-large\"><img decoding=\"async\" src=\"data:image\/gif;base64,R0lGODlhAQABAIAAAAAAAP\/\/\/yH5BAEAAAAALAAAAAABAAEAAAIBRAA7\" data-src=\"https:\/\/wncri.org\/fr\/wp-content\/uploads\/2020\/11\/Somayyeh-Kargar-in-209-min.jpg\" alt=\"Maintien en d\u00e9tention d'une infirmi\u00e8re et d'une philosophe \u00e0 Evine\" class=\"wp-image-12331 lazyload\"\/><noscript><img decoding=\"async\" width=\"750\" height=\"375\" src=\"https:\/\/wncri.org\/fr\/wp-content\/uploads\/2020\/11\/Somayyeh-Kargar-in-209-min.jpg\" alt=\"Maintien en d\u00e9tention d'une infirmi\u00e8re et d'une philosophe \u00e0 Evine\" class=\"wp-image-12331 lazyload\" srcset=\"https:\/\/wncri.org\/fr\/wp-content\/uploads\/2020\/11\/Somayyeh-Kargar-in-209-min.jpg 750w, https:\/\/wncri.org\/fr\/wp-content\/uploads\/2020\/11\/Somayyeh-Kargar-in-209-min-300x150.jpg 300w, https:\/\/wncri.org\/fr\/wp-content\/uploads\/2020\/11\/Somayyeh-Kargar-in-209-min-360x180.jpg 360w\" sizes=\"(max-width: 750px) 100vw, 750px\" \/><\/noscript><figcaption><strong>Somayeh Kargar<\/strong><\/figcaption><\/figure><\/div>\n\n\n\n<h3 class=\"wp-block-heading\"><strong>Somayeh Kargar<\/strong><\/h3>\n\n\n\n<p><a href=\"https:\/\/wncri.org\/fr\/2020\/10\/24\/arrestations-arbitraires\/\" target=\"_blank\" rel=\"noreferrer noopener\">Somayeh Kargar<\/a> continue \u00e9galement d&#8217;\u00eatre d\u00e9tenue dans le quartier 209 d&#8217;Evine depuis son arrestation le 16 octobre 2020. Mme Kargar, une Kurde d&#8217;Ilam, est dipl\u00f4m\u00e9e en philosophie de l&#8217;universit\u00e9 de Tabriz. Elle souffre d&#8217;une maladie oculaire rare. Lors d&#8217;un bref appel \u00e0 sa famille, elle a d\u00e9clar\u00e9 que sa vue s&#8217;\u00e9tait tellement d\u00e9t\u00e9rior\u00e9e qu&#8217;elle \u00e9tait \u00e0 peine capable de se d\u00e9placer.<\/p>\n\n\n\n<div class=\"wp-block-image\"><figure class=\"aligncenter size-large is-resized\"><img decoding=\"async\" src=\"data:image\/gif;base64,R0lGODlhAQABAIAAAAAAAP\/\/\/yH5BAEAAAAALAAAAAABAAEAAAIBRAA7\" data-src=\"https:\/\/wncri.org\/fr\/wp-content\/uploads\/2020\/11\/Elham-Samimi-detained-min.jpg\" alt=\"\" class=\"wp-image-12329 lazyload\" width=\"752\" height=\"376\"\/><noscript><img decoding=\"async\" src=\"https:\/\/wncri.org\/fr\/wp-content\/uploads\/2020\/11\/Elham-Samimi-detained-min.jpg\" alt=\"\" class=\"wp-image-12329 lazyload\" width=\"752\" height=\"376\" srcset=\"https:\/\/wncri.org\/fr\/wp-content\/uploads\/2020\/11\/Elham-Samimi-detained-min.jpg 750w, https:\/\/wncri.org\/fr\/wp-content\/uploads\/2020\/11\/Elham-Samimi-detained-min-300x150.jpg 300w, https:\/\/wncri.org\/fr\/wp-content\/uploads\/2020\/11\/Elham-Samimi-detained-min-360x180.jpg 360w\" sizes=\"(max-width: 752px) 100vw, 752px\" \/><\/noscript><figcaption>Elham Samimi, \u00e9tudiante en anthropologie \u00e0 l&#8217;universit\u00e9 de T\u00e9h\u00e9ran<\/figcaption><\/figure><\/div>\n\n\n\n<h3 class=\"wp-block-heading\"><strong>Elham Samimi emprisonn\u00e9e<\/strong><strong><\/strong><\/h3>\n\n\n\n<p>Le 24 novembre 2020, les forces du minist\u00e8re du renseignement ont arr\u00eat\u00e9 Elham Samimi, \u00e9tudiante en anthropologie \u00e0 l&#8217;universit\u00e9 de T\u00e9h\u00e9ran, et l&#8217;ont envoy\u00e9e en d\u00e9tention.<\/p>\n\n\n\n<p>Le 16 octobre 2020, son domicile a \u00e9t\u00e9 perquisitionn\u00e9 et elle-m\u00eame, convoqu\u00e9e au tribunal.<\/p>\n\n\n\n<p>Elham Samimi avait d\u00e9j\u00e0 \u00e9t\u00e9 interrog\u00e9e dans l&#8217;un des centres de d\u00e9tention des services de renseignement, \u00e0 la prison d&#8217;Evine, ainsi que dans une maison s\u00e9curis\u00e9e de l&#8217;avenue Labbafinejad \u00e0 T\u00e9h\u00e9ran.<\/p>\n","protected":false},"excerpt":{"rendered":"<p>Bahareh Soleimani et Somayeh Kargar toujours d\u00e9tenues en isolement ; l&#8217;\u00e9tudiante en anthropologie Elham Samimi arr\u00eat\u00e9e et d\u00e9tenue Maintien en d\u00e9tention d&#8217;une infirmi\u00e8re et d&#8217;une philosophe \u00e0 Evine CNRI Femmes &#8211; Bahareh Soleimani est toujours d\u00e9tenue dans la section 209 du minist\u00e8re du Renseignement de la prison d&#8217;Evine \u00e0 T\u00e9h\u00e9ran, pr\u00e8s d&#8217;un mois et demi [&hellip;]<\/p>\n","protected":false},"author":4,"featured_media":12330,"comment_status":"closed","ping_status":"closed","sticky":false,"template":"","format":"standard","meta":{"jnews-multi-image_gallery":[],"jnews_single_post":{"subtitle":"","format":"standard","video":"","gallery":"","source_name":"","source_url":"","via_name":"","via_url":"","override":[{"single_blog_custom":"","sidebar":"","second_sidebar":"","share_position":"","share_float_style":"","post_date_format":"","post_date_format_custom":"","post_reading_time_wpm":"","zoom_button_out_step":"1","zoom_button_in_step":"1","number_popup_post":"1"}],"image_override":[{"single_post_thumbnail_size":"","single_post_gallery_size":""}],"trending_post_position":"","trending_post_label":"","sponsored_post_label":"","sponsored_post_name":"","sponsored_post_url":"","sponsored_post_logo":"","sponsored_post_desc":""},"jnews_primary_category":{"id":""},"jnews_social_meta":[],"jnews_override_counter":{"view_counter_number":"0","share_counter_number":"0","like_counter_number":"0","dislike_counter_number":"0"},"footnotes":""},"categories":[3],"tags":[370,376],"class_list":["post-12328","post","type-post","status-publish","format-standard","has-post-thumbnail","hentry","category-infos-des-femmes","tag-prisonnieres","tag-violence-contre-les-femmes"],"_links":{"self":[{"href":"https:\/\/wncri.org\/fr\/wp-json\/wp\/v2\/posts\/12328","targetHints":{"allow":["GET"]}}],"collection":[{"href":"https:\/\/wncri.org\/fr\/wp-json\/wp\/v2\/posts"}],"about":[{"href":"https:\/\/wncri.org\/fr\/wp-json\/wp\/v2\/types\/post"}],"author":[{"embeddable":true,"href":"https:\/\/wncri.org\/fr\/wp-json\/wp\/v2\/users\/4"}],"replies":[{"embeddable":true,"href":"https:\/\/wncri.org\/fr\/wp-json\/wp\/v2\/comments?post=12328"}],"version-history":[{"count":0,"href":"https:\/\/wncri.org\/fr\/wp-json\/wp\/v2\/posts\/12328\/revisions"}],"wp:featuredmedia":[{"embeddable":true,"href":"https:\/\/wncri.org\/fr\/wp-json\/wp\/v2\/media\/12330"}],"wp:attachment":[{"href":"https:\/\/wncri.org\/fr\/wp-json\/wp\/v2\/media?parent=12328"}],"wp:term":[{"taxonomy":"category","embeddable":true,"href":"https:\/\/wncri.org\/fr\/wp-json\/wp\/v2\/categories?post=12328"},{"taxonomy":"post_tag","embeddable":true,"href":"https:\/\/wncri.org\/fr\/wp-json\/wp\/v2\/tags?post=12328"}],"curies":[{"name":"wp","href":"https:\/\/api.w.org\/{rel}","templated":true}]}}