{"id":12320,"date":"2020-11-27T10:35:00","date_gmt":"2020-11-27T09:35:00","guid":{"rendered":"https:\/\/wncri.org\/fr\/?p=12320"},"modified":"2020-11-28T10:40:36","modified_gmt":"2020-11-28T09:40:36","slug":"massoumeh-asgari-enseignante-a-la-retraite-rappelee-a-la-prison-devine","status":"publish","type":"post","link":"https:\/\/wncri.org\/fr\/2020\/11\/27\/massoumeh-asgari-enseignante-a-la-retraite-rappelee-a-la-prison-devine\/","title":{"rendered":"Massoumeh Asgari, enseignante \u00e0 la retraite, rappel\u00e9e \u00e0 la prison d\u2019Evine"},"content":{"rendered":"\n<p>Massoumeh Asgari, enseignante \u00e0 la retraite, a d\u00fb retourner \u00e0 la prison d&#8217;Evine de T\u00e9h\u00e9ran le 22 novembre 2020, sans pouvoir terminer son traitement m\u00e9dical.<\/p>\n\n\n\n<p>L&#8217;enseignante \u00e0 la retraite Massoumeh Asgari avait obtenu un cong\u00e9 m\u00e9dical apr\u00e8s que le bureau de la m\u00e9decine l\u00e9gale ait reconnu qu&#8217;elle devait suivre un traitement en raison de ses diverses maladies.<\/p>\n\n\n\n<p>Mme Asgari a r\u00e9cemment eu un accident au cours duquel elle s&#8217;est cass\u00e9 la jambe en huit points. Elle ne peut pas marcher seule et utilise un d\u00e9ambulateur.<\/p>\n\n\n\n<p>L&#8217;ordre de revenir \u00e0 Evine lui est donn\u00e9 car son traitement m\u00e9dical n&#8217;est pas termin\u00e9. Elle \u00e9tait cens\u00e9e rester en cong\u00e9 m\u00e9dical pendant un an, mais elle a \u00e9t\u00e9 rappel\u00e9e au quartier des femmes de la prison d&#8217;Evine pour y subir les quatre ann\u00e9es restantes de sa peine.<\/p>\n\n\n\n<p>Les nouvelles de la prison d&#8217;Evine indiquent qu&#8217;au moins sept d\u00e9tenues ont perdu la vie dans cette prison du 21 au 25 novembre \u00e0 cause du Coronavirus.<\/p>\n\n\n\n<p>Sur ordre de la magistrature du r\u00e9gime, l&#8217;Organisation des prisons et le directeur de la prison d&#8217;Evine dissimulent la nouvelle de ces d\u00e9c\u00e8s. Le nombre r\u00e9el de victimes devrait \u00eatre plus \u00e9lev\u00e9.<\/p>\n\n\n\n<p>Massoumeh Asgari est une femme chef de famille et a un fils de 15 ans. Elle a \u00e9t\u00e9 arr\u00eat\u00e9e lors d&#8217;une manifestation d&#8217;enseignants dans les rues de T\u00e9h\u00e9ran le 2 ao\u00fbt 2019 et incarc\u00e9r\u00e9e \u00e0 la terrible <a href=\"https:\/\/wncri.org\/fr\/2020\/04\/20\/regard-sur-la-situation-tragique-a-la-prison-pour-femmes-de-qarchak-en-iran\/\" target=\"_blank\" rel=\"noreferrer noopener\">prison de Qarchak<\/a>.<\/p>\n\n\n\n<p>En d\u00e9cembre 2019, elle a \u00e9t\u00e9 transf\u00e9r\u00e9e au quartier 209 de la prison d&#8217;Evine et d\u00e9tenue pendant <a href=\"https:\/\/wncri.org\/fr\/2019\/05\/20\/les-femmes-en-quete-de-justice-tendances-arbitraires-et-illegales-dans-les-prisons-iraniennes\/\" target=\"_blank\" rel=\"noreferrer noopener\">un mois en isolement<\/a> o\u00f9 elle a \u00e9t\u00e9 interrog\u00e9e.<\/p>\n\n\n\n<p>Le 18 f\u00e9vrier 2020, le tribunal r\u00e9volutionnaire de T\u00e9h\u00e9ran a condamn\u00e9 Mme Asgari \u00e0 cinq ans de prison pour avoir particip\u00e9 \u00e0 une manifestation d&#8217;enseignants.<\/p>\n\n\n\n<p>En 2018, les enseignantes ont particip\u00e9 \u00e0 au moins 581 manifestations et \u00e0 cinq gr\u00e8ves \u00e0 l&#8217;\u00e9chelle nationale.<\/p>\n","protected":false},"excerpt":{"rendered":"<p>Massoumeh Asgari, enseignante \u00e0 la retraite, a d\u00fb retourner \u00e0 la prison d&#8217;Evine de T\u00e9h\u00e9ran le 22 novembre 2020, sans pouvoir terminer son traitement m\u00e9dical. L&#8217;enseignante \u00e0 la retraite Massoumeh Asgari avait obtenu un cong\u00e9 m\u00e9dical apr\u00e8s que le bureau de la m\u00e9decine l\u00e9gale ait reconnu qu&#8217;elle devait suivre un traitement en raison de ses [&hellip;]<\/p>\n","protected":false},"author":4,"featured_media":12321,"comment_status":"closed","ping_status":"closed","sticky":false,"template":"","format":"standard","meta":{"jnews-multi-image_gallery":[],"jnews_single_post":{"subtitle":"","format":"standard","video":"","gallery":"","source_name":"","source_url":"","via_name":"","via_url":"","override":[{"single_blog_custom":"","sidebar":"","second_sidebar":"","share_position":"","share_float_style":"","post_date_format":"","post_date_format_custom":"","post_reading_time_wpm":"","zoom_button_out_step":"1","zoom_button_in_step":"1","number_popup_post":"1"}],"image_override":[{"single_post_thumbnail_size":"","single_post_gallery_size":""}],"trending_post_position":"","trending_post_label":"","sponsored_post_label":"","sponsored_post_name":"","sponsored_post_url":"","sponsored_post_logo":"","sponsored_post_desc":""},"jnews_primary_category":{"id":""},"jnews_social_meta":[],"jnews_override_counter":{"view_counter_number":"0","share_counter_number":"0","like_counter_number":"0","dislike_counter_number":"0"},"footnotes":""},"categories":[3],"tags":[369,370,376],"class_list":["post-12320","post","type-post","status-publish","format-standard","has-post-thumbnail","hentry","category-infos-des-femmes","tag-manifestations","tag-prisonnieres","tag-violence-contre-les-femmes"],"_links":{"self":[{"href":"https:\/\/wncri.org\/fr\/wp-json\/wp\/v2\/posts\/12320","targetHints":{"allow":["GET"]}}],"collection":[{"href":"https:\/\/wncri.org\/fr\/wp-json\/wp\/v2\/posts"}],"about":[{"href":"https:\/\/wncri.org\/fr\/wp-json\/wp\/v2\/types\/post"}],"author":[{"embeddable":true,"href":"https:\/\/wncri.org\/fr\/wp-json\/wp\/v2\/users\/4"}],"replies":[{"embeddable":true,"href":"https:\/\/wncri.org\/fr\/wp-json\/wp\/v2\/comments?post=12320"}],"version-history":[{"count":0,"href":"https:\/\/wncri.org\/fr\/wp-json\/wp\/v2\/posts\/12320\/revisions"}],"wp:featuredmedia":[{"embeddable":true,"href":"https:\/\/wncri.org\/fr\/wp-json\/wp\/v2\/media\/12321"}],"wp:attachment":[{"href":"https:\/\/wncri.org\/fr\/wp-json\/wp\/v2\/media?parent=12320"}],"wp:term":[{"taxonomy":"category","embeddable":true,"href":"https:\/\/wncri.org\/fr\/wp-json\/wp\/v2\/categories?post=12320"},{"taxonomy":"post_tag","embeddable":true,"href":"https:\/\/wncri.org\/fr\/wp-json\/wp\/v2\/tags?post=12320"}],"curies":[{"name":"wp","href":"https:\/\/api.w.org\/{rel}","templated":true}]}}