{"id":1231,"date":"2016-03-17T19:15:29","date_gmt":"2016-03-17T19:15:29","guid":{"rendered":"https:\/\/wncri.org\/frdev\/2016\/03\/17\/rita-suessmuth-president-of-the-german-bundestag\/"},"modified":"2019-08-10T22:46:36","modified_gmt":"2019-08-10T20:46:36","slug":"rita-suessmuth-president-of-the-german-bundestag","status":"publish","type":"post","link":"https:\/\/wncri.org\/fr\/2016\/03\/17\/rita-suessmuth-president-of-the-german-bundestag\/","title":{"rendered":"Rita S\u00fcssmuth Pr\u00e9sidente du Bundestag allemand"},"content":{"rendered":"<p>Rita S\u00fcssmuth, Pr\u00e9sidente du Bundestag allemand (1988-1998)<br \/>\nRemarques lors de la r\u00e9union de la JIF, &#8220;Engagement pour la parit\u00e9 : Les femmes unies contre le fondamentalisme&#8221;<br \/>\n27 f\u00e9vrier 2016 &#8211; Paris<\/p>\n","protected":false},"excerpt":{"rendered":"<p>Rita S\u00fcssmuth, Pr\u00e9sidente du Bundestag allemand (1988-1998) Remarques lors de la r\u00e9union de la JIF, &#8220;Engagement pour la parit\u00e9 : Les femmes unies contre le fondamentalisme&#8221; 27 f\u00e9vrier 2016 &#8211; Paris<\/p>\n","protected":false},"author":1,"featured_media":8254,"comment_status":"open","ping_status":"open","sticky":false,"template":"","format":"video","meta":{"jnews-multi-image_gallery":[],"jnews_single_post":{"source_name":"","source_url":"","via_name":"","via_url":"","override_template":"0","override":[{"template":"1","single_blog_custom":"","parallax":"1","fullscreen":"0","layout":"right-sidebar","sidebar":"default-sidebar","second_sidebar":"default-sidebar","sticky_sidebar":"1","share_position":"top","share_float_style":"share-monocrhome","show_share_counter":"1","show_view_counter":"1","show_featured":"1","show_post_meta":"1","show_post_author":"1","show_post_author_image":"1","show_post_date":"1","post_date_format":"default","post_date_format_custom":"Y\/m\/d","show_post_category":"1","show_post_reading_time":"0","post_reading_time_wpm":"300","show_zoom_button":"0","zoom_button_out_step":"2","zoom_button_in_step":"3","show_post_tag":"1","show_prev_next_post":"1","show_popup_post":"1","number_popup_post":"1","show_author_box":"0","show_post_related":"0","show_inline_post_related":"0"}],"override_image_size":"0","image_override":[{"single_post_thumbnail_size":"crop-500","single_post_gallery_size":"crop-500"}],"trending_post":"0","trending_post_position":"meta","trending_post_label":"Trending"},"jnews_primary_category":{"id":""},"jnews_social_meta":[],"jnews_override_counter":{"override_view_counter":"0","view_counter_number":"0","override_share_counter":"0","share_counter_number":"0","override_like_counter":"0","like_counter_number":"0","override_dislike_counter":"0","dislike_counter_number":"0"},"footnotes":""},"categories":[18],"tags":[],"class_list":["post-1231","post","type-post","status-publish","format-video","has-post-thumbnail","hentry","category-video","post_format-post-format-video"],"_links":{"self":[{"href":"https:\/\/wncri.org\/fr\/wp-json\/wp\/v2\/posts\/1231","targetHints":{"allow":["GET"]}}],"collection":[{"href":"https:\/\/wncri.org\/fr\/wp-json\/wp\/v2\/posts"}],"about":[{"href":"https:\/\/wncri.org\/fr\/wp-json\/wp\/v2\/types\/post"}],"author":[{"embeddable":true,"href":"https:\/\/wncri.org\/fr\/wp-json\/wp\/v2\/users\/1"}],"replies":[{"embeddable":true,"href":"https:\/\/wncri.org\/fr\/wp-json\/wp\/v2\/comments?post=1231"}],"version-history":[{"count":0,"href":"https:\/\/wncri.org\/fr\/wp-json\/wp\/v2\/posts\/1231\/revisions"}],"wp:featuredmedia":[{"embeddable":true,"href":"https:\/\/wncri.org\/fr\/wp-json\/wp\/v2\/media\/8254"}],"wp:attachment":[{"href":"https:\/\/wncri.org\/fr\/wp-json\/wp\/v2\/media?parent=1231"}],"wp:term":[{"taxonomy":"category","embeddable":true,"href":"https:\/\/wncri.org\/fr\/wp-json\/wp\/v2\/categories?post=1231"},{"taxonomy":"post_tag","embeddable":true,"href":"https:\/\/wncri.org\/fr\/wp-json\/wp\/v2\/tags?post=1231"}],"curies":[{"name":"wp","href":"https:\/\/api.w.org\/{rel}","templated":true}]}}