{"id":12258,"date":"2020-11-15T18:04:00","date_gmt":"2020-11-15T17:04:00","guid":{"rendered":"https:\/\/wncri.org\/fr\/?p=12258"},"modified":"2020-11-16T18:13:27","modified_gmt":"2020-11-16T17:13:27","slug":"une-etudiante-militante","status":"publish","type":"post","link":"https:\/\/wncri.org\/fr\/2020\/11\/15\/une-etudiante-militante\/","title":{"rendered":"Une \u00e9tudiante militante condamn\u00e9e pour avoir manifest\u00e9 en novembre 2019"},"content":{"rendered":"\n<p>Une \u00e9tudiante militante condamn\u00e9e pour avoir manifest\u00e9 en novembre 2019<\/p>\n\n\n\n<p>Marjan Es&#8217;haghi, \u00e9tudiante en sciences politiques \u00e0 l&#8217;universit\u00e9 de T\u00e9h\u00e9ran, a \u00e9t\u00e9 condamn\u00e9e \u00e0 un total de cinq ans de prison pour avoir particip\u00e9 aux manifestations de <a href=\"https:\/\/wncri.org\/fr\/2020\/09\/21\/liste-de-femmes-tuees\/\" target=\"_blank\" rel=\"noreferrer noopener\">novembre 2019.<\/a><\/p>\n\n\n\n<p>Le 11 novembre, la section 15 du tribunal r\u00e9volutionnaire de T\u00e9h\u00e9ran a condamn\u00e9 Marjan Es&#8217;haghi \u00e0 un an de prison et \u00e0 quatre ans de prison avec sursis. Marjan Es&#8217;haghi a \u00e9t\u00e9 arr\u00eat\u00e9e apr\u00e8s avoir particip\u00e9 \u00e0 un rassemblement d&#8217;\u00e9tudiants \u00e0 l&#8217;universit\u00e9 de T\u00e9h\u00e9ran le 17 novembre alors qu&#8217;elle quittait le campus.<\/p>\n\n\n\n<p>Des agents des services de renseignements des Gardiens de la R\u00e9volution l&#8217;ont emmen\u00e9e au quartier 2A de la prison d&#8217;Evine, qui est le centre de d\u00e9tention des pasdarans. Le 4 d\u00e9cembre 2019, elle a \u00e9t\u00e9 lib\u00e9r\u00e9e sous caution apr\u00e8s 18 jours d&#8217;interrogatoire, jusqu&#8217;\u00e0 l&#8217;ach\u00e8vement de la proc\u00e9dure l\u00e9gale. Mme Es&#8217;haghi est accus\u00e9e de &#8220;rassemblement et collusion contre la s\u00e9curit\u00e9 nationale&#8221;.<\/p>\n\n\n\n<p>L&#8217;application de peines de prison pour les participants aux manifestations de <a href=\"https:\/\/www.maryam-rajavi.com\/fr\/item\/maryam-radjavi-resistance-anniversaire-grand-soulevement-novembre-2019\" target=\"_blank\" rel=\"noreferrer noopener\">novembre 2019<\/a> fait partie des efforts du r\u00e9gime pour pr\u00e9venir le d\u00e9clenchement de manifestations. Le minist\u00e8re des Renseignements du r\u00e9gime cl\u00e9rical a \u00e9galement lanc\u00e9 une nouvelle vague d&#8217;arrestations au cours de la semaine derni\u00e8re dans diff\u00e9rentes villes d&#8217;Iran, arr\u00eatant d&#8217;anciens prisonniers politiques et convoquant d&#8217;autres personnes \u00e0 se pr\u00e9senter en prison.<\/p>\n\n\n\n<figure class=\"wp-block-image size-large\"><img decoding=\"async\" src=\"data:image\/gif;base64,R0lGODlhAQABAIAAAAAAAP\/\/\/yH5BAEAAAAALAAAAAABAAEAAAIBRAA7\" data-src=\"https:\/\/wncri.org\/fr\/wp-content\/uploads\/2020\/11\/Mehrnoush-Tafian1.jpg\" alt=\"Mehrnoush Tafian\" class=\"wp-image-12260 lazyload\"\/><noscript><img decoding=\"async\" width=\"750\" height=\"375\" src=\"https:\/\/wncri.org\/fr\/wp-content\/uploads\/2020\/11\/Mehrnoush-Tafian1.jpg\" alt=\"Mehrnoush Tafian\" class=\"wp-image-12260 lazyload\" srcset=\"https:\/\/wncri.org\/fr\/wp-content\/uploads\/2020\/11\/Mehrnoush-Tafian1.jpg 750w, https:\/\/wncri.org\/fr\/wp-content\/uploads\/2020\/11\/Mehrnoush-Tafian1-300x150.jpg 300w, https:\/\/wncri.org\/fr\/wp-content\/uploads\/2020\/11\/Mehrnoush-Tafian1-360x180.jpg 360w\" sizes=\"(max-width: 750px) 100vw, 750px\" \/><\/noscript><figcaption>Mehrnoush Tafian<\/figcaption><\/figure>\n\n\n\n<p>Dans une autre mesure contre la libert\u00e9 d&#8217;expression et la libert\u00e9 de la presse, le pouvoir judiciaire du r\u00e9gime a arr\u00eat\u00e9 une journaliste d&#8217;Ahwaz.<\/p>\n\n\n\n<p>Mehrnoush Tafian, mari\u00e9e et m\u00e8re d&#8217;un petit gar\u00e7on, est une journaliste ind\u00e9pendante qui a fait des reportages sur les questions environnementales et les probl\u00e8mes des travailleurs et des habitants des bidonvilles. Certains de ses reportages ont \u00e9t\u00e9 publi\u00e9s dans l&#8217;agence de presse publique Mehr et sur le site Asr-e Jonoub.<\/p>\n\n\n\n<p>Mme Tafian a comparu devant la branche 13 du tribunal r\u00e9volutionnaire d&#8217;Ahvaz le 29 octobre 2020. Comme elle n&#8217;avait pas les moyens de payer sa caution, les forces de s\u00e9curit\u00e9 l&#8217;ont emmen\u00e9e \u00e0 la prison o\u00f9 elle est toujours incarc\u00e9r\u00e9e. Aucune information n&#8217;est disponible sur les raisons de son arrestation et les charges retenues contre elle.<\/p>\n","protected":false},"excerpt":{"rendered":"<p>Une \u00e9tudiante militante condamn\u00e9e pour avoir manifest\u00e9 en novembre 2019 Marjan Es&#8217;haghi, \u00e9tudiante en sciences politiques \u00e0 l&#8217;universit\u00e9 de T\u00e9h\u00e9ran, a \u00e9t\u00e9 condamn\u00e9e \u00e0 un total de cinq ans de prison pour avoir particip\u00e9 aux manifestations de novembre 2019. Le 11 novembre, la section 15 du tribunal r\u00e9volutionnaire de T\u00e9h\u00e9ran a condamn\u00e9 Marjan Es&#8217;haghi \u00e0 [&hellip;]<\/p>\n","protected":false},"author":4,"featured_media":12259,"comment_status":"closed","ping_status":"closed","sticky":false,"template":"","format":"standard","meta":{"jnews-multi-image_gallery":[],"jnews_single_post":{"subtitle":"","format":"standard","video":"","gallery":"","source_name":"","source_url":"","via_name":"","via_url":"","override":[{"single_blog_custom":"","sidebar":"","second_sidebar":"","share_position":"","share_float_style":"","post_date_format":"","post_date_format_custom":"","post_reading_time_wpm":"","zoom_button_out_step":"1","zoom_button_in_step":"1","number_popup_post":"1"}],"image_override":[{"single_post_thumbnail_size":"","single_post_gallery_size":""}],"trending_post_position":"","trending_post_label":"","sponsored_post_label":"","sponsored_post_name":"","sponsored_post_url":"","sponsored_post_logo":"","sponsored_post_desc":""},"jnews_primary_category":{"id":""},"jnews_social_meta":[],"jnews_override_counter":{"view_counter_number":"0","share_counter_number":"0","like_counter_number":"0","dislike_counter_number":"0"},"footnotes":""},"categories":[3],"tags":[370,376],"class_list":["post-12258","post","type-post","status-publish","format-standard","has-post-thumbnail","hentry","category-infos-des-femmes","tag-prisonnieres","tag-violence-contre-les-femmes"],"_links":{"self":[{"href":"https:\/\/wncri.org\/fr\/wp-json\/wp\/v2\/posts\/12258","targetHints":{"allow":["GET"]}}],"collection":[{"href":"https:\/\/wncri.org\/fr\/wp-json\/wp\/v2\/posts"}],"about":[{"href":"https:\/\/wncri.org\/fr\/wp-json\/wp\/v2\/types\/post"}],"author":[{"embeddable":true,"href":"https:\/\/wncri.org\/fr\/wp-json\/wp\/v2\/users\/4"}],"replies":[{"embeddable":true,"href":"https:\/\/wncri.org\/fr\/wp-json\/wp\/v2\/comments?post=12258"}],"version-history":[{"count":0,"href":"https:\/\/wncri.org\/fr\/wp-json\/wp\/v2\/posts\/12258\/revisions"}],"wp:featuredmedia":[{"embeddable":true,"href":"https:\/\/wncri.org\/fr\/wp-json\/wp\/v2\/media\/12259"}],"wp:attachment":[{"href":"https:\/\/wncri.org\/fr\/wp-json\/wp\/v2\/media?parent=12258"}],"wp:term":[{"taxonomy":"category","embeddable":true,"href":"https:\/\/wncri.org\/fr\/wp-json\/wp\/v2\/categories?post=12258"},{"taxonomy":"post_tag","embeddable":true,"href":"https:\/\/wncri.org\/fr\/wp-json\/wp\/v2\/tags?post=12258"}],"curies":[{"name":"wp","href":"https:\/\/api.w.org\/{rel}","templated":true}]}}