{"id":12252,"date":"2020-11-12T17:52:00","date_gmt":"2020-11-12T16:52:00","guid":{"rendered":"https:\/\/wncri.org\/fr\/?p=12252"},"modified":"2020-11-16T17:55:40","modified_gmt":"2020-11-16T16:55:40","slug":"militante-etudiante-soha-mortezai","status":"publish","type":"post","link":"https:\/\/wncri.org\/fr\/2020\/11\/12\/militante-etudiante-soha-mortezai\/","title":{"rendered":"La militante \u00e9tudiante Soha Morteza&#8217;i condamn\u00e9e \u00e0 six ans de prison en Iran"},"content":{"rendered":"\n<p>La section 15 du tribunal r\u00e9volutionnaire de T\u00e9h\u00e9ran a condamn\u00e9 la militante \u00e9tudiante Soha Morteza&#8217;i \u00e0 six ans de prison. Elle est accus\u00e9e d&#8217;&nbsp;\u00ab&nbsp;association et de collusion contre la s\u00e9curit\u00e9 nationale&nbsp;\u00bb.<\/p>\n\n\n\n<p>Les agents du renseignement ont arr\u00eat\u00e9 Soha Morteza\u2019i le 17 novembre 2019, lors du soul\u00e8vement de novembre 2019. Ils l&#8217;ont interrog\u00e9e dans le quartier 2A de la prison d&#8217;Evine et lui ont fix\u00e9 une caution de 500 millions de tomans.<\/p>\n\n\n\n<p>Elle a protest\u00e9 contre cette caution en <a href=\"https:\/\/wncri.org\/fr\/2019\/12\/28\/iran-atena-daemi-en-isolement-soha-mortezai-en-greve-de-la-faim\/\" target=\"_blank\" rel=\"noreferrer noopener\">faisant une gr\u00e8ve de la faim<\/a> car sa famille n&#8217;avait pas les moyens de la payer. Le dixi\u00e8me jour de sa gr\u00e8ve de la faim, les gardiens de la prison l&#8217;ont emmen\u00e9e \u00e0 la prison de Qarchak \u00e0 Varamine. Elle a mis fin \u00e0 sa gr\u00e8ve de la faim au bout de 22 jours, le 12 janvier 2020. Elle a finalement \u00e9t\u00e9 lib\u00e9r\u00e9e provisoirement le 22 janvier 2020, jusqu&#8217;\u00e0 ce que le tribunal ait rendu son verdict d\u00e9finitif et apr\u00e8s avoir d\u00e9pos\u00e9 500 millions de tomans de caution.<\/p>\n\n\n\n<p>Le tribunal s&#8217;\u00e9tait r\u00e9uni le 9 septembre 2020 pour examiner les accusations port\u00e9es contre la militante \u00e9tudiante Soha Morteza&#8217;i. Elle \u00e9tait la secr\u00e9taire du Conseil des \u00e9tudiants de l&#8217;universit\u00e9 de T\u00e9h\u00e9ran.<\/p>\n\n\n\n<p>Elle a \u00e9t\u00e9 priv\u00e9e de la possibilit\u00e9 de poursuivre sa formation pour obtenir un doctorat en sciences politiques et en relations internationales. En octobre 2019, elle a organis\u00e9 un sit-in de 21 jours sur le campus de l&#8217;universit\u00e9 de T\u00e9h\u00e9ran, devant la biblioth\u00e8que centrale.<\/p>\n\n\n\n<p>Les autorit\u00e9s de l&#8217;universit\u00e9 de T\u00e9h\u00e9ran ont fait pression sur la m\u00e8re de Mme Morteza&#8217;i, mena\u00e7ant d&#8217;emmener Soha dans un h\u00f4pital psychiatrique si elle continuait son sit-in.<\/p>\n\n\n\n<p>La militante \u00e9tudiante Soha Morteza&#8217;i, titulaire d&#8217;une ma\u00eetrise en anthropologie, avait \u00e9galement \u00e9t\u00e9 arr\u00eat\u00e9e lors des manifestations de l\u2019hiver 2017-2018.<\/p>\n\n\n\n<p>En f\u00e9vrier 2015, elle avait \u00e9t\u00e9 arr\u00eat\u00e9e avec plusieurs autres \u00e9tudiants militants des universit\u00e9s Amir Kabir et Allameh Tabataba\u2019i \u00e0 T\u00e9h\u00e9ran, et d\u00e9tenue pendant deux mois.<\/p>\n","protected":false},"excerpt":{"rendered":"<p>La section 15 du tribunal r\u00e9volutionnaire de T\u00e9h\u00e9ran a condamn\u00e9 la militante \u00e9tudiante Soha Morteza&#8217;i \u00e0 six ans de prison. Elle est accus\u00e9e d&#8217;&nbsp;\u00ab&nbsp;association et de collusion contre la s\u00e9curit\u00e9 nationale&nbsp;\u00bb. Les agents du renseignement ont arr\u00eat\u00e9 Soha Morteza\u2019i le 17 novembre 2019, lors du soul\u00e8vement de novembre 2019. Ils l&#8217;ont interrog\u00e9e dans le quartier [&hellip;]<\/p>\n","protected":false},"author":4,"featured_media":12253,"comment_status":"closed","ping_status":"closed","sticky":false,"template":"","format":"standard","meta":{"jnews-multi-image_gallery":[],"jnews_single_post":{"subtitle":"","format":"standard","video":"","gallery":"","source_name":"","source_url":"","via_name":"","via_url":"","override":[{"single_blog_custom":"","sidebar":"","second_sidebar":"","share_position":"","share_float_style":"","post_date_format":"","post_date_format_custom":"","post_reading_time_wpm":"","zoom_button_out_step":"1","zoom_button_in_step":"1","number_popup_post":"1"}],"image_override":[{"single_post_thumbnail_size":"","single_post_gallery_size":""}],"trending_post_position":"","trending_post_label":"","sponsored_post_label":"","sponsored_post_name":"","sponsored_post_url":"","sponsored_post_logo":"","sponsored_post_desc":""},"jnews_primary_category":{"id":""},"jnews_social_meta":[],"jnews_override_counter":{"view_counter_number":"0","share_counter_number":"0","like_counter_number":"0","dislike_counter_number":"0"},"footnotes":""},"categories":[3],"tags":[370,376],"class_list":["post-12252","post","type-post","status-publish","format-standard","has-post-thumbnail","hentry","category-infos-des-femmes","tag-prisonnieres","tag-violence-contre-les-femmes"],"_links":{"self":[{"href":"https:\/\/wncri.org\/fr\/wp-json\/wp\/v2\/posts\/12252","targetHints":{"allow":["GET"]}}],"collection":[{"href":"https:\/\/wncri.org\/fr\/wp-json\/wp\/v2\/posts"}],"about":[{"href":"https:\/\/wncri.org\/fr\/wp-json\/wp\/v2\/types\/post"}],"author":[{"embeddable":true,"href":"https:\/\/wncri.org\/fr\/wp-json\/wp\/v2\/users\/4"}],"replies":[{"embeddable":true,"href":"https:\/\/wncri.org\/fr\/wp-json\/wp\/v2\/comments?post=12252"}],"version-history":[{"count":0,"href":"https:\/\/wncri.org\/fr\/wp-json\/wp\/v2\/posts\/12252\/revisions"}],"wp:featuredmedia":[{"embeddable":true,"href":"https:\/\/wncri.org\/fr\/wp-json\/wp\/v2\/media\/12253"}],"wp:attachment":[{"href":"https:\/\/wncri.org\/fr\/wp-json\/wp\/v2\/media?parent=12252"}],"wp:term":[{"taxonomy":"category","embeddable":true,"href":"https:\/\/wncri.org\/fr\/wp-json\/wp\/v2\/categories?post=12252"},{"taxonomy":"post_tag","embeddable":true,"href":"https:\/\/wncri.org\/fr\/wp-json\/wp\/v2\/tags?post=12252"}],"curies":[{"name":"wp","href":"https:\/\/api.w.org\/{rel}","templated":true}]}}