{"id":12235,"date":"2020-11-12T18:40:52","date_gmt":"2020-11-12T17:40:52","guid":{"rendered":"https:\/\/wncri.org\/fr\/?p=12235"},"modified":"2020-11-12T18:40:59","modified_gmt":"2020-11-12T17:40:59","slug":"golnar-samsami","status":"publish","type":"post","link":"https:\/\/wncri.org\/fr\/2020\/11\/12\/golnar-samsami\/","title":{"rendered":"Golnar Samsami"},"content":{"rendered":"\n<p>Golnar Samsami avait 34 ans, et m\u00e8re d\u2019un gar\u00e7on de 8 ans nomm\u00e9 Roham.<\/p>\n\n\n\n<p>Golnar Samsami vivait dans le quartier de Fardis, \u00e0 Karaj, mais travaillait dans la ville de Shahriar o\u00f9 elle \u00e9tait employ\u00e9e m\u00e9dicale du laboratoire priv\u00e9 Aban.<\/p>\n\n\n\n<p>Le dimanche 17 novembre 2019, en raison des manifestations de rue, Golnar a d\u00e9cid\u00e9 de ne pas se rendre au travail avec sa propre voiture. Lorsqu&#8217;elle est arriv\u00e9e au laboratoire, le m\u00e9decin propri\u00e9taire du laboratoire l&#8217;a appel\u00e9e pour lui dire qu&#8217;il fallait fermer.<\/p>\n\n\n\n<p>Golnar et sa coll\u00e8gue ont donc ferm\u00e9 le laboratoire et ont remont\u00e9 la rue pour prendre un taxi et rentrer chez eux.<\/p>\n\n\n\n<p>Alors qu&#8217;elles attendaient sur le c\u00f4t\u00e9 de la rue Vali-Asr \u00e0 Shahriar, un snipper lui a tir\u00e9 une balle dans la t\u00eate d&#8217;un sniper. Golnar est tomb\u00e9 \u00e0 terre, mais est rest\u00e9e en vie.<\/p>\n\n\n\n<p>La balle qui a atteint la t\u00eate de Golnar a apparemment \u00e9t\u00e9 tir\u00e9e depuis le sommet d&#8217;un grand b\u00e2timent surplombant la rue.<\/p>\n\n\n\n<p>Apr\u00e8s avoir appel\u00e9 et inform\u00e9 la famille de Golnar de ce qui lui \u00e9tait arriv\u00e9, sa coll\u00e8gue a transf\u00e9r\u00e9 Golnar \u00e0 l&#8217;h\u00f4pital. Dans la salle d&#8217;op\u00e9ration, la balle retir\u00e9e a \u00e9t\u00e9 retir\u00e9e de son cr\u00eane. Mais, au bout d&#8217;une heure, vers 18 heures, elle est morte alors qu&#8217;elle \u00e9tait aux soins intensifs \u00e0 l&#8217;h\u00f4pital Imam Sajjad.<\/p>\n\n\n\n<p>Son corps a \u00e9t\u00e9 remis \u00e0 sa famille apr\u00e8s plusieurs jours de menaces, de harc\u00e8lement et d&#8217;obstructions de la part des autorit\u00e9s.<\/p>\n\n\n\n<p>Le nombre de personnes tu\u00e9es lors du soul\u00e8vement iranien d\u00e9passe les <a href=\"https:\/\/wncri.org\/fr\/2019\/12\/23\/1500-personnes-dont-400-femmes-tuees-dans-le-soulevement-en-iran-reuters\/\" target=\"_blank\" rel=\"noreferrer noopener\">1500<\/a>, ce qui est une estimation prudente. A pr\u00e9sent, le r\u00e9gime confirme le meurtre d&#8217;environ <a href=\"https:\/\/wncri.org\/fr\/2020\/09\/21\/liste-de-femmes-tuees\/\" target=\"_blank\" rel=\"noreferrer noopener\">400 femmes<\/a> lors des manifestations, et de 17 adolescents.<\/p>\n","protected":false},"excerpt":{"rendered":"<p>Golnar Samsami avait 34 ans, et m\u00e8re d\u2019un gar\u00e7on de 8 ans nomm\u00e9 Roham. Golnar Samsami vivait dans le quartier de Fardis, \u00e0 Karaj, mais travaillait dans la ville de Shahriar o\u00f9 elle \u00e9tait employ\u00e9e m\u00e9dicale du laboratoire priv\u00e9 Aban. Le dimanche 17 novembre 2019, en raison des manifestations de rue, Golnar a d\u00e9cid\u00e9 de [&hellip;]<\/p>\n","protected":false},"author":4,"featured_media":12236,"comment_status":"closed","ping_status":"closed","sticky":false,"template":"","format":"standard","meta":{"jnews-multi-image_gallery":[],"jnews_single_post":{"subtitle":"","format":"standard","video":"","gallery":"","source_name":"","source_url":"","via_name":"","via_url":"","override":[{"single_blog_custom":"","sidebar":"","second_sidebar":"","share_position":"","share_float_style":"","post_date_format":"","post_date_format_custom":"","post_reading_time_wpm":"","zoom_button_out_step":"1","zoom_button_in_step":"1","number_popup_post":"1"}],"image_override":[{"single_post_thumbnail_size":"","single_post_gallery_size":""}],"trending_post_position":"","trending_post_label":"","sponsored_post_label":"","sponsored_post_name":"","sponsored_post_url":"","sponsored_post_logo":"","sponsored_post_desc":""},"jnews_primary_category":{"id":""},"jnews_social_meta":[],"jnews_override_counter":{"view_counter_number":"0","share_counter_number":"0","like_counter_number":"0","dislike_counter_number":"0"},"footnotes":""},"categories":[25],"tags":[369,376],"class_list":["post-12235","post","type-post","status-publish","format-standard","has-post-thumbnail","hentry","category-tombees-pour-la-liberte","tag-manifestations","tag-violence-contre-les-femmes"],"_links":{"self":[{"href":"https:\/\/wncri.org\/fr\/wp-json\/wp\/v2\/posts\/12235","targetHints":{"allow":["GET"]}}],"collection":[{"href":"https:\/\/wncri.org\/fr\/wp-json\/wp\/v2\/posts"}],"about":[{"href":"https:\/\/wncri.org\/fr\/wp-json\/wp\/v2\/types\/post"}],"author":[{"embeddable":true,"href":"https:\/\/wncri.org\/fr\/wp-json\/wp\/v2\/users\/4"}],"replies":[{"embeddable":true,"href":"https:\/\/wncri.org\/fr\/wp-json\/wp\/v2\/comments?post=12235"}],"version-history":[{"count":0,"href":"https:\/\/wncri.org\/fr\/wp-json\/wp\/v2\/posts\/12235\/revisions"}],"wp:featuredmedia":[{"embeddable":true,"href":"https:\/\/wncri.org\/fr\/wp-json\/wp\/v2\/media\/12236"}],"wp:attachment":[{"href":"https:\/\/wncri.org\/fr\/wp-json\/wp\/v2\/media?parent=12235"}],"wp:term":[{"taxonomy":"category","embeddable":true,"href":"https:\/\/wncri.org\/fr\/wp-json\/wp\/v2\/categories?post=12235"},{"taxonomy":"post_tag","embeddable":true,"href":"https:\/\/wncri.org\/fr\/wp-json\/wp\/v2\/tags?post=12235"}],"curies":[{"name":"wp","href":"https:\/\/api.w.org\/{rel}","templated":true}]}}